{"id":298585,"date":"2025-12-20T21:57:20","date_gmt":"2025-12-20T21:57:20","guid":{"rendered":"https:\/\/www.europesays.com\/es\/298585\/"},"modified":"2025-12-20T21:57:20","modified_gmt":"2025-12-20T21:57:20","slug":"un-te-verde-por-el-sahara-y-un-vinho-verde-por-portugal","status":"publish","type":"post","link":"https:\/\/www.europesays.com\/es\/298585\/","title":{"rendered":"un t\u00e9 verde por el S\u00e1hara y un vinho verde por Portugal"},"content":{"rendered":"<p class=\"article-text\">\n        No hab\u00eda que ir al otro lado del Atl\u00e1ntico ni de cualquier frontera para que Carlos Cano abrazara cualquier causa justa. En Andaluc\u00eda, se encontr\u00f3 con unos viejos rebeldes, los jornaleros, y con el Sindicato de Obreros del Campo, a cuyas reivindicaciones se sum\u00f3, de la mano de Diamantino Garc\u00eda, aquel cura gigante, o de Diego Ca\u00f1amero, o del ecopacifista Paco Casero, que llev\u00f3 algunos ejemplares de \u201cCr\u00f3nicas granadinas\u201d a Libia: \u201cTuve el placer, el honor de conocer a Carlos sobre mediado de los setenta, desde el primer momento se cre\u00f3 entre nosotros cari\u00f1o, necesidad de compartir compromiso y\u00a0amistad\u2026 que siempre la llev\u00e9 de forma orgullosa, la fomentamos desde la cultura y la lucha jornalera por la dignidad de nuestra gente de pueblo, una posici\u00f3n como sociedad civil por considerar que era clave en la lucha por Andaluc\u00eda\u201d.\n    <\/p>\n<p>    <a href=\"https:\/\/www.eldiario.es\/andalucia\/4-de-diciembre\/carlos-cano-rebelde-sonaba-canciones_132_3221884.html\" data-mrf-recirculation=\"saber-mas\" data-dl-event=\"saber-mas\" rel=\"nofollow noopener\" target=\"_blank\"><\/p>\n<p class=\"know-more__title\">Carlos Cano: el rebelde que so\u00f1aba canciones<\/p>\n<p>            <img decoding=\"async\" class=\"lazy\" loading=\"lazy\" data-src=\"https:\/\/static.eldiario.es\/clip\/26584253-697f-4002-8aa4-cb2154a0143a_16-9-aspect-ratio_default_0.jpg\" src=\"data:image\/svg+xml,%3Csvg xmlns=\" http:=\"\" viewbox=\"0 0 880 495\" alt=\"Carlos Cano: el rebelde que so\u00f1aba canciones\"\/><\/p>\n<p>                        <\/a><\/p>\n<p class=\"article-text\">\n        Con otro sacerdote, Jos\u00e9 Chamizo de la Rubia, que ser\u00eda luego Defensor del Pueblo en Andaluc\u00eda, le llev\u00f3 al principiar los 90 a conocer a otras madres, no tan distintas de las de Plaza de Mayo. En esta ocasi\u00f3n, se trataba de las Madres de los Pa\u00f1uelos Verdes, que tambi\u00e9n sal\u00edan a las calles del Campo de Gibraltar para preguntar d\u00f3nde estaban sus hijos, desaparecidos bajo otra dictadura, la de la hero\u00edna: \u201cRecuerdo que yo hab\u00eda quedado con Carmen Romero, que entonces era diputada por C\u00e1diz y quer\u00eda conocerlas\u201d, refiere Chamizo.\n    <\/p>\n<p class=\"article-text\">\n        \u201cElla hab\u00eda coincidido con Carlos en un acto en Madrid y le pidi\u00f3 que le acompa\u00f1ara a saludarlas. Nos vimos en el aula prefabricada de un colegio. Las madres, luchadoras como pocas, se mostraron sorprendidas y agradecidas por la presencia de Carlos Cano, a quien todas admiraban.\u00a0\u00c9l estaba profundamente emocionado, especialmente al o\u00edr algunas de sus historias y como viv\u00edan sus hijos, presos como consecuencia de sus drogodependencias. Y Carlos, indignado, exclam\u00f3: \u201d\u00a1Carmen, esto no puede ser!\u201c. Ella se comprometi\u00f3 a intervenir a trav\u00e9s de instituciones penitenciarias por la situaci\u00f3n de los presos adictos. Y lo hizo\u201d.\n    <\/p>\n<p>    Un vaso de t\u00e9 verde<\/p>\n<p class=\"article-text\">\n        Desde all\u00ed, en d\u00edas de levante, se contempla a menudo la costa africana y Marruecos, a cuya ciudad de Marrakech dedic\u00f3 una canci\u00f3n inspirada en Eva S\u00e1nchez, pero tambi\u00e9n cerr\u00f3 filas con la causa saharaui, como recuerda\u00a0Fernando Pieraita, a partir de su respaldo a la Fundaci\u00f3n Al Hayat: \u201cLa relaci\u00f3n de Carlos Cano con el pueblo saharaui fue una manifestaci\u00f3n de su compromiso con la justicia y los derechos humanos. A trav\u00e9s de su m\u00fasica, sus acciones y su activismo, dej\u00f3 un legado de solidaridad que contin\u00faa siendo recordado y celebrado\u201d.\n    <\/p>\n<blockquote class=\"quote\">\n<p class=\"quote-text\">\u00abAdquiri\u00f3 el cortijo La Rehoya, en la Alpujarra granadina, para acoger a menores saharauis afectados por la guerra, insistiendo en que no se trataba de un gesto de caridad, sino de una acci\u00f3n\u00bb <\/p>\n<\/blockquote>\n<p class=\"article-text\">\n        \u201cEn 1992, como presidente de la Fundaci\u00f3n Al Hayat, adquiri\u00f3 el cortijo La Rehoya, en la Alpujarra granadina, para acoger a menores saharauis afectados por la guerra, insistiendo en que no se trataba de un gesto de caridad, sino de una acci\u00f3n \u201dpor razones de vida, por la dignidad y los derechos humanos\u201c. Apadrin\u00f3 el primer Festival de Cultura y Artes Populares del Ministerio de Cultura saharaui y dedic\u00f3 al S\u00e1hara una de sus canciones m\u00e1s recordadas, Un vaso de t\u00e9 verde. Tras su fallecimiento en 2000, su compromiso fue reconocido en numerosos actos, como el homenaje p\u00f3stumo celebrado durante la 27\u00aa Conferencia Europea de Apoyo al Pueblo Saharaui en Sevilla (2001). Hoy, su voz y su mensaje resuenan en el desierto del S\u00e1hara como s\u00edmbolo de fraternidad, resistencia y esperanza\u201d.\n    <\/p>\n<p class=\"article-text\">\n        En efecto, el 19 de enero de 1996 Carlos Cano canta Un vaso de t\u00e9 verde, dedicado al pueblo saharaui, en \u00abEl programa de Carlos Herrera\u201c, y en dicho programa el cantautor granadino les defini\u00f3 as\u00ed: \u00abUn pueblo de gente guap\u00edsima, que tienen mucha felicidad a pesar de la dureza de vida que llevan, los oyes hablar espa\u00f1ol y hablan andaluz todav\u00eda, una gente encantadora con los ojos como noche\u2026\u00bb\n    <\/p>\n<p class=\"article-text\">\n        \u00abUn pueblo que habla de sue\u00f1os, estrellas y esperanza, capaz de enhebrar una ra\u00edz en la arena y que salgan palmeras hermos\u00edsimas, de seres humanos, de felicidad, de b\u00fasqueda de sue\u00f1os, de cari\u00f1o, de que la gente te quiera y de amor a la tierra\u00bb.\n    <\/p>\n<p class=\"article-text\">\n        El pueblo saharaui ha rendido homenaje a Carlos Cano con la presencia de su hija Amaranta en la XIX edici\u00f3n de ARTifariti, el 28 de octubre de 2025 y en este homenaje el sabio y humanista Ahmed Fadel \u201cEl Rubio\u201d record\u00f3 la importancia de escuchar las canciones de Carlos Cano durante los a\u00f1os de lucha en el frente, cuando los guerrilleros saharauis se encontraban haciendo guardia entre las operaciones militares contra el ej\u00e9rcito marroqu\u00ed.\n    <\/p>\n<blockquote class=\"quote\">\n<p class=\"quote-text\">\u00abQue me llamaran en primavera para hacerle un homenaje en los campos de refugiados del S\u00e1hara, es de las cosas m\u00e1s hermosas que he podido vivir\u00bb, dice su hija Amaranta<\/p>\n<\/blockquote>\n<p class=\"article-text\">\n        \u201cSu defensa de los derechos humanos, est\u00e1 supervigente\u201d, afirma Amaranta Cano: \u201cQue me llamaran en primavera para hacerle un homenaje en los campos de refugiados del S\u00e1hara es de las cosas m\u00e1s hermosas que he podido vivir. Son regalos que me han dejado esa vigencia. En los campamentos, es superquerido, lo siguen escuchando en la radio, estuve con sabios, con poetas, que lo escuchaban cuando estaban en la guerrilla, todav\u00eda veinticinco a\u00f1os despu\u00e9s. La Granada Abierta se la dimos este a\u00f1o a la Plataforma palestina. En nombre de su memoria, sigue habiendo una relaci\u00f3n con los derechos humanos y con la solidaridad\u201d.\n    <\/p>\n<p>    Mar\u00eda la Portuguesa y el vinho verde<\/p>\n<p class=\"article-text\">\n        Carlos Cano cre\u00eda que el Fado era un tango a 45 revoluciones por minuto. Y que \u00e9l, en gran medida, era un periodista con guitarra. As\u00ed que una noticia de prensa le llev\u00f3 a Mar\u00eda la Portuguesa, que lleg\u00f3 a grabar con Amalia Rodrigues, un himno al amor frente a la muerte y a los sue\u00f1os contra todo tipo de fronteras.\n    <\/p>\n<p class=\"article-text\">\n        \u00c9l volver\u00eda a cruzar otras veces el Guadiana, para frecuentar en Lisboa \u2013tambi\u00e9n lo hizo en Lanzarote\u2014 a su vieja amiga Pilar del R\u00edo y a su esposo, Jos\u00e9 Saramago:\u00a0\u201cJose y Carlos estuvieron juntos muchas veces tanto en Lanzarote como en Lisboa \u2013asegura Pilar&#8211;. Una de las veces que vino a ver a Amalia y ella iba a cantar. No pudimos ir al recital porque Jos\u00e9 en aquel momento estaba malito. Pero Carlos estuvo en casa. Hablaron mucho de m\u00fasica. Una vez, en Lanzarote, se llev\u00f3 discos de Jos\u00e9, de m\u00fasica brasile\u00f1a, africana y portuguesa. \u00b4Te prometo que los traigo aqu\u00ed y te los devuelvo. Nunca m\u00e1s supimos de ellos, ja, ja\u2026 Se llevaron bien Jose y \u00e9l. Les gustaba pasear, aunque Jos\u00e9 le aclarase, respecto a la letra de Mar\u00eda la Portuguesa, que en el sur no se toma vinho verde: \u00b4No te dejes llevar por t\u00f3picos que la realidad puede ser m\u00e1s fantasiosa y mejor&#8217;, le recomendaba\u201d.\n    <\/p>\n<p class=\"article-text\">\n        \u201cTambi\u00e9n recuerdo una comida interminable\u201d, recuerda Del R\u00edo: \u201c\u00c9l hablando de Cuba, que iba a hacer un disco con ni\u00f1os, en la que ambos expresaban y ve\u00edan la situaci\u00f3n de Cuba y Latinoam\u00e9rica, de Argentina, de Espa\u00f1a y de Portugal. Tuvieron muchas conversaciones pol\u00edticas. Jos\u00e9 no ten\u00eda sensibilidad andalucista pero si sab\u00eda de la importancia de la pluralidad cultural. Leyeron poemas juntos. Recuerdo que hablamos de realizar un encuentro con Chico Buarque, al que \u00e9l creo que no conoc\u00eda. O un recital, mano a mano, entre Carlos Cano y Carlo do Carmo, pero no se pudo hacer. Se habl\u00f3 muchas veces. Esa fue una frustraci\u00f3n de Jose, porque nos hubiera dado mucha felicidad a los oyentes. Ambos ya han muerto. La pel\u00edcula Maria la Portuguesa est\u00e1 teniendo un \u00e9xito a los dos lados de la raya. Nosotros, como Fundaci\u00f3n, colaboramos y queremos hacer un gran estreno en Lisboa\u201d.\n    <\/p>\n<p class=\"article-text\">\n        Pilar recuerda que cuando viv\u00eda en Sevilla, Carlos sol\u00eda quedarse en casa de Diego de los Santos y ella, con Amparo Rubiales, as\u00ed que coincid\u00edan con frecuencia: \u201cAhora, la familia de Carlos es mi familia\u201d, comenta a prop\u00f3sito de que su hermano \u00c1ngel es la pareja de Amaranta Cano, que esta semana ha sido la maestra de ceremonias del homenaje que, en Granada, ha tributado a su padre la Fundaci\u00f3n Miguel R\u00edos.\n    <\/p>\n<blockquote class=\"quote\">\n<p class=\"quote-text\">Amaranta Cano: \u00abEs muy emocionante sentir a mi padre en esos abrazos\u00bb<\/p>\n<\/blockquote>\n<p class=\"article-text\">\n        A Amaranta le consta que \u201csigue vivo, que sigue siendo muy querido\u201d. \u201cCuando la gente se entera de quien soy, me quieren abrazar y eso es muy emocionante, sentir a mi padre en esos abrazos. Es una persona muy querida, dentro y fuera de Andaluc\u00eda. Cuando he estado trabajando sobre \u00e9l a nivel musical, dentro del mundo de los cantantes, tambi\u00e9n es muy apreciado, aunque sean de estilos diferentes. Su memoria va a seguir viva mientras se escuche su m\u00fasica. Est\u00e1 traspasando generaciones. Ah\u00ed est\u00e1n versiones como Maria la Portuguesa de Dani Mart\u00edn, que la escuchaba de ni\u00f1o en el coche de sus padres. O el trabajo de investigaci\u00f3n de David L\u00f3pez Fr\u00edas, el periodista que sigui\u00f3 el rastro de Mar\u00eda la Portuguesa. Desde el punto de vista institucional, hay muchas cosas por hacer y se est\u00e1 intentando. Hay que reivindicarlo. Seguimos en la lucha, en las trincheras\u201d.\n    <\/p>\n<p>    El recuerdo, como flor de habanera<\/p>\n<p class=\"article-text\">\n        Pablo Cano, el hijo de Carlos y de Eva S\u00e1nchez, ha decidido subirse a escena con una guitarra. Est\u00e1 a punto de salir su primer disco, Flor de habanera, en la que han colaborado un sinf\u00edn de creadores, desde Pasi\u00f3n Vega a Miguel Poveda. Cuando su padre muri\u00f3, \u00e9l apenas ten\u00eda 4 a\u00f1os: \u201cHe intentado reconstruir su recuerdo con familia o con amigos. Para que sean m\u00edos propios. Se me vienen a la memoria, viajes con \u00e9l y con mi madre a C\u00e1diz o a Granada, o jugando con \u00e9l en la casa de Espartinas\u201d.\n    <\/p>\n<p class=\"article-text\">\n        Hace poco, un fan le desbloque\u00f3 otro recuerdo dormido, el de una prueba de sonido en un teatro de Barcelona, cuando ensayaba para la funci\u00f3n del Div\u00e1n del Tamarit. Pero el mayor cord\u00f3n umbilical que le une a su padre es una carta que le dej\u00f3 como legado:\u00a0\u201cLa carta, para m\u00ed, es una conversaci\u00f3n con \u00e9l. Todo el mundo me hablaba del Carlo Cano artista, hombre comprometido, amigo. Del Carlos Cano padre no ten\u00eda nada. Para mi ha sido una conversaci\u00f3n recurrente con \u00e9l y esa carta me ha servido para encontrar respuestas a mis preguntas, una forma de guiarme a lo largo de la vida con sus consejos m\u00e1s all\u00e1 de los que me daba mi madre y la familia\u201d.\n    <\/p>\n<blockquote class=\"quote\">\n<p class=\"quote-text\">Pablo Cano: \u00abHace falta una voz autorizada pues desde que \u00e9l se fue hay pocas o ninguna en Andaluc\u00eda que ponga los puntos sobre las \u00edes, que levante la voz si hace falta\u00bb<\/p>\n<\/blockquote>\n<p class=\"article-text\">\n        \u201cFalta que se hable de mi padre, m\u00e1s homenajes, ya no solo como m\u00fasico sino como hombre comprometido. Hace falta una voz autorizada pues desde que \u00e9l se fue hay pocas o ninguna en Andaluc\u00eda que ponga los puntos sobre las \u00edes, que levante la voz si hace falta. Es un trabajo que se deber\u00eda de hacer. Yo, en la medida de lo posible lo hago. Han pasado 25 a\u00f1os, hay mucha gente que lo tiene muy presente y me hace muy feliz. El trabajo debe ser mayor, por parte del pueblo y de las instituciones\u201d.\n    <\/p>\n<p class=\"article-text\">\n        En su primer disco, Flor de habanera, la sombra de su padre est\u00e1 presente, pero \u00e9l intenta que est\u00e9, como le gustar\u00eda a Carlos, su propia luz:\u00a0\u201cEl disco nace de la carta, de los referentes compartidos, de los amigos suyos que ahora son amigos m\u00edos, de la gente en com\u00fan, de las ra\u00edces. Tenemos que agarrarnos a nuestras convicciones, ser buenas personas pero sin dejarnos ningunear, tener presente el andalucismo. Est\u00e1 marcado por su forma de ver la vida, de batallar y de luchar. Es una forma tambi\u00e9n de recordarle\u201d.\n    <\/p>\n<p>    \u201cSoltaba chispas energ\u00e9ticas\u201d<\/p>\n<p class=\"article-text\">\n        Tambi\u00e9n Paloma Cano, con Amaranta, las dos hijas que tuvo con Alicia S\u00e1nchez, recientemente fallecida, intenta rememorar al padre, aunque ella pudo disfrutar de \u00e9l hasta el umbral de los veintipocos: \u201cTengo recuerdos de mucha admiraci\u00f3n por \u00e9l, de ir por la calle, con \u00e9l y ver como la gente se paraba, que los ni\u00f1os se sorprendieran al verlo, aunque no le conocieran. Ten\u00eda una potencia, en s\u00ed mismo, aunque no supieras qui\u00e9n era. Soltaba chispas energ\u00e9ticas alrededor, impresionaba mucho. A\u00f1oro esas conversaciones con \u00e9l, estar con \u00e9l, era un tipo incre\u00edble. Una persona excepcional, que se fue superjoven, con 54 a\u00f1os, y que no la pude disfrutar m\u00e1s. Era un ser \u00fanico, la verdad. Se me ca\u00eda la baba. Ese trato, esa mala foll\u00e1 maravillosa que ten\u00eda, ese amor con mala foll\u00e1, ese humor negro, esa iron\u00eda\u201d, comenta Paloma.\n    <\/p>\n<p class=\"article-text\">\n        Sus recuerdos, as\u00ed lo dicen, son como un jarr\u00f3n japon\u00e9s roto, al que arreglan las grietas con oro: \u201cAlgo siento as\u00ed, hay recuerdos que se mete ese oro dentro y lo que antes pensaba ya no lo pienso de esa forma y en otras partes, hay m\u00e1s oro todav\u00eda\u201d.\n    <\/p>\n<p class=\"article-text\">\n        Para ella, el recuerdo de su padre va indisolublemente unido al de su madre, Alicia S\u00e1nchez, a la que define como \u201cla aorta central de nuestras vidas, incluso la suya, que la salv\u00f3\u201d.\n    <\/p>\n<p class=\"article-text\">\n        \u201cTodo el tema de los valores que nos han inculcado entre ambos, siguen en mi: la familia, el amor, cuando estaba tanto tiempo fuera, volv\u00eda a casa, daba igual el d\u00eda o la hora, nos sacaban del colegio para estar juntos, para irnos a comer juntos, para compartir familia. Mi padre cocinaba maravillosamente bien. Cuando falleci\u00f3, encontramos algunos platos en el congelador. Lo descongelamos o le ponemos un marco. Se descongel\u00f3, se comi\u00f3 y se hizo lo que se ten\u00eda que hacer. Ese arte suyo lo pon\u00eda en cualquier lado, en una guitarra o en una sart\u00e9n\u201d.\n    <\/p>\n<p class=\"article-text\">\n        Recuerda cuando se encerraba a componer en su cuarto y cuando les ofrec\u00eda en primicia sus grabaciones: \u201cCuando nos puso la de Verig\u00fcel Fandango, yo me meaba de risa: \u00b4Pap\u00e1, \u00bfesto que es?, \u00a1Esa guitarra el\u00e9ctrica\u2026 Cuando me dicen tu padre es un cantante de copla, yo digo: t\u00fa no sabes quien es mi padre. Trasciende a todo, al blues, al jazz, a la m\u00fasica marroqu\u00ed, a las nubas, era un gran estudioso\u201d.\n    <\/p>\n<blockquote class=\"quote\">\n<p class=\"quote-text\">Paloma Cano: \u00abEs incre\u00edble que, antes, la gente de izquierda y derecha hablaban, se iban a comer juntos. Ahora, parece que van con la escopeta cargada, andan de por medio las fakes news, la mentira\u2026 A mi padre no le hubiera gustado nada todo esto\u00bb<\/p>\n<\/blockquote>\n<p class=\"article-text\">\n        Cuando muri\u00f3, ella ten\u00eda 21 a\u00f1os y tuvo tiempo de acompa\u00f1arle como vendedora de merchandising: \u201cTengo una espina clavada, la de no haber podido tener una conversaci\u00f3n m\u00e1s adulta con \u00e9l\u201d.\n    <\/p>\n<p class=\"article-text\">\n        \u201cMi padre, al igual que han dicho ahora de\u00a0Robe, que se ha muerto el \u00faltimo fil\u00f3sofo y gran poeta de Extremadura. Mi padre fue el gran fil\u00f3sofo y gran poeta de Andaluc\u00eda. Hablaba de una manera tan bonita, tan tierna, tan coherente, que era algo excepcional. Es incre\u00edble que, antes, la gente de izquierda y derecha hablaban, se iban a comer juntos. Ahora, parece que van con la escopeta cargada, andan de por medio las fakes news, la mentira\u2026 A mi padre no le hubiera gustado nada todo esto. Que en esa situaci\u00f3n se pudiera conversar aunque discutieran, sin tanta agresividad ni odio como hoy en d\u00eda, me admira. El no hubiera comprendido lo de hoy\u201d.\n    <\/p>\n<p class=\"article-text\">\n        Le lastima que Andaluc\u00eda o que la Junta no difundan este tipo de personalidades: \u201cMe parece incre\u00edble que en Andaluc\u00eda los pol\u00edticos de turno no reconozcan a sus figuras como lo son. Quiz\u00e1 en otros pa\u00edses ser\u00edan la hostia, la leche. Esta tierra, as\u00ed, nunca va a tirar n\u00e1 palante. \u00a0Esa medalla a t\u00edtulo p\u00f3stumo, qu\u00e9 pena, \u00bfno? Esas medallas al trabajo, a nivel estatal, nacional, de lo que sea, que tambi\u00e9n se dan a t\u00edtulo p\u00f3stumo, no la tiene. Sigue siendo una persona muy olvidada\u201d.\n    <\/p>\n<p>    <a href=\"https:\/\/www.eldiario.es\/andalucia\/lacajanegra\/andalucia-25-anos-despues-carlos-cano-i_1_12857728.html\" data-mrf-recirculation=\"saber-mas-abajo\" data-dl-event=\"saber-mas-abajo\" rel=\"nofollow noopener\" target=\"_blank\"><\/p>\n<p class=\"know-more__title\">Andaluc\u00eda, 25 a\u00f1os despu\u00e9s de Carlos Cano (I)\n<\/p>\n<p>            <img decoding=\"async\" class=\"lazy\" loading=\"lazy\" data-src=\"https:\/\/static.eldiario.es\/clip\/dd6bebb9-7fd3-4feb-9ccf-60b3db54d5ce_16-9-aspect-ratio_default_0.jpg\" src=\"data:image\/svg+xml,%3Csvg xmlns=\" http:=\"\" viewbox=\"0 0 880 495\" alt=\"Andaluc\u00eda, 25 a\u00f1os despu\u00e9s de Carlos Cano (I)\"\/><\/p>\n<p>                        <\/a><\/p>\n<p class=\"article-text\">\n        Ella sabe que nunca se va a estudiar a Carlos Cano en los colegios pero que, al menos, en Granada, la gente que compone temas sociales, las de Granada Abierta, Abril para Vivir o, ahora, la Fundaci\u00f3n Miguel R\u00edos, si le recuerdan: \u201cHoy creo que echo de menos a un Carlos Cano en una entrevista de radio con ese acento andaluz suyo, reivindicando a Palestina, las causas justas, con su amigo Paco Casero, con Diego de los Santos, con gente que le quiso tanto\u2026 una entrevista tela de bonita en la que pudi\u00e9ramos entrar hasta sus hijos para decirle \u201dPap\u00e1, qu\u00e9 orgullosos nos sentimos de ti, qu\u00e9 bien\u00a0lo est\u00e1s haciendo\u201c.\n    <\/p>\n","protected":false},"excerpt":{"rendered":"No hab\u00eda que ir al otro lado del Atl\u00e1ntico ni de cualquier frontera para que Carlos Cano abrazara&hellip;\n","protected":false},"author":2,"featured_media":298586,"comment_status":"","ping_status":"","sticky":false,"template":"","format":"standard","meta":{"footnotes":""},"categories":[91],"tags":[1705,259,2760,3854,146,147,25,24,494,1667,3855,10,1925,1171,23],"class_list":{"0":"post-298585","1":"post","2":"type-post","3":"status-publish","4":"format-standard","5":"has-post-thumbnail","7":"category-entretenimiento","8":"tag-analisis","9":"tag-andalucia","10":"tag-cordoba","11":"tag-eldiario-es","12":"tag-entertainment","13":"tag-entretenimiento","14":"tag-es","15":"tag-espana","16":"tag-granada","17":"tag-informacion","18":"tag-malaga","19":"tag-noticias","20":"tag-opinion","21":"tag-sevilla","22":"tag-spain"},"share_on_mastodon":{"url":"https:\/\/pubeurope.com\/@es\/115754136486906084","error":""},"_links":{"self":[{"href":"https:\/\/www.europesays.com\/es\/wp-json\/wp\/v2\/posts\/298585","targetHints":{"allow":["GET"]}}],"collection":[{"href":"https:\/\/www.europesays.com\/es\/wp-json\/wp\/v2\/posts"}],"about":[{"href":"https:\/\/www.europesays.com\/es\/wp-json\/wp\/v2\/types\/post"}],"author":[{"embeddable":true,"href":"https:\/\/www.europesays.com\/es\/wp-json\/wp\/v2\/users\/2"}],"replies":[{"embeddable":true,"href":"https:\/\/www.europesays.com\/es\/wp-json\/wp\/v2\/comments?post=298585"}],"version-history":[{"count":0,"href":"https:\/\/www.europesays.com\/es\/wp-json\/wp\/v2\/posts\/298585\/revisions"}],"wp:featuredmedia":[{"embeddable":true,"href":"https:\/\/www.europesays.com\/es\/wp-json\/wp\/v2\/media\/298586"}],"wp:attachment":[{"href":"https:\/\/www.europesays.com\/es\/wp-json\/wp\/v2\/media?parent=298585"}],"wp:term":[{"taxonomy":"category","embeddable":true,"href":"https:\/\/www.europesays.com\/es\/wp-json\/wp\/v2\/categories?post=298585"},{"taxonomy":"post_tag","embeddable":true,"href":"https:\/\/www.europesays.com\/es\/wp-json\/wp\/v2\/tags?post=298585"}],"curies":[{"name":"wp","href":"https:\/\/api.w.org\/{rel}","templated":true}]}}