{"id":298593,"date":"2025-12-20T22:06:39","date_gmt":"2025-12-20T22:06:39","guid":{"rendered":"https:\/\/www.europesays.com\/es\/298593\/"},"modified":"2025-12-20T22:06:39","modified_gmt":"2025-12-20T22:06:39","slug":"los-migrantes-desalojados-por-albiol-se-instalan-en-un-campamento-improvisado-bajo-un-puente-en-una-autopista","status":"publish","type":"post","link":"https:\/\/www.europesays.com\/es\/298593\/","title":{"rendered":"Los migrantes desalojados por Albiol se instalan en un campamento improvisado bajo un puente en una autopista"},"content":{"rendered":"<p class=\"article-text\">\n        Los desalojados del antiguo Instituto B9 de Badalona han acampado bajo la salida 210 de la C-31 en Badalona, en pleno barrio de Sant Roc, donde han pasado la noche <a href=\"https:\/\/www.eldiario.es\/catalunya\/guardia-urbana-badalona-echa-migrantes-plaza-habian-acampado-desalojados_1_12858427.html\" target=\"_blank\" data-mrf-recirculation=\"links-noticia\" class=\"link\" rel=\"nofollow noopener\">despu\u00e9s de que la Guardia Urbana impidiera este viernes que instalaran tiendas en la plaza situada frente al edificio. <\/a>\n    <\/p>\n<p>    <a href=\"https:\/\/www.eldiario.es\/catalunya\/migrantes-albiol-echado-hoy-dormire-calle-badalona-no-desaparecer_1_12853887.html\" data-mrf-recirculation=\"saber-mas\" data-dl-event=\"saber-mas\" rel=\"nofollow noopener\" target=\"_blank\"><\/p>\n<p class=\"know-more__title\">Los migrantes a los que Albiol ha echado: \u00abHoy dormir\u00e9 en la calle de Badalona, porque no voy a desaparecer\u00bb<\/p>\n<p>            <img decoding=\"async\" class=\"lazy\" loading=\"lazy\" data-src=\"https:\/\/static.eldiario.es\/clip\/067519d7-1966-4d43-a592-0648062f25c1_16-9-aspect-ratio_default_0.jpg\" src=\"data:image\/svg+xml,%3Csvg xmlns=\" http:=\"\" viewbox=\"0 0 880 495\" alt=\"Los migrantes a los que Albiol ha echado: &quot;Hoy dormir\u00e9 en la calle de Badalona, porque no voy a desaparecer&quot;\"\/><\/p>\n<p>                        <\/a><\/p>\n<p class=\"article-text\">\n        En declaraciones a RAC1, el alcalde de Badalona, Xavier Garc\u00eda Albiol, ha anunciado que har\u00e1 desmontar las tiendas. \u201cNo se permite la acampada en nuestra ciudad\u201d, ha afirmado. Ha a\u00f1adido que se tendr\u00e1 \u201cmano izquierda\u201d debido a la lluvia, pero que no quiere que la situaci\u00f3n \u201cse alargue en el tiempo\u201d.\n    <\/p>\n<p class=\"article-text\">\n        Entidades sociales que dan apoyo al colectivo buscaron el viernes ubicaciones alternativas ante la amenaza de lluvia y concluyeron que este era el lugar m\u00e1s adecuado para darles cobijo.\n    <\/p>\n<p class=\"article-text\">\n        En este punto bajo la autopista hay decenas de tiendas instaladas, donde los desalojados se han refugiado durante la noche y contin\u00faan este s\u00e1bado por la ma\u00f1ana, resguardados de la lluvia. Tras el desalojo del antiguo instituto B9 este mi\u00e9rcoles a primera hora de la ma\u00f1ana, esta ha sido la tercera noche que los desalojados han pasado a la intemperie.\n    <\/p>\n<p class=\"article-text\">\n        \u201cEstamos trabajando para que la normalidad vuelva a la zona y la normativa no permite la acampada en la ciudad\u201d, ha querido dejar claro Albiol, que ha respondido directamente a las cr\u00edticas de \u201cracismo institucional\u201d y falta de apoyo a los desalojados del B9. \u201c\u00bfLo que tiene que hacer el ayuntamiento es dar una vivienda o pagar una pensi\u00f3n a 400 personas que ocupaban ilegalmente un inmueble? \u00bfEs eso?\u201d, se ha preguntado en voz alta el alcalde de Badalona.\n    <\/p>\n<p>    Cr\u00edtica a los relatores de la ONU: \u201cDebe de ser una broma\u201d<\/p>\n<p class=\"article-text\">\n        \u201c\u00bfY si llegan 400 m\u00e1s, tambi\u00e9n lo tenemos que hacer? Quienes hacen estos planteamientos s\u00ed que utilizan a estas personas\u201d, ha espetado Albiol, que ha sentenciado que \u201cno se puede acoger absolutamente a todo el mundo\u201d. \u201cLos recursos materiales y econ\u00f3micos son finitos y no se estiran como un chicle\u201d, ha recalcado el alcalde de Badalona, que ha recordado que los 400 migrantes ocupaban \u201cilegalmente\u201d el antiguo instituto B9.\n    <\/p>\n<p class=\"article-text\">\n        En paralelo, Albiol ha criticado a los dos relatores de la ONU que han condenado el desalojo del B9 y han alertado de que puede ser una \u201cgrave violaci\u00f3n\u201d de los derechos humanos. \u201cDebe de ser una broma. Para empezar, no han pedido la opini\u00f3n del Ayuntamiento de Badalona, y mucho menos de su alcalde\u201d, ha lamentado el regidor.\n    <\/p>\n<blockquote class=\"twitter-tweet\" data-lang=\"es\"><p><a href=\"https:\/\/twitter.com\/X\/status\/2002313101610545605?ref_src=twsrc%5Etfw\" rel=\"nofollow noopener\" target=\"_blank\"><\/p><\/blockquote>\n<p class=\"article-text\">\n        \u201cY segundo, \u00bfla ocupaci\u00f3n ilegal es un delito y yo lo tengo que aceptar? \u00bfPor una cuesti\u00f3n de derechos humanos? \u00bfGente que lleva dos a\u00f1os haciendo la vida imposible a los vecinos de la zona?\u201d, ha cuestionado reiteradamente Albiol, que ha detallado que unas 30-40 personas del B9 s\u00ed estaban controladas y atendidas por los Servicios Sociales de Badalona.\n    <\/p>\n<p class=\"article-text\">\n        \u201cY el d\u00eda del desalojo hab\u00eda dentro una unidad con diez trabajadores de Servicios Sociales para atender a todas las personas. Solo una cincuentena se acercaron\u201d, ha afirmado Albiol, que ha insistido en que el espacio del antiguo instituto B9 es necesario para construir una comisar\u00eda entre los barrios de Sant Roc y El Remei. \u201cSe trata de una zona con un problema de desestructuraci\u00f3n social, con muchas viviendas con la luz pinchada. Hay que ponerle soluci\u00f3n\u201d, ha concluido el alcalde de Badalona.\n    <\/p>\n<p>    La Generalitat y un grupo de entidades dar\u00e1n cobijo a los desalojados<\/p>\n<p class=\"article-text\">\n        La Generalitat y un grupo de entidades han alcanzado este s\u00e1bado un acuerdo para dar cobijo temporal a las cerca de 400 personas desalojadas del B9, han informado a EFE fuentes del Departamento de Derechos Sociales e Inclusi\u00f3n.\n    <\/p>\n<p class=\"article-text\">\n        \u201cSe trata de un dispositivo de emergencia debido a las condiciones clim\u00e1ticas adversas, situado en Badalona, y que funcionar\u00e1 como servicio de pernocta, de 20:00 de la noche a 08:00 horas de la ma\u00f1ana, con el apoyo del centro diurno Flore\u201d, seg\u00fan un comunicado emitido por el citado departamento.\n    <\/p>\n<p class=\"article-text\">\n        En este dispositivo participar\u00e1n, adem\u00e1s de la Generalitat, C\u00e1ritas, Cruz Roja, Sant Joan de D\u00e9u Serveis Socials, y la Fundaci\u00f3 Llegat Roca i Pi.\n    <\/p>\n<p class=\"article-text\">\n        Los desalojados pasar\u00e1n la pr\u00f3xima noche en un local cedido por la Iglesia, ubicado en esa ciudad, seg\u00fan ha podido saber EFE.\n    <\/p>\n<p>            <img decoding=\"async\" class=\"lazy\" loading=\"lazy\" data-src=\"https:\/\/static.eldiario.es\/clip\/14b42832-0fe8-4d29-ac22-a4cfe88af2c5_16-9-discover-aspect-ratio_default_0_x1020y231.jpg\" src=\"data:image\/svg+xml,%3Csvg xmlns=\" http:=\"\" viewbox=\"0 0 1200 675\" alt=\"Migrantes desalojados del antiguo instituto B9 de Badalona (Barcelona) por los Mossos d'Esquadra\"\/><\/p>\n<p class=\"article-text\">\n        Las entidades sociales, adicionalmente, han puesto en marcha otros recursos para ayudar a esas personas, medidas que complementan este dispositivo de emergencia, \u201cy se est\u00e1n buscando otros nuevos\u201d, precisa la nota.\n    <\/p>\n<p class=\"article-text\">\n        \u201cEl sinhogarismo -subraya el comunicado- requiere de soluciones estructurales y coordinadas, que han de ir necesariamente m\u00e1s all\u00e1 de la gesti\u00f3n de esta situaci\u00f3n de emergencia\u201d.\n    <\/p>\n<p class=\"article-text\">\n        La nota incide, adem\u00e1s, en que la actuaci\u00f3n de hoy \u201cse suma a otras realizadas por el Departamento de Derechos Sociales e Inclusi\u00f3n con los servicios sociales municipales, que desde el mes de septiembre han mantenido reuniones semanales para colaborar en la b\u00fasqueda de soluciones para las personas m\u00e1s vulnerables, ofreciendo recursos y apoyo t\u00e9cnico\u201d.\n    <\/p>\n<p>    <a href=\"https:\/\/www.eldiario.es\/catalunya\/frente-racismo-unidad-clase_1_12856715.html\" data-mrf-recirculation=\"saber-mas-abajo\" data-dl-event=\"saber-mas-abajo\" rel=\"nofollow noopener\" target=\"_blank\"><\/p>\n<p class=\"know-more__title\">Frente a su racismo, unidad de clase\n<\/p>\n<p>            <img decoding=\"async\" class=\"lazy\" loading=\"lazy\" data-src=\"https:\/\/static.eldiario.es\/clip\/48406310-235e-4c94-84b9-15a647f4da96_16-9-aspect-ratio_default_0.jpg\" src=\"data:image\/svg+xml,%3Csvg xmlns=\" http:=\"\" viewbox=\"0 0 880 495\" alt=\"Frente a su racismo, unidad de clase\"\/><\/p>\n<p>                        <\/a><\/p>\n<p class=\"article-text\">\n        Al acuerdo alcanzado entre el Govern y las entidades se han sumado este s\u00e1bado otras iniciativas para ayudar a los desalojados, entre ellas la cesi\u00f3n de espacio en una sede de la CUP y en otra del sindicato CCOO.\n    <\/p>\n<p>                                    <script async src=\"https:\/\/platform.twitter.com\/widgets.js\" charset=\"utf-8\"><\/script><\/p>\n","protected":false},"excerpt":{"rendered":"Los desalojados del antiguo Instituto B9 de Badalona han acampado bajo la salida 210 de la C-31 en&hellip;\n","protected":false},"author":2,"featured_media":298594,"comment_status":"","ping_status":"","sticky":false,"template":"","format":"standard","meta":{"footnotes":""},"categories":[8],"tags":[517,210,17,18,1980,95,25,24,13,14,11,1982,19,20,9,10,15,16,1981,952,23,12,21,22],"class_list":{"0":"post-298593","1":"post","2":"type-post","3":"status-publish","4":"format-standard","5":"has-post-thumbnail","7":"category-espana","8":"tag-actualidad","9":"tag-barcelona","10":"tag-breaking-news","11":"tag-breakingnews","12":"tag-cataluna","13":"tag-economia","14":"tag-es","15":"tag-espana","16":"tag-featured-news","17":"tag-featurednews","18":"tag-headlines","19":"tag-ignacio-escolar","20":"tag-latest-news","21":"tag-latestnews","22":"tag-news","23":"tag-noticias","24":"tag-noticias-destacadas","25":"tag-noticiasdestacadas","26":"tag-periodismo-independiente","27":"tag-politica","28":"tag-spain","29":"tag-titulares","30":"tag-ultimas-noticias","31":"tag-ultimasnoticias"},"share_on_mastodon":{"url":"https:\/\/pubeurope.com\/@es\/115754171527293243","error":""},"_links":{"self":[{"href":"https:\/\/www.europesays.com\/es\/wp-json\/wp\/v2\/posts\/298593","targetHints":{"allow":["GET"]}}],"collection":[{"href":"https:\/\/www.europesays.com\/es\/wp-json\/wp\/v2\/posts"}],"about":[{"href":"https:\/\/www.europesays.com\/es\/wp-json\/wp\/v2\/types\/post"}],"author":[{"embeddable":true,"href":"https:\/\/www.europesays.com\/es\/wp-json\/wp\/v2\/users\/2"}],"replies":[{"embeddable":true,"href":"https:\/\/www.europesays.com\/es\/wp-json\/wp\/v2\/comments?post=298593"}],"version-history":[{"count":0,"href":"https:\/\/www.europesays.com\/es\/wp-json\/wp\/v2\/posts\/298593\/revisions"}],"wp:featuredmedia":[{"embeddable":true,"href":"https:\/\/www.europesays.com\/es\/wp-json\/wp\/v2\/media\/298594"}],"wp:attachment":[{"href":"https:\/\/www.europesays.com\/es\/wp-json\/wp\/v2\/media?parent=298593"}],"wp:term":[{"taxonomy":"category","embeddable":true,"href":"https:\/\/www.europesays.com\/es\/wp-json\/wp\/v2\/categories?post=298593"},{"taxonomy":"post_tag","embeddable":true,"href":"https:\/\/www.europesays.com\/es\/wp-json\/wp\/v2\/tags?post=298593"}],"curies":[{"name":"wp","href":"https:\/\/api.w.org\/{rel}","templated":true}]}}