{"id":298597,"date":"2025-12-20T22:13:14","date_gmt":"2025-12-20T22:13:14","guid":{"rendered":"https:\/\/www.europesays.com\/es\/298597\/"},"modified":"2025-12-20T22:13:14","modified_gmt":"2025-12-20T22:13:14","slug":"andres-iniesta-ya-tiene-su-equipo-filial-de-ciclismo-el-nuevo-nsn-devo-team","status":"publish","type":"post","link":"https:\/\/www.europesays.com\/es\/298597\/","title":{"rendered":"Andr\u00e9s Iniesta ya tiene su equipo filial de ciclismo, el nuevo NSN Devo Team"},"content":{"rendered":"<p data-gtm-element-container=\"modulo-texto-link\" class=\"paragraph\">Los mejores equipos ciclistas tienen sus estructuras inferiores en las que los m\u00e1s j\u00f3venes tienen que demostrar sus cualidades para seguir progresando, con la esperanza de dar el salto al primer equipo. <a href=\"https:\/\/www.mundodeportivo.com\/ciclismo\/20251209\/1002583886\/nsn-cycling-team-nuevo-equipo-ciclista-espanol-ve-luz-barcelona.html\" rel=\"nofollow noopener\" target=\"_blank\">El pasado 9 de diciembre el nuevo <strong>NSN Cycling Team <\/strong>se presentaba en sociedad en Barcelona y ahora, diez d\u00edas despu\u00e9s, se ha dado a conocer su equipo filial.<\/a><\/p>\n<blockquote class=\"twitter-tweet\" data-lang=\"es\"><p>\n<a href=\"https:\/\/twitter.com\/NSNCyclingTeam\/status\/2001940696643854548\" rel=\"nofollow noopener\" target=\"_blank\">\n<\/p><\/blockquote>\n<p data-gtm-element-container=\"modulo-texto-link\" class=\"paragraph\">El equipo estar\u00e1 formado por 20 corredores para la pr\u00f3xima temporada, reuniendo a<strong> j\u00f3venes talentos emergentes de Europa, Ocean\u00eda, Norteam\u00e9rica y Oriente Medio.<\/strong><\/p>\n<p>        Lee tambi\u00e9n<\/p>\n<p>    Celes Piedrabuena<\/p>\n<p>             <img loading=\"lazy\" decoding=\"async\" data-full-src=\"https:\/\/www.mundodeportivo.com\/uploads\/2025\/12\/18\/6944572411297.png\" alt=\"Matxin, en el bus del equipo\" width=\"334\" height=\"164\" src=\"https:\/\/www.europesays.com\/es\/wp-content\/uploads\/2025\/12\/1766268793_745_6944572411297.png\" class=\"lazy\"\/><\/p>\n<p>        Lee tambi\u00e9n<\/p>\n<p>    Celes Piedrabuena<\/p>\n<p>             <img loading=\"lazy\" decoding=\"async\" data-full-src=\"https:\/\/www.mundodeportivo.com\/uploads\/2025\/12\/17\/6943172693338.jpeg\" alt=\"Chris Froome en su parlamento en M\u00f3naco\" width=\"334\" height=\"164\" src=\"https:\/\/www.europesays.com\/es\/wp-content\/uploads\/2025\/12\/1766194515_227_6943172693338.jpeg\" class=\"lazy\"\/><\/p>\n<p data-gtm-element-container=\"modulo-texto-link\" class=\"paragraph\">Entre sus integrantes, sobresale la presencia del campe\u00f3n nacional brit\u00e1nico j\u00fanior de ciclocross <strong>Oscar Amey<\/strong> (17), el campe\u00f3n canadiense j\u00fanior de ruta<strong> Ben Morin<\/strong> (18), el campe\u00f3n australiano j\u00fanior de contrarreloj <strong>Max Goold <\/strong>(18), el ganador de la Copa de Naciones <strong>Filip Sm\u00f8r\u00e5s<\/strong> (NOR, 18) y el campe\u00f3n polaco sub-23 de ruta <strong>Dawid Lewandowski<\/strong> (19) se encuentran entre los reci\u00e9n llegados, reforzando un equipo que incluye a<strong> Moritz Kretschy<\/strong> (ALE) y <strong>Matar Peretz <\/strong>(ISR), ambos ganadores de carreras en 2025.<\/p>\n<p data-gtm-element-container=\"modulo-texto-link\" class=\"paragraph\">Seis de los 10 ciclistas corrieron con el equipo profesional de NSN esta temporada, y el australiano <strong>Zac Marriage<\/strong> se une al equipo tras una exitosa etapa como &#8216;stagiaire&#8217; de fin de a\u00f1o, escuadra en la que tambi\u00e9n se encuentran los <strong>espa\u00f1oles Enrique Maranch\u00f3n y \u00c1lvaro Garc\u00eda.<\/strong><\/p>\n<p>LOS INTEGRANTES<\/p>\n<p class=\"module-text\">Oscar Amey (GBR)<br \/>Dylan Bibic (CAN)<br \/>Patrick Casey (IRL)<br \/>Roei Edinger (ISR)<br \/>Imry Faingezicht (ISR)<br \/>Alvaro Garcia (ESP)<br \/>Max Goold (AUS)<br \/>Alex Hewes (AUS)<br \/>Moritz Kretschy (ALE)<br \/>Dawid Lewandowski (POL)<br \/>Enrique Maranch\u00f3n (ESP)<br \/>Zac Marriage (AUS)<br \/>Ben Morin (CAN)<br \/>Matar Peretz (ISR)<br \/>Miko Pirinen (FIN)<br \/>Omer Ramon (ISR)<br \/>Filip Sm\u00f8r\u00e5s (NOR)<br \/>Fin Tarling (GBR)<br \/>Jens Verbrugghe (BEL)<br \/>Kiaan Watts (NZL)<\/p>\n<p data-gtm-element-container=\"modulo-texto-link\" class=\"paragraph\"><strong>Tim Elverson, director del equipo NSN Devo<\/strong>, afirmaba tras darse a conocer el equipo: \u00abNuestro equipo es un aut\u00e9ntico trampol\u00edn hacia el World Tour. Al observar a nuestro grupo, ya vemos los roles y estilos de carrera que, una vez desarrollados, pueden llevar a los ciclistas al <strong>NSN WorldTeam<\/strong>. Ya hemos logrado que ciclistas asciendan a puestos clave al m\u00e1s alto nivel, y ese camino sigue siendo fundamental para nosotros\u00bb.<\/p>\n<p data-gtm-element-container=\"modulo-texto-link\" class=\"paragraph\">El <strong>NSN Cycling Team<\/strong>, que se ha hecho con la licencia World Tour, la m\u00e1xima divisi\u00f3n del ciclismo, del antiguo <strong>Israel-Premier Tech<\/strong>, correr\u00e1 la pr\u00f3xima temporada bajo bandera suiza y el <strong>exfutbolista del Bar\u00e7a Andr\u00e9s Iniesta<\/strong>, que compartir\u00e1 la propiedad del equipo junto con el<strong> fondo de inversi\u00f3n catal\u00e1n-suizo Stoneweg.<\/strong><\/p>\n<p><script async src=\"https:\/\/platform.twitter.com\/widgets.js\" charset=\"utf-8\"><\/script><\/p>\n","protected":false},"excerpt":{"rendered":"Los mejores equipos ciclistas tienen sus estructuras inferiores en las que los m\u00e1s j\u00f3venes tienen que demostrar sus&hellip;\n","protected":false},"author":2,"featured_media":298598,"comment_status":"","ping_status":"","sticky":false,"template":"","format":"standard","meta":{"footnotes":""},"categories":[273],"tags":[313,312,168,25,24,23,167],"class_list":{"0":"post-298597","1":"post","2":"type-post","3":"status-publish","4":"format-standard","5":"has-post-thumbnail","7":"category-ciclismo","8":"tag-ciclismo","9":"tag-cycling","10":"tag-deportes","11":"tag-es","12":"tag-espana","13":"tag-spain","14":"tag-sports"},"share_on_mastodon":{"url":"https:\/\/pubeurope.com\/@es\/115754199704166674","error":""},"_links":{"self":[{"href":"https:\/\/www.europesays.com\/es\/wp-json\/wp\/v2\/posts\/298597","targetHints":{"allow":["GET"]}}],"collection":[{"href":"https:\/\/www.europesays.com\/es\/wp-json\/wp\/v2\/posts"}],"about":[{"href":"https:\/\/www.europesays.com\/es\/wp-json\/wp\/v2\/types\/post"}],"author":[{"embeddable":true,"href":"https:\/\/www.europesays.com\/es\/wp-json\/wp\/v2\/users\/2"}],"replies":[{"embeddable":true,"href":"https:\/\/www.europesays.com\/es\/wp-json\/wp\/v2\/comments?post=298597"}],"version-history":[{"count":0,"href":"https:\/\/www.europesays.com\/es\/wp-json\/wp\/v2\/posts\/298597\/revisions"}],"wp:featuredmedia":[{"embeddable":true,"href":"https:\/\/www.europesays.com\/es\/wp-json\/wp\/v2\/media\/298598"}],"wp:attachment":[{"href":"https:\/\/www.europesays.com\/es\/wp-json\/wp\/v2\/media?parent=298597"}],"wp:term":[{"taxonomy":"category","embeddable":true,"href":"https:\/\/www.europesays.com\/es\/wp-json\/wp\/v2\/categories?post=298597"},{"taxonomy":"post_tag","embeddable":true,"href":"https:\/\/www.europesays.com\/es\/wp-json\/wp\/v2\/tags?post=298597"}],"curies":[{"name":"wp","href":"https:\/\/api.w.org\/{rel}","templated":true}]}}