{"id":298648,"date":"2025-12-20T22:51:09","date_gmt":"2025-12-20T22:51:09","guid":{"rendered":"https:\/\/www.europesays.com\/es\/298648\/"},"modified":"2025-12-20T22:51:09","modified_gmt":"2025-12-20T22:51:09","slug":"ee-uu-egipto-catar-y-turquia-avanzan-en-la-segunda-fase-del-plan-de-paz-en-gaza","status":"publish","type":"post","link":"https:\/\/www.europesays.com\/es\/298648\/","title":{"rendered":"EE UU, Egipto, Catar y Turqu\u00eda avanzan en la segunda fase del plan de paz en Gaza"},"content":{"rendered":"<p>Estados Unidos, Egipto, Catar y Turqu\u00eda avanzaron ayer en la segunda fase del plan de paz en Gaza y apostaron por diversas <b>medidas de integraci\u00f3n regional<\/b>, seg\u00fan indic\u00f3 este s\u00e1bado el<b> enviado especial de EE UU para Oriente Medio, <\/b>Steve Witkoff.<\/p>\n<p>Witkoff apunt\u00f3 en su perfil de X que en el encuentro, que tuvo lugar en Miami, se examin\u00f3 la aplicaci\u00f3n de la primera fase del alto el fuego, que \u00abha producido avances\u00bb como la <b>ampliaci\u00f3n de la ayuda humanitaria<\/b> o la devoluci\u00f3n de los cad\u00e1veres de los rehenes.<\/p>\n<p>En las discusiones sobre la segunda fase los pa\u00edses hicieron hincapi\u00e9, entre otras cosas, en la necesidad de habilitar un \u00f3rgano de gobierno en Gaza \u00abbajo una autoridad gazat\u00ed unificada\u00bb con el fin de proteger a los civiles y mantener el orden p\u00fablico, anot\u00f3 Witkoff.<\/p>\n<p>Del mismo modo, los pa\u00edses analizaron medidas de integraci\u00f3n regional como la facilitaci\u00f3n del comercio, el desarrollo de infraestructura o la <b>cooperaci\u00f3n en materia de energ\u00eda, agua y otros recursos compartidos. <\/b>Como recoge EFE, estos elementos se consideraron \u00abesenciales para la recuperaci\u00f3n de Gaza, la estabilidad regional y la prosperidad a largo plazo\u00bb.<\/p>\n<p>Avances en la segunda fase<\/p>\n<p>En la reuni\u00f3n estuvieron presentes el primer ministro y ministro de Relaciones Exteriores de Catar, <b>Sheikh Mohammed bin Abdulrahman bin Jassim Al Thani;<\/b> el ministro de Exteriores turco, <b>Hakan Fidan,<\/b> y el ministro de Exteriores egipcio, <b>Badr Abdelatty. <\/b>Los pa\u00edses expresaron adem\u00e1s su apoyo al establecimiento de la Junta de Paz como administraci\u00f3n de transici\u00f3n para las \u00e1reas civil, de seguridad y de reconstrucci\u00f3n de Gaza.<\/p>\n<p>Del mismo modo, reafirmaron su \u00abpleno compromiso\u00bb con el plan de paz del presidente estadounidense, Donald Trump, e instaron a las partes del conflicto a cumplir con sus obligaciones. Seg\u00fan anot\u00f3 Witkoff, en las pr\u00f3ximas semanas se mantendr\u00e1n m\u00e1s consultas para avanzar en <b>la implementaci\u00f3n de la segunda fase.<\/b><\/p>\n<p>Aunque el alto el fuego en Gaza entr\u00f3 en vigor el pasado 10 de octubre, los ataques israel\u00edes no han cesado por completo y <a title=\"sus drones siguen sobrevolando la franja\" href=\"https:\/\/www.larazon.es\/internacional\/asia\/cinco-muertos-ellos-ninos-ataque-ejercito-israeli-escuela-gaza_202512206946697cea66eb735319895a.html\" target=\"_blank\" rel=\"nofollow noopener\">sus drones siguen sobrevolando la franja<\/a> mientras las tropas disparan a quienes considera que se acercan demasiado. Seg\u00fan el ministerio de Sanidad de Gaza m\u00e1s de 400 palestinos han sido asesinados desde el inicio de la tregua.<\/p>\n<p>La primera etapa del acuerdo, alcanzado con la mediaci\u00f3n de EE UU y otros pa\u00edses, inclu\u00eda el cese de las hostilidades, la liberaci\u00f3n de todos los rehenes por parte de Ham\u00e1s y de los prisioneros palestinos por Israel y la entrada de ayuda humanitaria. Mientras, la segunda fase del acuerdo recoge la retirada total de las tropas israel\u00edes, el desarme de las milicias palestinas, la reconstrucci\u00f3n de Gaza y la creaci\u00f3n de un Gobierno de transici\u00f3n. Uno de los principales impedimentos que pone Israel es que todav\u00eda le falta recibir el cuerpo del \u00faltimo reh\u00e9n israel\u00ed.<\/p>\n","protected":false},"excerpt":{"rendered":"Estados Unidos, Egipto, Catar y Turqu\u00eda avanzaron ayer en la segunda fase del plan de paz en Gaza&hellip;\n","protected":false},"author":2,"featured_media":298649,"comment_status":"","ping_status":"","sticky":false,"template":"","format":"standard","meta":{"footnotes":""},"categories":[42],"tags":[17,18,13,14,11,61,62,63,64,19,20,9,10,15,16,12,21,22,65,66,67],"class_list":{"0":"post-298648","1":"post","2":"type-post","3":"status-publish","4":"format-standard","5":"has-post-thumbnail","7":"category-internacional","8":"tag-breaking-news","9":"tag-breakingnews","10":"tag-featured-news","11":"tag-featurednews","12":"tag-headlines","13":"tag-internacional","14":"tag-international","15":"tag-international-news","16":"tag-internationalnews","17":"tag-latest-news","18":"tag-latestnews","19":"tag-news","20":"tag-noticias","21":"tag-noticias-destacadas","22":"tag-noticiasdestacadas","23":"tag-titulares","24":"tag-ultimas-noticias","25":"tag-ultimasnoticias","26":"tag-world","27":"tag-world-news","28":"tag-worldnews"},"share_on_mastodon":{"url":"https:\/\/pubeurope.com\/@es\/115754348640402435","error":""},"_links":{"self":[{"href":"https:\/\/www.europesays.com\/es\/wp-json\/wp\/v2\/posts\/298648","targetHints":{"allow":["GET"]}}],"collection":[{"href":"https:\/\/www.europesays.com\/es\/wp-json\/wp\/v2\/posts"}],"about":[{"href":"https:\/\/www.europesays.com\/es\/wp-json\/wp\/v2\/types\/post"}],"author":[{"embeddable":true,"href":"https:\/\/www.europesays.com\/es\/wp-json\/wp\/v2\/users\/2"}],"replies":[{"embeddable":true,"href":"https:\/\/www.europesays.com\/es\/wp-json\/wp\/v2\/comments?post=298648"}],"version-history":[{"count":0,"href":"https:\/\/www.europesays.com\/es\/wp-json\/wp\/v2\/posts\/298648\/revisions"}],"wp:featuredmedia":[{"embeddable":true,"href":"https:\/\/www.europesays.com\/es\/wp-json\/wp\/v2\/media\/298649"}],"wp:attachment":[{"href":"https:\/\/www.europesays.com\/es\/wp-json\/wp\/v2\/media?parent=298648"}],"wp:term":[{"taxonomy":"category","embeddable":true,"href":"https:\/\/www.europesays.com\/es\/wp-json\/wp\/v2\/categories?post=298648"},{"taxonomy":"post_tag","embeddable":true,"href":"https:\/\/www.europesays.com\/es\/wp-json\/wp\/v2\/tags?post=298648"}],"curies":[{"name":"wp","href":"https:\/\/api.w.org\/{rel}","templated":true}]}}