{"id":298663,"date":"2025-12-20T23:06:11","date_gmt":"2025-12-20T23:06:11","guid":{"rendered":"https:\/\/www.europesays.com\/es\/298663\/"},"modified":"2025-12-20T23:06:11","modified_gmt":"2025-12-20T23:06:11","slug":"la-convivencia-con-ellos-ha-sido-muy-facil","status":"publish","type":"post","link":"https:\/\/www.europesays.com\/es\/298663\/","title":{"rendered":"La convivencia con ellos ha sido muy f\u00e1cil"},"content":{"rendered":"<p class=\"c-paragraph\">Tres meses despu\u00e9s de abrirse las puertas de la Academia, ha sido <b>Cristina la que ha logrado hacerse con la victoria de OT 2025.<\/b> Tras la gran final celebrada el pasado lunes, <b>Noem\u00ed Galera ha hecho balance<\/b> <b>de la temporada<\/b> y ha dado detalles de c\u00f3mo lo ha vivido ella para <a href=\"https:\/\/www.eldiario.es\/vertele\/entrevistas\/noemi-galera-evalua-ot-2025-reafirma-futuro-directora-academia-encanta-programa_1_12859083.html\" rel=\"nofollow noreferrer noopener\" title=\"Noem\u00ed Galera eval\u00faa &#039;OT 2025&#039; y reafirma su futuro como directora de la Academia: \u201cA m\u00ed me encanta hacer este programa\u201d\" target=\"_blank\">VerTele<\/a>.\u00a0<\/p>\n<p class=\"c-paragraph\">La directora de la Academia <b>ha valorado esta temporada<\/b> con respecto a las anteriores.<b> \u00abTodas las ediciones son diferentes<\/b> porque las personitas que est\u00e1n dentro son distintas. Y cada generaci\u00f3n es diferente tambi\u00e9n. <b>Mi valoraci\u00f3n es muy positiva.<\/b> A nivel musical son extraordinarios y la convivencia con ellos ha sido muy f\u00e1cil. En general, <b>estoy muy contenta\u00bb<\/b>, ha desvelado.\u00a0<\/p>\n<p class=\"c-paragraph\">Galera ha confesado que <b>no le ha costado conectar con los triunfitos<\/b> de esta \u00faltima edici\u00f3n del reality musical y ha asegurado que en ning\u00fan momento ha dudado del casting. \u00abCuando giras por toda Espa\u00f1a para ver a 11.500 personas <b>quieres lo mejor, y sin duda creo que son los mejores<\/b>. Otra cosa es c\u00f3mo luego funcionen y c\u00f3mo el p\u00fablico lo vea. Eso ya no depende de m\u00ed\u00bb, ha aclarado para el medio digital.\u00a0<\/p>\n<p class=\"c-paragraph\">Sobre si el hecho de que\u00a0esta generaci\u00f3n est\u00e9 <b>tan preparada musicalmente les hace conectar menos<\/b> con el p\u00fablico, Noem\u00ed Galera lo tiene claro: \u00abPuedes venir con una preparaci\u00f3n de la hostia, pero <b>s\u00fabete ah\u00ed y hazlo<\/b>, aguanta semana a semana con un jurado que te dice hasta el m\u00ednimo fallo, encerrado con 15 personas con las que no has elegido vivir y sabiendo que te est\u00e1n grabando todo el rato. <b>Por muy preparado que est\u00e9s musicalmente, es complicado\u00bb.\u00a0<\/b><\/p>\n<p class=\"c-paragraph\">La directora de la Academia de Operaci\u00f3n Triunfo ha asegurado que <b>\u00abes agotador\u00bb <\/b>llegar al final de la edici\u00f3n. \u00abLlevo desde el 12 de septiembre sin tener un d\u00eda de fiesta. <b>Llevo 91 d\u00edas as\u00ed:<\/b> llego a mi casa, me acuesto, y cuando me levanto vuelvo a aqu\u00ed\u00bb, ha comentado.\u00a0<\/p>\n<p class=\"c-paragraph\">Aun as\u00ed, Noem\u00ed Galera tiene claro que quiere seguir al frente de la Academia.<b> \u00abA m\u00ed me encanta hacer este programa. <\/b>Y si cuentan con Manu y conmigo, lo haremos encantad\u00edsimos\u00bb, ha expresado.\u00a0<\/p>\n","protected":false},"excerpt":{"rendered":"Tres meses despu\u00e9s de abrirse las puertas de la Academia, ha sido Cristina la que ha logrado hacerse&hellip;\n","protected":false},"author":2,"featured_media":179531,"comment_status":"","ping_status":"","sticky":false,"template":"","format":"standard","meta":{"footnotes":""},"categories":[171],"tags":[197,146,147,25,24,33686,21440,10867,221,23,214],"class_list":{"0":"post-298663","1":"post","2":"type-post","3":"status-publish","4":"format-standard","5":"has-post-thumbnail","7":"category-tv","8":"tag-balance","9":"tag-entertainment","10":"tag-entretenimiento","11":"tag-es","12":"tag-espana","13":"tag-galera","14":"tag-hace","15":"tag-noemi","16":"tag-ot","17":"tag-spain","18":"tag-tv"},"share_on_mastodon":{"url":"https:\/\/pubeurope.com\/@es\/115754407268755618","error":""},"_links":{"self":[{"href":"https:\/\/www.europesays.com\/es\/wp-json\/wp\/v2\/posts\/298663","targetHints":{"allow":["GET"]}}],"collection":[{"href":"https:\/\/www.europesays.com\/es\/wp-json\/wp\/v2\/posts"}],"about":[{"href":"https:\/\/www.europesays.com\/es\/wp-json\/wp\/v2\/types\/post"}],"author":[{"embeddable":true,"href":"https:\/\/www.europesays.com\/es\/wp-json\/wp\/v2\/users\/2"}],"replies":[{"embeddable":true,"href":"https:\/\/www.europesays.com\/es\/wp-json\/wp\/v2\/comments?post=298663"}],"version-history":[{"count":0,"href":"https:\/\/www.europesays.com\/es\/wp-json\/wp\/v2\/posts\/298663\/revisions"}],"wp:featuredmedia":[{"embeddable":true,"href":"https:\/\/www.europesays.com\/es\/wp-json\/wp\/v2\/media\/179531"}],"wp:attachment":[{"href":"https:\/\/www.europesays.com\/es\/wp-json\/wp\/v2\/media?parent=298663"}],"wp:term":[{"taxonomy":"category","embeddable":true,"href":"https:\/\/www.europesays.com\/es\/wp-json\/wp\/v2\/categories?post=298663"},{"taxonomy":"post_tag","embeddable":true,"href":"https:\/\/www.europesays.com\/es\/wp-json\/wp\/v2\/tags?post=298663"}],"curies":[{"name":"wp","href":"https:\/\/api.w.org\/{rel}","templated":true}]}}