{"id":298676,"date":"2025-12-20T23:14:11","date_gmt":"2025-12-20T23:14:11","guid":{"rendered":"https:\/\/www.europesays.com\/es\/298676\/"},"modified":"2025-12-20T23:14:11","modified_gmt":"2025-12-20T23:14:11","slug":"lideres-del-mercosur-enfrentados-por-presion-a-venezuela-dw-20-12-2025","status":"publish","type":"post","link":"https:\/\/www.europesays.com\/es\/298676\/","title":{"rendered":"L\u00edderes del Mercosur enfrentados por presi\u00f3n a Venezuela \u2013 DW \u2013 20\/12\/2025"},"content":{"rendered":"<p>El presidente brasile\u00f1o, <a class=\"internal-link\" href=\"https:\/\/www.dw.com\/es\/da-silva-luiz-in\u00e1cio-lula\/t-37389505\" rel=\"nofollow noopener\" target=\"_blank\">Luiz In\u00e1cio Lula da Silva<\/a>, advirti\u00f3 este s\u00e1bado (20.12.2025) en la <a class=\"internal-link\" href=\"https:\/\/www.dw.com\/es\/arranca-la-cumbre-del-mercosur-en-foz-de-iguaz\u00fa\/a-75253180\" rel=\"nofollow noopener\" target=\"_blank\">Cumbre del Mercosur<\/a> que una posible intervenci\u00f3n militar en Venezuela ser\u00eda una cat\u00e1strofe humanitaria y crear\u00eda un grave precedente para toda Sudam\u00e9rica.<\/p>\n<p>\u00abCuatro d\u00e9cadas despu\u00e9s de la Guerra de las Malvinas, el continente vuelve a ser amenazado por la presencia militar de una potencia\u00bb, afirm\u00f3 el l\u00edder progresista en referencia al <a class=\"internal-link\" href=\"https:\/\/www.dw.com\/es\/maduro-denuncia-ante-guterres-escalada-de-amenazas-de-trump\/a-75210285\" rel=\"nofollow noopener\" target=\"_blank\">cerco aeronaval tendido de Estados Unidos en el Caribe frente a las costas de Venezuela<\/a>.<\/p>\n<p>El mandatario brasile\u00f1o agreg\u00f3 que una posible intervenci\u00f3n armada en Venezuela, como con la que amenaza el presidente de Estados Unidos, <a class=\"internal-link\" href=\"https:\/\/www.dw.com\/es\/donald-trump\/t-19445010\" rel=\"nofollow noopener\" target=\"_blank\">Donald Trump<\/a>, \u00abser\u00eda una cat\u00e1strofe humanitaria\u00bb.<\/p>\n<p>Lula, que se ha propuesto como mediador entre ambos pa\u00edses y ha mantenido conversaciones telef\u00f3nicas tanto con Trump como con el venezolano Nicol\u00e1s Maduro, afirm\u00f3 que en el mundo actual parece m\u00e1s f\u00e1cil construir muros que puentes. \u00abLas verdaderas amenazas a nuestra soberan\u00eda son de otra naturaleza. Son las guerras, las fuerzas antidemocr\u00e1ticas y el crimen organizado\u00bb, dijo.<\/p>\n<p>Milei insta a secundar\u00a0presi\u00f3n militar<\/p>\n<p>En la reuni\u00f3n del Mercosur, sin embargo, se registraron posiciones contrarias con respecto a <a class=\"internal-link\" href=\"https:\/\/www.dw.com\/es\/venezuela\/t-17410652\" rel=\"nofollow noopener\" target=\"_blank\">Venezuela<\/a>, ya que Brasil se neg\u00f3 a aprobar el viernes una resoluci\u00f3n ministerial propuesta por Argentina y Paraguay para condenar las violaciones a los derechos humanos en el pa\u00eds vecino y las amenazas a la democracia.<\/p>\n<p>El presidente argentino, <a class=\"internal-link\" href=\"https:\/\/www.dw.com\/es\/milei-javier\/t-67510223\" rel=\"nofollow noopener\" target=\"_blank\">Javier Milei<\/a>, inst\u00f3 a sus socios comerciales a secundar la <a class=\"internal-link\" href=\"https:\/\/www.dw.com\/es\/trump-anuncia-operaciones-por-tierra-en-venezuela\/a-74933205\" rel=\"nofollow noopener\" target=\"_blank\">presi\u00f3n militar que Estados Unidos ejerce contra Venezuela<\/a> y a condenar al Gobierno de Nicol\u00e1s Maduro.<\/p>\n<p>\u00abLa Argentina saluda la presi\u00f3n de los Estados Unidos y Donald Trump para liberar al pueblo venezolano. El tiempo de tener un acercamiento t\u00edmido en esta materia se ha agotado. Instamos adem\u00e1s a todos los dem\u00e1s integrantes del bloque a secundar esta posici\u00f3n y condenar tajantemente a este experimento autoritario\u00bb, dijo Milei en un discurso en la Cumbre del <a class=\"internal-link\" href=\"https:\/\/www.dw.com\/es\/mercosur\/t-17409369\" rel=\"nofollow noopener\" target=\"_blank\">Mercosur<\/a>, seg\u00fan un comunicado de la Presidencia argentina.<\/p>\n<p>Con estas declaraciones, Milei reiter\u00f3 su apoyo al gran despliegue naval realizado desde septiembre pasado por Estados Unidos en aguas del Caribe.<\/p>\n<p>El discurso de Milei se opone frontalmente a la visi\u00f3n de su hom\u00f3logo brasile\u00f1o, Luiz In\u00e1cio Lula da Silva, anfitri\u00f3n de la cumbre.<\/p>\n<p>(mn\/efe, afp)<\/p>\n<p>\u00a0<\/p>\n","protected":false},"excerpt":{"rendered":"El presidente brasile\u00f1o, Luiz In\u00e1cio Lula da Silva, advirti\u00f3 este s\u00e1bado (20.12.2025) en la Cumbre del Mercosur que&hellip;\n","protected":false},"author":2,"featured_media":298677,"comment_status":"","ping_status":"","sticky":false,"template":"","format":"standard","meta":{"footnotes":""},"categories":[42],"tags":[17,18,13,14,11,61,62,63,64,19,20,9,10,15,16,12,21,22,65,66,67],"class_list":{"0":"post-298676","1":"post","2":"type-post","3":"status-publish","4":"format-standard","5":"has-post-thumbnail","7":"category-internacional","8":"tag-breaking-news","9":"tag-breakingnews","10":"tag-featured-news","11":"tag-featurednews","12":"tag-headlines","13":"tag-internacional","14":"tag-international","15":"tag-international-news","16":"tag-internationalnews","17":"tag-latest-news","18":"tag-latestnews","19":"tag-news","20":"tag-noticias","21":"tag-noticias-destacadas","22":"tag-noticiasdestacadas","23":"tag-titulares","24":"tag-ultimas-noticias","25":"tag-ultimasnoticias","26":"tag-world","27":"tag-world-news","28":"tag-worldnews"},"share_on_mastodon":{"url":"https:\/\/pubeurope.com\/@es\/115754438781265951","error":""},"_links":{"self":[{"href":"https:\/\/www.europesays.com\/es\/wp-json\/wp\/v2\/posts\/298676","targetHints":{"allow":["GET"]}}],"collection":[{"href":"https:\/\/www.europesays.com\/es\/wp-json\/wp\/v2\/posts"}],"about":[{"href":"https:\/\/www.europesays.com\/es\/wp-json\/wp\/v2\/types\/post"}],"author":[{"embeddable":true,"href":"https:\/\/www.europesays.com\/es\/wp-json\/wp\/v2\/users\/2"}],"replies":[{"embeddable":true,"href":"https:\/\/www.europesays.com\/es\/wp-json\/wp\/v2\/comments?post=298676"}],"version-history":[{"count":0,"href":"https:\/\/www.europesays.com\/es\/wp-json\/wp\/v2\/posts\/298676\/revisions"}],"wp:featuredmedia":[{"embeddable":true,"href":"https:\/\/www.europesays.com\/es\/wp-json\/wp\/v2\/media\/298677"}],"wp:attachment":[{"href":"https:\/\/www.europesays.com\/es\/wp-json\/wp\/v2\/media?parent=298676"}],"wp:term":[{"taxonomy":"category","embeddable":true,"href":"https:\/\/www.europesays.com\/es\/wp-json\/wp\/v2\/categories?post=298676"},{"taxonomy":"post_tag","embeddable":true,"href":"https:\/\/www.europesays.com\/es\/wp-json\/wp\/v2\/tags?post=298676"}],"curies":[{"name":"wp","href":"https:\/\/api.w.org\/{rel}","templated":true}]}}