{"id":298678,"date":"2025-12-20T23:15:14","date_gmt":"2025-12-20T23:15:14","guid":{"rendered":"https:\/\/www.europesays.com\/es\/298678\/"},"modified":"2025-12-20T23:15:14","modified_gmt":"2025-12-20T23:15:14","slug":"como-seguir-las-elecciones-en-extremadura-en-rtve","status":"publish","type":"post","link":"https:\/\/www.europesays.com\/es\/298678\/","title":{"rendered":"C\u00f3mo seguir las elecciones en Extremadura en RTVE"},"content":{"rendered":"<p>Las <strong>elecciones en Extremadura<\/strong> de este domingo, las primeras separadas del resto de autonom\u00edas y que de forma in\u00e9dita se celebran de forma anticipada, pueden seguirse en directo en <strong>RTVE <\/strong>a trav\u00e9s de sus distintos canales de <strong>tele, radio y digital.<\/strong> Desde primera hora de la ma\u00f1ana, habr\u00e1 informaci\u00f3n actualizada del desarrollo de la votaci\u00f3n, a la que est\u00e1n llamados cerca de 900.000 extreme\u00f1os, con avances de resultados, y para la noche electoral hay preparados especiales informativos en La 1, el Canal 24H, RNE y Radio 5. <\/p>\n<p>El dispositivo para estos comicios, que abrir\u00e1n la puerta a un ciclo electoral en los pr\u00f3ximos meses con elecciones en Arag\u00f3n, Castilla y Le\u00f3n y Andaluc\u00eda, contar\u00e1 adem\u00e1s con un destacado protagonismo de los profesionales del <strong>Centro Territorial de RTVE en Extremadura.<\/strong><\/p>\n<p>Conexiones en directo, avances informativos y resultados en tiempo real<\/p>\n<p>Las <strong>dos ediciones del Telediario Fin de Semana<\/strong> contar\u00e1n<strong> con Marc Sala desde M\u00e9rida y con Lourdes Maldonado desde Torrespa\u00f1a<\/strong>, con especial protagonismo para todo lo que suceda en la jornada electoral. <strong>El Canal 24 horas<\/strong> llevar\u00e1 a cabo desde las 08:00 horas <strong>conexiones en directo<\/strong> con todos los puntos de inter\u00e9s informativo, tanto en Extremadura como en las sedes nacionales de los principales partidos. Adem\u00e1s, a las 09.00 y a las 13:55 horas, habr\u00e1 <strong>avances de participaci\u00f3n<\/strong> en La 1 y el Canal 24 horas, presentados tambi\u00e9n desde M\u00e9rida por Marc Sala.<\/p>\n<p>A las 19:50 horas arrancar\u00e1 el<strong> Especial electoral &#8216;Extremadura decide&#8217; en La 1 y Canal 24 horas.<\/strong> Conducido por<strong> Alejandra Herranz<\/strong> desde el plat\u00f3 de datos de Prado del Rey y por<strong> Pepa Bueno<\/strong>, con la mesa de <strong>analistas <\/strong>desde el Museo Romano de M\u00e9rida. Ofrecer\u00e1n toda la informaci\u00f3n, con conexiones en directo y el an\u00e1lisis de una jornada hist\u00f3rica para los extreme\u00f1os, que ser\u00e1 seguida con mucha atenci\u00f3n desde la pol\u00edtica nacional.<\/p>\n<p>Votaciones de los candidatos y valoraciones pol\u00edticas<\/p>\n<p><strong>Radio Nacional de Espa\u00f1a<\/strong> har\u00e1 un seguimiento puntual de la jornada desde la apertura de los colegios electorales. Los diferentes espacios informativos prestar\u00e1n especial atenci\u00f3n al momento en el que los diferentes candidatos acudan a las urnas.<\/p>\n<p><strong>A partir de las 19:30 horas, Juan Ram\u00f3n Lucas<\/strong> dirigir\u00e1 y presentar\u00e1 un <strong>especial informativo<\/strong> que podr\u00e1 seguirse a trav\u00e9s de <strong>Radio Nacional y Radio 5<\/strong>. Contar\u00e1 en antena el cierre de los colegios electorales; el minuto a minuto del escrutinio; y las principales valoraciones politicas, con el an\u00e1lisis correspondiente que se vaya produciendo a lo largo de la jornada.<\/p>\n<p>Cr\u00f3nicas sobre el terreno, an\u00e1lisis y verificaci\u00f3n<\/p>\n<p>Aden\u00e1s, <strong>RTVE Noticias<\/strong> activar\u00e1 un<strong> amplio dispositivo digital<\/strong> para seguir las elecciones en Extremadura desde primera hora del d\u00eda, con informaci\u00f3n en tiempo real, cr\u00f3nicas sobre el terreno, an\u00e1lisis y datos clave en la web y en la app.<\/p>\n<p>La cobertura se desplegar\u00e1 en las<strong> redes sociales<\/strong> de RTVE Noticias, con un seguimiento continuo en <strong>TikTok, Instagram, Facebook, YouTube y X<\/strong>, donde se compartir\u00e1n im\u00e1genes, momentos informativos y los principales hitos de un 21 de diciembre decisivo. El equipo de <strong>Datos RTVE<\/strong> ofrecer\u00e1 los datos de participaci\u00f3n y el an\u00e1lisis detallado de los resultados. <strong>Paula Guisado<\/strong>, la jefa de Datos RTVE, aportar\u00e1 contexto a los resultados en el programa especial elecciones, mientras que<strong> Verifica RTVE<\/strong> monitorizar\u00e1 la desinformaci\u00f3n que puedan surgir durante la jornada.<\/p>\n<p>A partir del cierre de los colegios, RTVE Noticias publicar\u00e1 las <strong>cr\u00f3nicas de la noche electoral y las claves del escrutinio<\/strong>, con un an\u00e1lisis exhaustivo de la distribuci\u00f3n del voto, calle por calle. <\/p>\n<p>Toda la programaci\u00f3n especial de TVE y RNE podr\u00e1 seguirse en directo a trav\u00e9s de RTVE Play y RNE Audio, reforzando una cobertura digital pensada para acompa\u00f1ar a los ciudadanos en todos sus dispositivos.<\/p>\n","protected":false},"excerpt":{"rendered":"Las elecciones en Extremadura de este domingo, las primeras separadas del resto de autonom\u00edas y que de forma&hellip;\n","protected":false},"author":2,"featured_media":298679,"comment_status":"","ping_status":"","sticky":false,"template":"","format":"standard","meta":{"footnotes":""},"categories":[8],"tags":[17,18,25,24,13,14,11,19,20,9,10,15,16,23,12,21,22],"class_list":{"0":"post-298678","1":"post","2":"type-post","3":"status-publish","4":"format-standard","5":"has-post-thumbnail","7":"category-espana","8":"tag-breaking-news","9":"tag-breakingnews","10":"tag-es","11":"tag-espana","12":"tag-featured-news","13":"tag-featurednews","14":"tag-headlines","15":"tag-latest-news","16":"tag-latestnews","17":"tag-news","18":"tag-noticias","19":"tag-noticias-destacadas","20":"tag-noticiasdestacadas","21":"tag-spain","22":"tag-titulares","23":"tag-ultimas-noticias","24":"tag-ultimasnoticias"},"share_on_mastodon":{"url":"https:\/\/pubeurope.com\/@es\/115754442752738356","error":""},"_links":{"self":[{"href":"https:\/\/www.europesays.com\/es\/wp-json\/wp\/v2\/posts\/298678","targetHints":{"allow":["GET"]}}],"collection":[{"href":"https:\/\/www.europesays.com\/es\/wp-json\/wp\/v2\/posts"}],"about":[{"href":"https:\/\/www.europesays.com\/es\/wp-json\/wp\/v2\/types\/post"}],"author":[{"embeddable":true,"href":"https:\/\/www.europesays.com\/es\/wp-json\/wp\/v2\/users\/2"}],"replies":[{"embeddable":true,"href":"https:\/\/www.europesays.com\/es\/wp-json\/wp\/v2\/comments?post=298678"}],"version-history":[{"count":0,"href":"https:\/\/www.europesays.com\/es\/wp-json\/wp\/v2\/posts\/298678\/revisions"}],"wp:featuredmedia":[{"embeddable":true,"href":"https:\/\/www.europesays.com\/es\/wp-json\/wp\/v2\/media\/298679"}],"wp:attachment":[{"href":"https:\/\/www.europesays.com\/es\/wp-json\/wp\/v2\/media?parent=298678"}],"wp:term":[{"taxonomy":"category","embeddable":true,"href":"https:\/\/www.europesays.com\/es\/wp-json\/wp\/v2\/categories?post=298678"},{"taxonomy":"post_tag","embeddable":true,"href":"https:\/\/www.europesays.com\/es\/wp-json\/wp\/v2\/tags?post=298678"}],"curies":[{"name":"wp","href":"https:\/\/api.w.org\/{rel}","templated":true}]}}