{"id":298686,"date":"2025-12-20T23:22:09","date_gmt":"2025-12-20T23:22:09","guid":{"rendered":"https:\/\/www.europesays.com\/es\/298686\/"},"modified":"2025-12-20T23:22:09","modified_gmt":"2025-12-20T23:22:09","slug":"el-ermuarra-aitor-hernandez-se-alza-con-el-ciclocross-de-ataun","status":"publish","type":"post","link":"https:\/\/www.europesays.com\/es\/298686\/","title":{"rendered":"El ermuarra Aitor Hern\u00e1ndez se alza con el ciclocross de Ataun"},"content":{"rendered":"<p>Mathieu Van der Poel volvi\u00f3 a demostrar por qu\u00e9 es una referencia absoluta del ciclocross mundial tras imponerse en la prueba masculina de la Copa  &#8230; del Mundo de Amberes. El neerland\u00e9s firm\u00f3 una actuaci\u00f3n de enorme autoridad en la quinta cita del calendario 2025-2026, dominando la carrera desde la primera vuelta para no dar ninguna opci\u00f3n a su m\u00e1ximo contrincante Wout Van Aert, quien adem\u00e1s sufri\u00f3 un pinchazo y termin\u00f3 fuera del podio.<\/p>\n<p class=\"v-p\">La expectaci\u00f3n era m\u00e1xima por el regreso de Van Aert al ciclocross y por su primer enfrentamiento directo con Van der Poel esta temporada. Ambos partieron desde la tercera fila, y desde el primer momento qued\u00f3 claro que ninguno de los dos hab\u00edan venido a especular. Ambos utilizaron la vuelta inicial para colocarse en cabeza y marcar territorio respecto a los dem\u00e1s.<\/p>\n<p class=\"v-p\">En la primera vuelta incluso fue Van Aert quien lleg\u00f3 a rodar por delante de Van der Poel, pero el neerland\u00e9s no tard\u00f3 en responder. Ya en la segunda vuelta tom\u00f3 el mando con autoridad, liderando la prueba por delante de sus compatriotas Tibor del Grosso y Joris Nieuwenhui pero fue en la tercera cuando marc\u00f3 el punto de inflexi\u00f3n definitivo, dejando el asunto pr\u00e1cticamente visto para sentencia, march\u00e1ndose en solitario con 13 segundos de ventaja. El neerland\u00e9s domin\u00f3 desde la primera vuelta y ejecut\u00f3 la carrera sin errores.<\/p>\n<p>Triunfo de Brand en Amberes<\/p>\n<p class=\"v-p\">En categor\u00eda femenina Lucinda Brand se impuso en la Copa del Mundo de Amberes tras una carrera igualada en la que tuvo que exprimirse a fondo para doblegar a Aniek van Alphen complet\u00f3 el podio.<\/p>\n<p>Cueva y Albisu, campeones<\/p>\n<p class=\"v-p\">En el Campeonato de Gipuzkoa celebrado en Ataun, y bajo la organizaci\u00f3n de Agauntza Kirol Elkartea, el ermuarra Aitor Hern\u00e1ndez y la navarra Ainara Elbusto lograron la victoria en categor\u00eda Open, mientras que los t\u00edtulos provinciales fueron para el o\u00f1atiarra Unai Cueva y la oiartzuarra Magali Albisu que fueron segundos. <\/p>\n","protected":false},"excerpt":{"rendered":"Mathieu Van der Poel volvi\u00f3 a demostrar por qu\u00e9 es una referencia absoluta del ciclocross mundial tras imponerse&hellip;\n","protected":false},"author":2,"featured_media":298687,"comment_status":"","ping_status":"","sticky":false,"template":"","format":"standard","meta":{"footnotes":""},"categories":[273],"tags":[14527,7429,47482,313,44324,312,168,53317,25,24,4504,23,167],"class_list":{"0":"post-298686","1":"post","2":"type-post","3":"status-publish","4":"format-standard","5":"has-post-thumbnail","7":"category-ciclismo","8":"tag-aitor","9":"tag-alza","10":"tag-ataun","11":"tag-ciclismo","12":"tag-ciclocross","13":"tag-cycling","14":"tag-deportes","15":"tag-ermuarra","16":"tag-es","17":"tag-espana","18":"tag-hernandez","19":"tag-spain","20":"tag-sports"},"share_on_mastodon":{"url":"https:\/\/pubeurope.com\/@es\/115754470164287584","error":""},"_links":{"self":[{"href":"https:\/\/www.europesays.com\/es\/wp-json\/wp\/v2\/posts\/298686","targetHints":{"allow":["GET"]}}],"collection":[{"href":"https:\/\/www.europesays.com\/es\/wp-json\/wp\/v2\/posts"}],"about":[{"href":"https:\/\/www.europesays.com\/es\/wp-json\/wp\/v2\/types\/post"}],"author":[{"embeddable":true,"href":"https:\/\/www.europesays.com\/es\/wp-json\/wp\/v2\/users\/2"}],"replies":[{"embeddable":true,"href":"https:\/\/www.europesays.com\/es\/wp-json\/wp\/v2\/comments?post=298686"}],"version-history":[{"count":0,"href":"https:\/\/www.europesays.com\/es\/wp-json\/wp\/v2\/posts\/298686\/revisions"}],"wp:featuredmedia":[{"embeddable":true,"href":"https:\/\/www.europesays.com\/es\/wp-json\/wp\/v2\/media\/298687"}],"wp:attachment":[{"href":"https:\/\/www.europesays.com\/es\/wp-json\/wp\/v2\/media?parent=298686"}],"wp:term":[{"taxonomy":"category","embeddable":true,"href":"https:\/\/www.europesays.com\/es\/wp-json\/wp\/v2\/categories?post=298686"},{"taxonomy":"post_tag","embeddable":true,"href":"https:\/\/www.europesays.com\/es\/wp-json\/wp\/v2\/tags?post=298686"}],"curies":[{"name":"wp","href":"https:\/\/api.w.org\/{rel}","templated":true}]}}