{"id":298702,"date":"2025-12-20T23:33:16","date_gmt":"2025-12-20T23:33:16","guid":{"rendered":"https:\/\/www.europesays.com\/es\/298702\/"},"modified":"2025-12-20T23:33:16","modified_gmt":"2025-12-20T23:33:16","slug":"los-mayores-de-18-ya-pueden-participar-en-el-ensayo-clinico-para-vacunarse-del-virus-respiratorio-sincitial-la-voz-de-galicia","status":"publish","type":"post","link":"https:\/\/www.europesays.com\/es\/298702\/","title":{"rendered":"Los mayores de 18 ya pueden participar en el ensayo cl\u00ednico para vacunarse del virus respiratorio sincitial &#8211; La Voz de Galicia"},"content":{"rendered":"<ol>\n<li><a href=\"https:\/\/news.google.com\/rss\/articles\/CBMi-wFBVV95cUxPUDZTMC0zWnVUN1JueXdKMWZYeHNCcHhEdnFQQXhhc1g0MW13bFY0QXBFOVdzWHdCT0xlQVVXNXVYU21GMmVjcDVySjJibmhLMUFoQWdINDhEX2tCV1UyaE41bnYyM1Z1RE9rcTB2UVFobnp3QTBCTmtKYnZmaDBpelRfaDNybF9UNlg4VTE5OW9meDk4ejFxVU9aQzd6YnE4UnM0NWdTaGtJWjhBWXBPMnFvLV9wZ1BIaTlLSm54MTBPY2dmSWxmUzloWEYzM1hjRWY1NTNzLVVncFZ4Wi1pQnd6enVrRFduc05aSDh3d3FZV0dDdVo3Y296SdIBlwJBVV95cUxPRjFPNTNHdVJEZ0V4MEVpcUdtUmN0UUliM0Jsd3Z3MXJobmw1NVJISmFPbnlJRWdaWGd6RHdlcGl5cnVGRl9zMlBLajVlZEM3NnVaVUdtbFFscERYc0c4RVpyX0tpMTNFeFB4OHNvWmYyalpCdGphQXhDSjd0VUNOenNGaVFQZVR5QXgwN09kOV82ZDlkNEZqQWtEalFqOWw2QXRTQjB5N3NMOVl5eHVPSlI1Z1liQUtDbGVoN0dCZm1MU1p3dUEzY0tsZ3ZycEVDbnZwNnhfaFEyN0VJT3pFWVhpbl9vZmRTdEx1UGtvOGxhZFZ4ZmJoR0FYMU11cUFKQWJUNm16VHFsNWY2WWp1THpvRU82Ums?oc=5\" target=\"_blank\" rel=\"nofollow noopener\">Los mayores de 18 ya pueden participar en el ensayo cl\u00ednico para vacunarse del virus respiratorio sincitial<\/a>&nbsp;&nbsp;La Voz de Galicia<\/li>\n<li><a href=\"https:\/\/news.google.com\/rss\/articles\/CBMi3AFBVV95cUxNQkRFbDN3Y0tySUlPUFAyblVhaWVOWXBnOGR4ak9VM0x1ZkFXVWNjR0RoanVYOEhMN1Q5cTZldHRsOXFEQWxqN1FGelVRSlRGQmE0UE1vcmU0WmxDX2h0S1VZZkk3dEpObXBaX3pLaTl4aU84b0p4dlRiNXdfRjFsMzNTSWRVcWVLRFA2TEVRTWZ6SkpscUdlWk1td0pvRnphdzk1SV9xOUxvYXFBYTZIQUN4QzFscXdKbl9DcWdGcF9oamllaFdsVW5VckpERkFCS25xUjhCdld4dDFs0gH4AUFVX3lxTE10QW1GV01kbjY1ZFIzVEFWQXBYdm5wbUczM1Nwdlh4OVNpbkhpYWxXV0VUOVhLak5uV2JaRlRkaEhoV0U5TFNVNUxrSHYwMmNLUWQtczBVam1zamtJWkx1QVdnZ2ZXeWZQQVlYOEdTZmlqa00tN2lINFVoRnppaDFLS2xoZWRSTWJueTdBWW9YVTZXR3hlZ0puOVcwV0haTTlCNTJCdzRLWWxyam9qcmZCQlg5eFVwM0dhN1hFaXFUeUpsbE5WSnVDNGhTOUN3QURCUkxhX01HdEpiTGpLRlVHN1NSWm9GNzhwNFZZOUp3ZC1PQzJoYmth?oc=5\" target=\"_blank\" rel=\"nofollow noopener\">Contin\u00faa la vacunaci\u00f3n extraordinaria contra la gripe para mayores de 60 en A Coru\u00f1a<\/a>&nbsp;&nbsp;La Voz de Galicia<\/li>\n<li><a href=\"https:\/\/news.google.com\/rss\/articles\/CBMi9AFBVV95cUxQRGFmMXUyTmdaNXN1RG1CcVhkRDZNV1lLd2xpZmNYZzI3UXZfY0RaaW42eWRpUUlnOEFjNGI3ZV9MLUVndVJ3czNfT0JsNm45VmdmSE40QnZuRjFxRWJNaDZBb05UOUlpdWh2R3hJWUp3Q3VxUGF3OFFLUTViZHMyTjJpOEdNTUVNc2Uzd1RzaDkwMGhaRFJjWTU5YnlKRlp0QzMxOElCMlI3Zzc0NVk3ejVjR0RTV2JpQktPSmU5VjhDNmtqTndIT0Z4Y1V1QkNmOUVhZXExbm0tYTZOcndobmJDbTVwV0tIRzFDU21KYUhoTU5Q?oc=5\" target=\"_blank\" rel=\"nofollow noopener\">Arranca en los hospitales gallegos un estudio para prevenir infecciones respiratorias graves en mayores<\/a>&nbsp;&nbsp;MSN<\/li>\n<li><a href=\"https:\/\/news.google.com\/rss\/articles\/CBMi4gFBVV95cUxNcTd3bGZjdnU0MFdwV2Y5M09CcjRhb19fUWM5aUYxNXRDekF4c2Q5bjEtOGg2U29RZDRqeGNRbWVaSWFFY0JEZTNjMElpVXNlX3ByLW9CbXlXMEkxZkVURlVMbnA4MlpLSm1kWi1FQ0w2NVREbGw5TzE5NWx1VGdVa1E0U1RaWkl6NDhoZHJOUlkzODNNTDBZeE41VDZRa0I4RDMzbW43R2hiMlVOLUM2b0t2SE1aQ3AtWlRLSGNUZ0FnMlVOX295YllxODRCbVhZdmRic3hLSkZkODdnNFBRMGxB0gHnAUFVX3lxTFA3OUN3XzhIMkRSMmpuS0pYQ2QxTWpaNFA2T0pfX3Q1dXQ1VFVmcUtlVUdQWkN5clJFZTJXbzdfZjRrVk9kRjZReU9zWjJEa0k0cElwaEhGOHBhV21XTVpGMktkNEJIV3ZSRjFmN3dQWm9QekZvN2hLdm1xdDlIU0luYk1nQnVnS2ZKMXpuWlhsdldDVXhSLXVIdTJ5NWoyRDZOMVp3a24wUjdERVdtY2d0WFppdVIyR1JJSGVTT1F5NkxvaHZuYWdzNDFzZjltY185b2luNVFUd0t0dnZDOWtHem5CRGExZw?oc=5\" target=\"_blank\" rel=\"nofollow noopener\">Los gallegos mayores de 18 a\u00f1os pueden participar en el ensayo cl\u00ednico para vacunarse de gripe<\/a>&nbsp;&nbsp;El Espa\u00f1ol<\/li>\n<li><a href=\"https:\/\/news.google.com\/rss\/articles\/CBMikwFBVV95cUxQYU1Pc1QxNFdINXBYSWtubHpKcDJIdUMyZGtaWHdXSHpRWm9qeFVoekE1S0FfWWxyQUtUSmxnRUNwbUtMSl9OdzJxWmJacnFmUVc1MjlhMC1TeXo3RzIwNFZXYlQ1ZjZSVVU4NGpIVS1tLThVUEV4SHRlS2loWDM2NmxYM0I0VG5KeW82d01uSklPVmPSAZgBQVVfeXFMTV9EMk1GQUYwUy1fMUpnMkVCcVBOcEFsdFVNUTY1QVItZ1FRT21ySC05RXBGQWtMQ21NckVOQ0lSMV9zcS14bFJqNkVtR0xScHQxOFcxMFh3NXprd3pFOHhvTXpHbkIxZU9sOUtXbkhfM1Z1VjNRLVRuOGRBRGRjZHh3d3ljSW15cHM4NzlsRXgybUEzdWlPZkY?oc=5\" target=\"_blank\" rel=\"nofollow noopener\">El Sergas vacuna contra la gripe a mayores de 60 a\u00f1os en el Hospital do Saln\u00e9s<\/a>&nbsp;&nbsp;Faro de Vigo<\/li>\n<\/ol>\n","protected":false},"excerpt":{"rendered":"Los mayores de 18 ya pueden participar en el ensayo cl\u00ednico para vacunarse del virus respiratorio sincitial&nbsp;&nbsp;La Voz&hellip;\n","protected":false},"author":2,"featured_media":297172,"comment_status":"","ping_status":"","sticky":false,"template":"","format":"standard","meta":{"footnotes":""},"categories":[92],"tags":[25,24,165,166,23],"class_list":{"0":"post-298702","1":"post","2":"type-post","3":"status-publish","4":"format-standard","5":"has-post-thumbnail","7":"category-salud","8":"tag-es","9":"tag-espana","10":"tag-health","11":"tag-salud","12":"tag-spain"},"share_on_mastodon":{"url":"https:\/\/pubeurope.com\/@es\/115754513490811390","error":""},"_links":{"self":[{"href":"https:\/\/www.europesays.com\/es\/wp-json\/wp\/v2\/posts\/298702","targetHints":{"allow":["GET"]}}],"collection":[{"href":"https:\/\/www.europesays.com\/es\/wp-json\/wp\/v2\/posts"}],"about":[{"href":"https:\/\/www.europesays.com\/es\/wp-json\/wp\/v2\/types\/post"}],"author":[{"embeddable":true,"href":"https:\/\/www.europesays.com\/es\/wp-json\/wp\/v2\/users\/2"}],"replies":[{"embeddable":true,"href":"https:\/\/www.europesays.com\/es\/wp-json\/wp\/v2\/comments?post=298702"}],"version-history":[{"count":0,"href":"https:\/\/www.europesays.com\/es\/wp-json\/wp\/v2\/posts\/298702\/revisions"}],"wp:featuredmedia":[{"embeddable":true,"href":"https:\/\/www.europesays.com\/es\/wp-json\/wp\/v2\/media\/297172"}],"wp:attachment":[{"href":"https:\/\/www.europesays.com\/es\/wp-json\/wp\/v2\/media?parent=298702"}],"wp:term":[{"taxonomy":"category","embeddable":true,"href":"https:\/\/www.europesays.com\/es\/wp-json\/wp\/v2\/categories?post=298702"},{"taxonomy":"post_tag","embeddable":true,"href":"https:\/\/www.europesays.com\/es\/wp-json\/wp\/v2\/tags?post=298702"}],"curies":[{"name":"wp","href":"https:\/\/api.w.org\/{rel}","templated":true}]}}