{"id":298711,"date":"2025-12-20T23:38:09","date_gmt":"2025-12-20T23:38:09","guid":{"rendered":"https:\/\/www.europesays.com\/es\/298711\/"},"modified":"2025-12-20T23:38:09","modified_gmt":"2025-12-20T23:38:09","slug":"la-dgt-pide-precaucion-ante-la-prevision-de-nevadas-en-asturias-la-cota-de-nieve-bajara-a-500-metros-la-voz-de-asturias","status":"publish","type":"post","link":"https:\/\/www.europesays.com\/es\/298711\/","title":{"rendered":"La DGT pide precauci\u00f3n ante la previsi\u00f3n de nevadas en Asturias: la cota de nieve bajar\u00e1 a 500 metros &#8211; La Voz de Asturias"},"content":{"rendered":"<ol>\n<li><a href=\"https:\/\/news.google.com\/rss\/articles\/CBMi-wFBVV95cUxPeTBuLVBhUGhOam1oZ1pPN3BsRDM2VW5ySmVXUDZ6ZUVfQmY0N193X3RiQUJ6eHp4ejZRQV9EWEJEWm8wT2Z5cG5IaEM5d0dhcVBfOXdOQmE5bG11bktCWm9VSWljVThXaUFiSkZ5T19kZmU2RFM5QUZCOW85SGhRNlI0cGlpdS1lTVRRZDNlLW01VGIySElCR25QZlZNRFExS3Q1WlhrdlBzakNuVmhLM3Z2V0hNYkMxeHRQd28tWU5JMGo0OFhXdGhlSlBOcFM5bi0tYXcyMGlPSWNZVl8yNFRJRGk1dVdCRkJGbGFtMDItaHFnWV9VRmU0QdIBlwJBVV95cUxQVG5NQWlHMG1GcVJTTXFSNm1tR21qOUdrRTVtWDV6cTdsQThGNElud3BLU1EzU25XeW1LRURkQkhERWw5eWMzSXl2NlJUcEpPMlBYMVZKeFRrekpJYmg1V3JJNVFPMFlzcUluQjFaemNwYk9JYkRKWVFHbVhJanBZYWdfQ1psS1YybmRiOTNDNElIWkRTMDlPb2RYaF9tRGRic1ZQMHNEYWI2NEpreVc4MzBDYmZjOXdkb19YLXZhd254Q1FheVJGNjI1T3J2ZEZKQjBlV0R6dGVjUDBEdnVPOHI3dWM5T1pZSlZUaEh5LU9zTzBmMDB6Z2h6SmdKNy1YUUtCMGlib0I3T0ZRc0JRREJudTd1Qms?oc=5\" target=\"_blank\" rel=\"nofollow noopener\">La DGT pide precauci\u00f3n ante la previsi\u00f3n de nevadas en Asturias: la cota de nieve bajar\u00e1 a 500 metros<\/a>&nbsp;&nbsp;La Voz de Asturias<\/li>\n<li><a href=\"https:\/\/news.google.com\/rss\/articles\/CBMivgFBVV95cUxNaE9OUU9OOTdvODRtLXR3cGRHOTZwTlVzT3NCaDh4aS1mWXdsZm9raVhlVy0zM1lPQlpvdVkya0Q4MVJ1ZmVVT0xJWTQ0eGt5Q0VIXzZpWmtEVWtHVHZiZUtTZFBHSU1xakxCalVGNEpNNVpsUkxwNkE2UFRnTUZkbkhDZ3NSUkJ4TE5uQ2FJM3JlamRRdkRuTWdjSWJxQjdvVFZTS1h3em1FNGloT3FSMWJxRkZtX3dGenV2Z0tR?oc=5\" target=\"_blank\" rel=\"nofollow noopener\">Tr\u00e1fico alerta de fuertes nevadas a partir de ma\u00f1ana en plena Operaci\u00f3n Navidad<\/a>&nbsp;&nbsp;EL PA\u00cdS<\/li>\n<li><a href=\"https:\/\/news.google.com\/rss\/articles\/CBMiekFVX3lxTE10emF2UDFiMXRJc1NYbWRXaDJtMmRjd0pLZ1lTblZLaDJvUEEwV3BDUXNUeUhxcjBhX2l6UlFqMGQ2YUJ1S29tcXgtRktxN3FuLTFHLXVaMzdqVUdJR3JIN1lHZHZUdTRURklVYXVzd2l6cEdENExicGxR0gF6QVVfeXFMUDNkMDFEM1N3aUxfUUtOMThfcUVzWDZsRTNTVjlidGpDNXQyTjB5dGl1bXNnMEJUbExSRlNFMEVlQnI4ajZXc2N6Ui1rYnJ5c0JDQmtGM2NIYTBFQ3dUU0NqWDZ0bFFSQkx0Y2U5SExuLWNBYUhKT0FLUFE?oc=5\" target=\"_blank\" rel=\"nofollow noopener\">La DGT pide precauci\u00f3n ante la previsi\u00f3n de nieve: planificar el viaje y consultar las v\u00edas<\/a>&nbsp;&nbsp;El Mundo<\/li>\n<li><a href=\"https:\/\/news.google.com\/rss\/articles\/CBMiyAFBVV95cUxNcXRWeWRkbUpPSTBKcmhQSjVPVk5UZ05QLTRpOTlfUVBvUVBfMmdVbHphQ1RtX3VIMENrZWQtbG9CQjdfdnlsVGhrWmdQNXBKb0NtZ3I0NHZ0c3VCbHFyN2c3cnN6V19oTmN1TExSSWYzY2IzX1lxZW82RG1PSmROWThpMnJrNnFKb0FKaXotWF9kMmItR0I5MkhUaFV0N01IeGgycFF3elVXbnlYQlBsZThuNGxsTmtxOTFOemhNVnczbnlwZlZXWNIBzgFBVV95cUxNam5OU2V5QnZ2YmY5SkxyQ0NYZl9RVWFXRG1odkpKbGp6QWlWc2pMVWEteTZpZXkxRUlfUUpRTmJxbXhuclJETWtZaWdTQ2NuSXNGcHh6alZOUjNDZ0hnNC16ZzRRZTM3SldnZGVKbEdOUXdWNnQzd2lNOVBBSGRSdVBWbHpLdTg5aFhCY3pZZ0RvWjEyWXVFMDMtMTdUbTVEalRUS3JWWF8zNHFYV29YbENWOFZmWEYzbHJySzN4YkpzRlJhQ00wQ3NpT3FyQQ?oc=5\" target=\"_blank\" rel=\"nofollow noopener\">Toda la provincia de Soria, en aviso amarillo por nieve encima de 900 metros<\/a>&nbsp;&nbsp;desdeSoria<\/li>\n<li><a href=\"https:\/\/news.google.com\/rss\/articles\/CBMiuwFBVV95cUxQQU9NVGN2ZUJWeU1IbklkdVktZ0txUTdiSzVJd2tVejUySC1vM0RvVUJwYWVhOFZUR0s4TE9iaC1PejczWjNYOTBTN2c2cjlFVm1aM3NFajNtZ0V2WG5GeHdNUEtxSW0teERCcmdjT0l3cWVQdzlKcmZJRTNaLV9WaXZSY1dGQmJ4ZGxrOE9LSDFrNHhIU0lhd19YdTZraVZ6OW9HTl9ZM2NiazFCdFFQanpYNU5RTWxITUFj?oc=5\" target=\"_blank\" rel=\"nofollow noopener\">Tr\u00e1fico recomienda mucha precauci\u00f3n ante las nevadas de este fin de semana<\/a>&nbsp;&nbsp;El Diario Monta\u00f1\u00e9s<\/li>\n<\/ol>\n","protected":false},"excerpt":{"rendered":"La DGT pide precauci\u00f3n ante la previsi\u00f3n de nevadas en Asturias: la cota de nieve bajar\u00e1 a 500&hellip;\n","protected":false},"author":2,"featured_media":297172,"comment_status":"","ping_status":"","sticky":false,"template":"","format":"standard","meta":{"footnotes":""},"categories":[8],"tags":[17,18,25,24,13,14,11,19,20,9,10,15,16,23,12,21,22],"class_list":{"0":"post-298711","1":"post","2":"type-post","3":"status-publish","4":"format-standard","5":"has-post-thumbnail","7":"category-espana","8":"tag-breaking-news","9":"tag-breakingnews","10":"tag-es","11":"tag-espana","12":"tag-featured-news","13":"tag-featurednews","14":"tag-headlines","15":"tag-latest-news","16":"tag-latestnews","17":"tag-news","18":"tag-noticias","19":"tag-noticias-destacadas","20":"tag-noticiasdestacadas","21":"tag-spain","22":"tag-titulares","23":"tag-ultimas-noticias","24":"tag-ultimasnoticias"},"share_on_mastodon":{"url":"https:\/\/pubeurope.com\/@es\/115754533274342862","error":""},"_links":{"self":[{"href":"https:\/\/www.europesays.com\/es\/wp-json\/wp\/v2\/posts\/298711","targetHints":{"allow":["GET"]}}],"collection":[{"href":"https:\/\/www.europesays.com\/es\/wp-json\/wp\/v2\/posts"}],"about":[{"href":"https:\/\/www.europesays.com\/es\/wp-json\/wp\/v2\/types\/post"}],"author":[{"embeddable":true,"href":"https:\/\/www.europesays.com\/es\/wp-json\/wp\/v2\/users\/2"}],"replies":[{"embeddable":true,"href":"https:\/\/www.europesays.com\/es\/wp-json\/wp\/v2\/comments?post=298711"}],"version-history":[{"count":0,"href":"https:\/\/www.europesays.com\/es\/wp-json\/wp\/v2\/posts\/298711\/revisions"}],"wp:featuredmedia":[{"embeddable":true,"href":"https:\/\/www.europesays.com\/es\/wp-json\/wp\/v2\/media\/297172"}],"wp:attachment":[{"href":"https:\/\/www.europesays.com\/es\/wp-json\/wp\/v2\/media?parent=298711"}],"wp:term":[{"taxonomy":"category","embeddable":true,"href":"https:\/\/www.europesays.com\/es\/wp-json\/wp\/v2\/categories?post=298711"},{"taxonomy":"post_tag","embeddable":true,"href":"https:\/\/www.europesays.com\/es\/wp-json\/wp\/v2\/tags?post=298711"}],"curies":[{"name":"wp","href":"https:\/\/api.w.org\/{rel}","templated":true}]}}