{"id":298720,"date":"2025-12-20T23:48:10","date_gmt":"2025-12-20T23:48:10","guid":{"rendered":"https:\/\/www.europesays.com\/es\/298720\/"},"modified":"2025-12-20T23:48:10","modified_gmt":"2025-12-20T23:48:10","slug":"everton-arsenal-en-directo","status":"publish","type":"post","link":"https:\/\/www.europesays.com\/es\/298720\/","title":{"rendered":"Everton &#8211; Arsenal en directo"},"content":{"rendered":"<p> \u00daltima hora del Everton &#8211; Arsenal, en directo<\/p>\n<p class=\"ue-c-article__paragraph \"><strong>\u00a1Buenas tardeeeeees!<\/strong> El duelo que cerrar\u00e1 el d\u00eda a las 21:00 enfrenta a <strong>Everton FC<\/strong> y <strong>Arsenal FC<\/strong> en <strong>Premier League<\/strong>, con <strong>Hill Dickinson Stadium<\/strong> como escenario. Los \u00abtoffees\u00bb afrontan el choque con la <strong>urgencia de sumar en casa<\/strong>, donde hist\u00f3ricamente han construido gran parte de sus mejores resultados. El ambiente promete ser intenso desde el primer minuto, con un Everton que suele apoyarse en su solidez defensiva y en el empuje de su afici\u00f3n para<strong> competir de t\u00fa a t\u00fa ante rivales de mayor presupuesto.<\/strong><\/p>\n<p class=\"ue-c-article__paragraph \">El Arsenal llega con la ambici\u00f3n propia de un equipo que quiere mandar en la liga y consolidar su identidad. <strong>Los \u00abgunners\u00bb destacan por un f\u00fatbol asociativo<\/strong>, ritmo alto y presi\u00f3n tras p\u00e9rdida, buscando dominar a trav\u00e9s de la posesi\u00f3n sin renunciar a la verticalidad. Enfrente tendr\u00e1n a un<strong> Everton que intentar\u00e1 reducir espacios,<\/strong> ser compacto entre l\u00edneas y castigar cualquier error con transiciones r\u00e1pidas. La batalla en el mediocampo se perfila clave: quien logre imponer su ritmo y ganar las segundas jugadas tendr\u00e1 ventaja para inclinar el partido.<\/p>\n<p class=\"ue-c-article__paragraph \">En t\u00e9rminos t\u00e1cticos, el encuentro promete contrastes. <strong>El Arsenal intentar\u00e1 ensanchar el campo y mover la defensa local,<\/strong> mientras el Everton buscar\u00e1 eficacia y concentraci\u00f3n m\u00e1xima en las \u00e1reas. La pelota parada puede ser un factor decisivo, as\u00ed como la capacidad de gestionar los momentos del partido: resistir cuando toca y golpear cuando se presenta la oportunidad. Con necesidades distintas pero<strong> la misma ambici\u00f3n de ganar, <\/strong>el choque se presenta como una prueba exigente para ambos y una cita atractiva para cerrar la noche de f\u00fatbol en Inglaterra.<\/p>\n","protected":false},"excerpt":{"rendered":"\u00daltima hora del Everton &#8211; Arsenal, en directo \u00a1Buenas tardeeeeees! El duelo que cerrar\u00e1 el d\u00eda a las&hellip;\n","protected":false},"author":2,"featured_media":298721,"comment_status":"","ping_status":"","sticky":false,"template":"","format":"standard","meta":{"footnotes":""},"categories":[268],"tags":[5031,168,25,24,70992,280,282,1240,281,23,167],"class_list":{"0":"post-298720","1":"post","2":"type-post","3":"status-publish","4":"format-standard","5":"has-post-thumbnail","7":"category-futbol","8":"tag-arsenal","9":"tag-deportes","10":"tag-es","11":"tag-espana","12":"tag-everton-fc","13":"tag-football","14":"tag-futbol","15":"tag-premier-league","16":"tag-soccer","17":"tag-spain","18":"tag-sports"},"share_on_mastodon":{"url":"https:\/\/pubeurope.com\/@es\/115754572724264695","error":""},"_links":{"self":[{"href":"https:\/\/www.europesays.com\/es\/wp-json\/wp\/v2\/posts\/298720","targetHints":{"allow":["GET"]}}],"collection":[{"href":"https:\/\/www.europesays.com\/es\/wp-json\/wp\/v2\/posts"}],"about":[{"href":"https:\/\/www.europesays.com\/es\/wp-json\/wp\/v2\/types\/post"}],"author":[{"embeddable":true,"href":"https:\/\/www.europesays.com\/es\/wp-json\/wp\/v2\/users\/2"}],"replies":[{"embeddable":true,"href":"https:\/\/www.europesays.com\/es\/wp-json\/wp\/v2\/comments?post=298720"}],"version-history":[{"count":0,"href":"https:\/\/www.europesays.com\/es\/wp-json\/wp\/v2\/posts\/298720\/revisions"}],"wp:featuredmedia":[{"embeddable":true,"href":"https:\/\/www.europesays.com\/es\/wp-json\/wp\/v2\/media\/298721"}],"wp:attachment":[{"href":"https:\/\/www.europesays.com\/es\/wp-json\/wp\/v2\/media?parent=298720"}],"wp:term":[{"taxonomy":"category","embeddable":true,"href":"https:\/\/www.europesays.com\/es\/wp-json\/wp\/v2\/categories?post=298720"},{"taxonomy":"post_tag","embeddable":true,"href":"https:\/\/www.europesays.com\/es\/wp-json\/wp\/v2\/tags?post=298720"}],"curies":[{"name":"wp","href":"https:\/\/api.w.org\/{rel}","templated":true}]}}