{"id":298738,"date":"2025-12-20T23:59:12","date_gmt":"2025-12-20T23:59:12","guid":{"rendered":"https:\/\/www.europesays.com\/es\/298738\/"},"modified":"2025-12-20T23:59:12","modified_gmt":"2025-12-20T23:59:12","slug":"iberaval-facilito-572-millones-a-pymes-autonomos-y-emprendedores-hasta-el-cierre-de-diciembre-servimedia","status":"publish","type":"post","link":"https:\/\/www.europesays.com\/es\/298738\/","title":{"rendered":"Iberaval facilit\u00f3 572 millones a pymes, aut\u00f3nomos y emprendedores hasta el cierre de diciembre &#8211; Servimedia"},"content":{"rendered":"<ol>\n<li><a href=\"https:\/\/news.google.com\/rss\/articles\/CBMiyAFBVV95cUxNX2s2SjBHUHhmSDdSTDlDNU9GeGJ4bHBUalVMdUp4dVNGdGM0aHkxOTJNMl9TU0gxbXRRcE9MZF9wZ3J4LXNDeTJFNmR3MUM1ek1GSklBVUdYc013YmVqUjJEVGJGdXd6UTNKcjR3N3VNU2h1U2d4R2FWUzA3UTVOYmt5WEJnUWtlaWhqbnB6bG1kMFkwZ3R2N245ZUdfMkFLQ2FaS0ptdkZaTEMzTFBNZ3ZQLUc2QjRzeVhsaEJYYlpBRTVUM1hIaw?oc=5\" target=\"_blank\" rel=\"nofollow noopener\">Iberaval facilit\u00f3 572 millones a pymes, aut\u00f3nomos y emprendedores hasta el cierre de diciembre<\/a>&nbsp;&nbsp;Servimedia<\/li>\n<li><a href=\"https:\/\/news.google.com\/rss\/articles\/CBMiwAFBVV95cUxNVS02T2ZIb19JNEM4R0gySEctT2tJVW5rNHBfNDJqSW5hSGxkU2pOc1F5RTg1NV9VanEwbTdjWEs1ZVgzODZ4UjM1Zm9YeHVjejEwLXdqYWFTcXVGODhQNW15VnBHSTRuSmt6Skk5ZzBjcXVvc2J4VGNtYzBfNjZMNzVlaXd2T2l1RXZVUElxeTZfNmd6cVMwTTVkSnlsSDNZWG5qWmUwenNXM3cweXl4Z1VLd19FdmxTcVdkYmlwSTI?oc=5\" target=\"_blank\" rel=\"nofollow noopener\">Iberaval sostiene 270.000 empleos con su financiaci\u00f3n a pymes, el 70% en Castilla y Le\u00f3n<\/a>&nbsp;&nbsp;ABC<\/li>\n<li><a href=\"https:\/\/news.google.com\/rss\/articles\/CBMigAJBVV95cUxOcHUteXlEYXktbXFjT2V6RURiTTVjdU9wX3VPQTVEMng5VHdldHd4NGVWQ1ZzYi16ak5CU3ZLWkI5ZF93bjRRRnl4Q0dDdXVkWnlOdG9Bc1BkZnFzaWxhdHZ6QmJWdGRNRTV3SmhIRGFvN2FqNzkzbks0a1Q4enZ0MVAzV1Q0eUxVQVlCSk94SkxOcUVKVkJUSi1BLVJlYTlqbUpOZ1lYWWJ6VzRnNk0wWENZSjVjSzN2UEFKVEZ2dzk1NnhIWWJNUXFQRXVwTzNKc2ZSaVhqYzIwSmwtVmVma3pRVjVDZkpYYWZZcFY4b0VwR3NybklGeHNxbDhYTkJf?oc=5\" target=\"_blank\" rel=\"nofollow noopener\">La sociedad de garant\u00eda rec\u00edproca Iberaval desembarca en Castilla-La Mancha y act\u00faa ya en seis comunidades<\/a>&nbsp;&nbsp;El Economista<\/li>\n<\/ol>\n","protected":false},"excerpt":{"rendered":"Iberaval facilit\u00f3 572 millones a pymes, aut\u00f3nomos y emprendedores hasta el cierre de diciembre&nbsp;&nbsp;Servimedia Iberaval sostiene 270.000 empleos&hellip;\n","protected":false},"author":2,"featured_media":286034,"comment_status":"","ping_status":"","sticky":false,"template":"","format":"standard","meta":{"footnotes":""},"categories":[80],"tags":[6848,82,95,94,25,24,23],"class_list":{"0":"post-298738","1":"post","2":"type-post","3":"status-publish","4":"format-standard","5":"has-post-thumbnail","7":"category-economia","8":"tag-autonomias","9":"tag-business","10":"tag-economia","11":"tag-economy","12":"tag-es","13":"tag-espana","14":"tag-spain"},"share_on_mastodon":{"url":"https:\/\/pubeurope.com\/@es\/115754615678697494","error":""},"_links":{"self":[{"href":"https:\/\/www.europesays.com\/es\/wp-json\/wp\/v2\/posts\/298738","targetHints":{"allow":["GET"]}}],"collection":[{"href":"https:\/\/www.europesays.com\/es\/wp-json\/wp\/v2\/posts"}],"about":[{"href":"https:\/\/www.europesays.com\/es\/wp-json\/wp\/v2\/types\/post"}],"author":[{"embeddable":true,"href":"https:\/\/www.europesays.com\/es\/wp-json\/wp\/v2\/users\/2"}],"replies":[{"embeddable":true,"href":"https:\/\/www.europesays.com\/es\/wp-json\/wp\/v2\/comments?post=298738"}],"version-history":[{"count":0,"href":"https:\/\/www.europesays.com\/es\/wp-json\/wp\/v2\/posts\/298738\/revisions"}],"wp:featuredmedia":[{"embeddable":true,"href":"https:\/\/www.europesays.com\/es\/wp-json\/wp\/v2\/media\/286034"}],"wp:attachment":[{"href":"https:\/\/www.europesays.com\/es\/wp-json\/wp\/v2\/media?parent=298738"}],"wp:term":[{"taxonomy":"category","embeddable":true,"href":"https:\/\/www.europesays.com\/es\/wp-json\/wp\/v2\/categories?post=298738"},{"taxonomy":"post_tag","embeddable":true,"href":"https:\/\/www.europesays.com\/es\/wp-json\/wp\/v2\/tags?post=298738"}],"curies":[{"name":"wp","href":"https:\/\/api.w.org\/{rel}","templated":true}]}}