{"id":298739,"date":"2025-12-21T00:00:12","date_gmt":"2025-12-21T00:00:12","guid":{"rendered":"https:\/\/www.europesays.com\/es\/298739\/"},"modified":"2025-12-21T00:00:12","modified_gmt":"2025-12-21T00:00:12","slug":"eeuu-egipto-qatar-y-turquia-avanzan-en-la-segunda-fase-del-plan-de-paz-en-gaza","status":"publish","type":"post","link":"https:\/\/www.europesays.com\/es\/298739\/","title":{"rendered":"EEUU, Egipto, Qatar y Turqu\u00eda avanzan en la segunda fase del plan de paz en Gaza"},"content":{"rendered":"<p class=\"article-text\">\n        Estados Unidos, Egipto, Qatar y Turqu\u00eda avanzaron ayer en la segunda fase del plan de paz en Gaza y apostaron por diversas medidas de integraci\u00f3n regional, seg\u00fan indic\u00f3 este s\u00e1bado el enviado especial de EEUU para Oriente Medio, Steve Witkoff.\n    <\/p>\n<p class=\"article-text\">\n        Witkoff apunt\u00f3 en su perfil de X que en el encuentro, que tuvo lugar en Miami, se examin\u00f3 la aplicaci\u00f3n de la primera fase del alto el fuego, que \u201cha producido avances\u201d como la ampliaci\u00f3n de la ayuda humanitaria o la devoluci\u00f3n de los cad\u00e1veres de los rehenes.\n    <\/p>\n<p class=\"article-text\">\n        En las discusiones sobre la segunda fase los pa\u00edses hicieron hincapi\u00e9, entre otras cosas, en la necesidad de habilitar un \u00f3rgano de gobierno en Gaza \u201cbajo una autoridad gazat\u00ed unificada\u201d con el fin de proteger a los civiles y mantener el orden p\u00fablico, anot\u00f3 Witkoff.\n    <\/p>\n<p class=\"article-text\">\n        Del mismo modo, los pa\u00edses analizaron medidas de integraci\u00f3n regional como la facilitaci\u00f3n del comercio, el desarrollo de infraestructura o la cooperaci\u00f3n en materia de energ\u00eda, agua y otros recursos compartidos.\n    <\/p>\n<p class=\"article-text\">\n        Estos elementos se consideraron \u201cesenciales para la recuperaci\u00f3n de Gaza, la estabilidad regional y la prosperidad a largo plazo\u201d.\n    <\/p>\n<blockquote class=\"twitter-tweet\" data-lang=\"es\"><p><a href=\"https:\/\/twitter.com\/X\/status\/2002438492450648540?ref_src=twsrc%5Etfw\" rel=\"nofollow noopener\" target=\"_blank\"><\/p><\/blockquote>\n<p class=\"article-text\">\n        En la reuni\u00f3n estuvieron presentes el primer ministro y ministro de Relaciones Exteriores de Qatar, Sheikh Mohammed bin Abdulrahman bin Jassim Al Thani; el ministro de Exteriores turco, Hakan Fidan, y el ministro de Exteriores egipcio, Badr Abdelatty.\n    <\/p>\n<p class=\"article-text\">\n        Los pa\u00edses expresaron adem\u00e1s su apoyo al establecimiento de la Junta de Paz como administraci\u00f3n de transici\u00f3n para las \u00e1reas civil, de seguridad y de reconstrucci\u00f3n de Gaza.\n    <\/p>\n<p class=\"article-text\">\n        Del mismo modo, reafirmaron su \u201cpleno compromiso\u201d con el plan de paz del presidente estadounidense, Donald Trump, e instaron a las partes del conflicto a cumplir con sus obligaciones.\n    <\/p>\n<p class=\"article-text\">\n        Seg\u00fan anot\u00f3 Witkoff, en las pr\u00f3ximas semanas se mantendr\u00e1n m\u00e1s consultas para avanzar en la implementaci\u00f3n de la segunda fase.\n    <\/p>\n<p class=\"article-text\">\n        Aunque el alto el fuego en Gaza entr\u00f3 en vigor el pasado 10 de octubre, los ataques israel\u00edes no han cesado por completo y sus drones siguen sobrevolando la franja mientras las tropas disparan a quienes considera que se acercan demasiado. Seg\u00fan el ministerio de Sanidad de Gaza m\u00e1s de 400 palestinos han sido asesinados desde el inicio de la tregua.\n    <\/p>\n<p class=\"article-text\">\n        La primera etapa del acuerdo, alcanzado con la mediaci\u00f3n de EE.UU. y otros pa\u00edses, inclu\u00eda el cese de las hostilidades, la liberaci\u00f3n de todos los rehenes por parte de Ham\u00e1s y de los prisioneros palestinos por Israel y la entrada de ayuda humanitaria.\n    <\/p>\n<p class=\"article-text\">\n        Mientras, la segunda fase del acuerdo recoge la retirada total de las tropas israel\u00edes, el desarme de las milicias palestinas, la reconstrucci\u00f3n de Gaza y la creaci\u00f3n de un Gobierno de transici\u00f3n.\n    <\/p>\n<p>    <a href=\"https:\/\/www.eldiario.es\/internacional\/plan-paz-trump-gaza-atasca-nadie-avanzar-problema-son-detalles-tecnicos_1_12835023.html\" data-mrf-recirculation=\"saber-mas-abajo\" data-dl-event=\"saber-mas-abajo\" rel=\"nofollow noopener\" target=\"_blank\"><\/p>\n<p class=\"know-more__title\">El plan de paz de Trump para Gaza se atasca y nadie sabe c\u00f3mo avanzar: \u201cEl problema son los detalles t\u00e9cnicos\u201d\n<\/p>\n<p>            <img decoding=\"async\" class=\"lazy\" loading=\"lazy\" data-src=\"https:\/\/static.eldiario.es\/clip\/006ce993-5cee-4c67-874a-84ef3b9c301f_16-9-aspect-ratio_default_0.jpg\" src=\"data:image\/svg+xml,%3Csvg xmlns=\" http:=\"\" viewbox=\"0 0 880 495\" alt=\"El plan de paz de Trump para Gaza se atasca y nadie sabe c\u00f3mo avanzar: \u201cEl problema son los detalles t\u00e9cnicos\u201d\"\/><\/p>\n<p>                        <\/a><\/p>\n<p class=\"article-text\">\n        Uno de los principales impedimentos que pone Israel es que todav\u00eda le falta recibir el cuerpo del \u00faltimo reh\u00e9n israel\u00ed.\u00a0\n    <\/p>\n<p>                                    <script async src=\"https:\/\/platform.twitter.com\/widgets.js\" charset=\"utf-8\"><\/script><\/p>\n","protected":false},"excerpt":{"rendered":"Estados Unidos, Egipto, Qatar y Turqu\u00eda avanzaron ayer en la segunda fase del plan de paz en Gaza&hellip;\n","protected":false},"author":2,"featured_media":298740,"comment_status":"","ping_status":"","sticky":false,"template":"","format":"standard","meta":{"footnotes":""},"categories":[42],"tags":[10543,17,18,6047,115,5284,4521,13,14,694,11,61,62,63,64,19,20,9,10,15,16,11506,2568,3745,12,8584,21,22,65,66,67],"class_list":{"0":"post-298739","1":"post","2":"type-post","3":"status-publish","4":"format-standard","5":"has-post-thumbnail","7":"category-internacional","8":"tag-avanzan","9":"tag-breaking-news","10":"tag-breakingnews","11":"tag-catar","12":"tag-eeuu","13":"tag-egipto","14":"tag-fase","15":"tag-featured-news","16":"tag-featurednews","17":"tag-gaza","18":"tag-headlines","19":"tag-internacional","20":"tag-international","21":"tag-international-news","22":"tag-internationalnews","23":"tag-latest-news","24":"tag-latestnews","25":"tag-news","26":"tag-noticias","27":"tag-noticias-destacadas","28":"tag-noticiasdestacadas","29":"tag-paz","30":"tag-plan","31":"tag-segunda","32":"tag-titulares","33":"tag-turquia","34":"tag-ultimas-noticias","35":"tag-ultimasnoticias","36":"tag-world","37":"tag-world-news","38":"tag-worldnews"},"share_on_mastodon":{"url":"","error":""},"_links":{"self":[{"href":"https:\/\/www.europesays.com\/es\/wp-json\/wp\/v2\/posts\/298739","targetHints":{"allow":["GET"]}}],"collection":[{"href":"https:\/\/www.europesays.com\/es\/wp-json\/wp\/v2\/posts"}],"about":[{"href":"https:\/\/www.europesays.com\/es\/wp-json\/wp\/v2\/types\/post"}],"author":[{"embeddable":true,"href":"https:\/\/www.europesays.com\/es\/wp-json\/wp\/v2\/users\/2"}],"replies":[{"embeddable":true,"href":"https:\/\/www.europesays.com\/es\/wp-json\/wp\/v2\/comments?post=298739"}],"version-history":[{"count":0,"href":"https:\/\/www.europesays.com\/es\/wp-json\/wp\/v2\/posts\/298739\/revisions"}],"wp:featuredmedia":[{"embeddable":true,"href":"https:\/\/www.europesays.com\/es\/wp-json\/wp\/v2\/media\/298740"}],"wp:attachment":[{"href":"https:\/\/www.europesays.com\/es\/wp-json\/wp\/v2\/media?parent=298739"}],"wp:term":[{"taxonomy":"category","embeddable":true,"href":"https:\/\/www.europesays.com\/es\/wp-json\/wp\/v2\/categories?post=298739"},{"taxonomy":"post_tag","embeddable":true,"href":"https:\/\/www.europesays.com\/es\/wp-json\/wp\/v2\/tags?post=298739"}],"curies":[{"name":"wp","href":"https:\/\/api.w.org\/{rel}","templated":true}]}}