{"id":298743,"date":"2025-12-21T00:02:13","date_gmt":"2025-12-21T00:02:13","guid":{"rendered":"https:\/\/www.europesays.com\/es\/298743\/"},"modified":"2025-12-21T00:02:13","modified_gmt":"2025-12-21T00:02:13","slug":"almeyda-expulsado-en-el-descanso-del-real-madrid","status":"publish","type":"post","link":"https:\/\/www.europesays.com\/es\/298743\/","title":{"rendered":"Almeyda, expulsado en el descanso del Real Madrid"},"content":{"rendered":"<p>                        El entrenador del conjunto hispalense ya hab\u00eda visto la amarilla en la primera parte\n<\/p>\n<p><img src=\"https:\/\/www.mundodeportivo.com\/files\/image_449_220\/files\/fp\/uploads\/2025\/12\/20\/69470fc9aebc2.r_d.813-497.jpeg\" data-full-src=\"https:\/\/www.europesays.com\/es\/wp-content\/uploads\/2025\/12\/69470fc9aebc2.jpeg\" alt=\"Horizontal\" width=\"449\" height=\"220\" class=\"nolazy\" decoding=\"async\" fetchpriority=\"high\"\/><\/p>\n<p class=\"caption-title \">El entrenador del Sevilla, Mat\u00edas Almeyda, durante el encuentro de la jornada 17 de LaLiga entre Real Madrid y Sevilla FC celebrado este s\u00e1bado en el estadio Santiago Bernab\u00e9u, en Madrid<\/p>\n<p>Javier Liz\u00f3n \/ EFE<\/p>\n<p>                <img loading=\"lazy\" decoding=\"async\" width=\"60\" height=\"60\" alt=\"Almeyda, expulsado en el descanso del Real Madrid - Sevilla\" title=\"\" src=\"\/files\/image_60_60\/uploads\/2021\/07\/26\/60febb7b9f3cd.png\" class=\"lazy\"\/><\/p>\n<p>\n                        Actualizado a  20\/12\/2025 22:16 CET\n                    <\/p>\n<p data-gtm-element-container=\"modulo-texto-link\" class=\"paragraph\">En un partido que no est\u00e1 siendo demasiado bronco y en el que ha habido menos pol\u00e9mica de la que cabr\u00eda esperar, quien ha terminado expulsado antes de tiempo ha sido <strong>Mat\u00edas Almeyda<\/strong>, el entrenador del <strong>Sevilla<\/strong>.\u00a0<\/p>\n<p>    M\u00e1s sobre el Real Madrid<\/p>\n<p data-gtm-element-container=\"modulo-texto-link\" class=\"paragraph\">El argentino, que ya hab\u00eda visto la cartulina amarilla en la primera parte por quejarse de las decisiones de <strong>Mu\u00f1iz Ruiz<\/strong>, no sali\u00f3 a dirigir al equipo en la segunda parte por lo que se entendi\u00f3 que fue expulsado en el t\u00fanel de vestuarios.\u00a0<\/p>\n<p data-gtm-element-container=\"modulo-texto-link\" class=\"paragraph\">Una vez termine el partido y se conozca el acta del mismo, se sabr\u00e1 cu\u00e1l ha sido el desencadenante por el cual el colegiado de\u00a0 partido ha decidido expulsar a Almeyda.\u00a0<\/p>\n<p>\n        Mostrar comentarios\n    <\/p>\n<p>{\u00aballowComment\u00bb:\u00bballowed\u00bb,\u00bbarticleId\u00bb:\u00bbarticle-1002590342&#8243;,\u00bburl\u00bb:\u00bbhttps:\\\/\\\/www.mundodeportivo.com\\\/futbol\\\/real-madrid\\\/20251220\\\/1002590342\\\/almeyda-expulsado-descanso-real-madrid-sevilla.html\u00bb,\u00bblivefyre-url\u00bb:\u00bbarticle-1002590342&#8243;}<\/p>\n<p>Cargando siguiente contenido&#8230;\n                <\/p>\n","protected":false},"excerpt":{"rendered":"El entrenador del conjunto hispalense ya hab\u00eda visto la amarilla en la primera parte El entrenador del Sevilla,&hellip;\n","protected":false},"author":2,"featured_media":298744,"comment_status":"","ping_status":"","sticky":false,"template":"","format":"standard","meta":{"footnotes":""},"categories":[5],"tags":[17,18,25,24,13,14,11,19,20,9,10,15,16,23,12,21,22],"class_list":{"0":"post-298743","1":"post","2":"type-post","3":"status-publish","4":"format-standard","5":"has-post-thumbnail","7":"category-titulares","8":"tag-breaking-news","9":"tag-breakingnews","10":"tag-es","11":"tag-espana","12":"tag-featured-news","13":"tag-featurednews","14":"tag-headlines","15":"tag-latest-news","16":"tag-latestnews","17":"tag-news","18":"tag-noticias","19":"tag-noticias-destacadas","20":"tag-noticiasdestacadas","21":"tag-spain","22":"tag-titulares","23":"tag-ultimas-noticias","24":"tag-ultimasnoticias"},"share_on_mastodon":{"url":"https:\/\/pubeurope.com\/@es\/115754627814284834","error":""},"_links":{"self":[{"href":"https:\/\/www.europesays.com\/es\/wp-json\/wp\/v2\/posts\/298743","targetHints":{"allow":["GET"]}}],"collection":[{"href":"https:\/\/www.europesays.com\/es\/wp-json\/wp\/v2\/posts"}],"about":[{"href":"https:\/\/www.europesays.com\/es\/wp-json\/wp\/v2\/types\/post"}],"author":[{"embeddable":true,"href":"https:\/\/www.europesays.com\/es\/wp-json\/wp\/v2\/users\/2"}],"replies":[{"embeddable":true,"href":"https:\/\/www.europesays.com\/es\/wp-json\/wp\/v2\/comments?post=298743"}],"version-history":[{"count":0,"href":"https:\/\/www.europesays.com\/es\/wp-json\/wp\/v2\/posts\/298743\/revisions"}],"wp:featuredmedia":[{"embeddable":true,"href":"https:\/\/www.europesays.com\/es\/wp-json\/wp\/v2\/media\/298744"}],"wp:attachment":[{"href":"https:\/\/www.europesays.com\/es\/wp-json\/wp\/v2\/media?parent=298743"}],"wp:term":[{"taxonomy":"category","embeddable":true,"href":"https:\/\/www.europesays.com\/es\/wp-json\/wp\/v2\/categories?post=298743"},{"taxonomy":"post_tag","embeddable":true,"href":"https:\/\/www.europesays.com\/es\/wp-json\/wp\/v2\/tags?post=298743"}],"curies":[{"name":"wp","href":"https:\/\/api.w.org\/{rel}","templated":true}]}}