{"id":298756,"date":"2025-12-21T00:15:13","date_gmt":"2025-12-21T00:15:13","guid":{"rendered":"https:\/\/www.europesays.com\/es\/298756\/"},"modified":"2025-12-21T00:15:13","modified_gmt":"2025-12-21T00:15:13","slug":"se-les-ha-escapado-a-los-hermanos-duffer-la-muerte-de-uno-de-los-personajes-mas-queridos","status":"publish","type":"post","link":"https:\/\/www.europesays.com\/es\/298756\/","title":{"rendered":"\u00bfSe les ha escapado a los hermanos Duffer la muerte de uno de los personajes m\u00e1s queridos?"},"content":{"rendered":"<p class=\"c-paragraph\">La visita de los<b> hermanos Duffer, creadores de <a href=\"https:\/\/www.20minutos.es\/cinemania\/series\/stranger-things-resumen-analisis-episodio-5x04-perder-batalla-ganar-guerra_6911214_0.html\" title=\"&#039;Stranger Things&#039;, resumen y an\u00e1lisis del episodio 5x04: perder una batalla para ganar la guerra\" rel=\"nofollow noopener\" target=\"_blank\">Stranger Things<\/a>,<\/b> al programa<b>\u00a0The Tonight Show con\u00a0Jimmy Fallon<\/b> nos dejaba algunas pistas de lo que podremos ver en el desenlace de la serie, as\u00ed como algunas curiosidades de lo que ya hab\u00edamos visto.\u00a0<\/p>\n<p class=\"c-paragraph\">\u00abLa gente est\u00e1 intentando adivinar c\u00f3mo es el final. \u00bfHab\u00e9is visto las teor\u00edas de ellos y hay alguna que haya acertado?\u00bb, preguntaba el presentador a los creadores de la serie de Netflix. <b>\u00abHemos visto un mont\u00f3n de teor\u00edas. Ninguna de ellas ha conseguido acercarse al final correcto\u00bb,<\/b> confesaban al respecto.\u00a0<\/p>\n<p class=\"c-paragraph\">Despu\u00e9s de ello, Fallon sacaba <b>una serie de funkos con todos los personajes<\/b> de la ficci\u00f3n y les ped\u00eda a los Duffer que, sin spoilers, dijeran <b>c\u00f3mo podr\u00edan terminar todos<\/b>. Esto nos dejaba momentos divertid\u00edsimos, como Barb quedando en el suelo alejada de la mesa,\u00a0<b>Eleven en el vaso de agua<\/b> y <b>una torre con Mr. Whatsit (el Se\u00f1or Qu\u00e9), Vecna y Will<\/b>.\u00a0<\/p>\n<p class=\"c-paragraph\">Uno de los movimientos que m\u00e1s llamaban la atenci\u00f3n del p\u00fablico era <b>Steve cayendo de la mesa<\/b>. Como era de esperar, esto provocaba un aluvi\u00f3n de respuestas sobre el personaje interpretado por<b> Joe Keery<\/b>, uno de los m\u00e1s queridos, pero tambi\u00e9n de los que m\u00e1s se repet\u00eda en la <b>quiniela de los posibles muertos <\/b>en el desenlace.\u00a0<\/p>\n<p class=\"c-paragraph\">Precisamente, por las palabras de los Duffer, todo apunta a que <b>esta cr\u00f3nica de una muerte anunciada podr\u00eda ser muy diferente <\/b>a lo que la gente espera, y es que tienen esa capacidad de seguir sorprendi\u00e9ndonos 10 a\u00f1os despu\u00e9s.\u00a0<\/p>\n<p class=\"c-paragraph\">El pr\u00f3ximo <b>26 de diciembre<\/b>, Netflix estrena el Volumen 2 de la temporada 5, que cuenta con<b> 3 nuevos episodios<\/b>. Finalmente, el <b>1 de enero<\/b>, Stranger Things se despedir\u00e1 para siempre de los espectadores con un <b>episodio especial de m\u00e1s de 2 horas<\/b>, que har\u00e1 que muchos quieran pasar la noche de fin de a\u00f1o en su hogar entre los demorgogones y la pandilla de Hawkins.\u00a0<\/p>\n","protected":false},"excerpt":{"rendered":"La visita de los hermanos Duffer, creadores de Stranger Things, al programa\u00a0The Tonight Show con\u00a0Jimmy Fallon nos dejaba&hellip;\n","protected":false},"author":2,"featured_media":298757,"comment_status":"","ping_status":"","sticky":false,"template":"","format":"standard","meta":{"footnotes":""},"categories":[171],"tags":[146,147,25,24,1058,67201,152,23,57225,214],"class_list":{"0":"post-298756","1":"post","2":"type-post","3":"status-publish","4":"format-standard","5":"has-post-thumbnail","7":"category-tv","8":"tag-entertainment","9":"tag-entretenimiento","10":"tag-es","11":"tag-espana","12":"tag-final","13":"tag-hermanos-duffer","14":"tag-netflix","15":"tag-spain","16":"tag-stranger-things","17":"tag-tv"},"share_on_mastodon":{"url":"https:\/\/pubeurope.com\/@es\/115754678619977011","error":""},"_links":{"self":[{"href":"https:\/\/www.europesays.com\/es\/wp-json\/wp\/v2\/posts\/298756","targetHints":{"allow":["GET"]}}],"collection":[{"href":"https:\/\/www.europesays.com\/es\/wp-json\/wp\/v2\/posts"}],"about":[{"href":"https:\/\/www.europesays.com\/es\/wp-json\/wp\/v2\/types\/post"}],"author":[{"embeddable":true,"href":"https:\/\/www.europesays.com\/es\/wp-json\/wp\/v2\/users\/2"}],"replies":[{"embeddable":true,"href":"https:\/\/www.europesays.com\/es\/wp-json\/wp\/v2\/comments?post=298756"}],"version-history":[{"count":0,"href":"https:\/\/www.europesays.com\/es\/wp-json\/wp\/v2\/posts\/298756\/revisions"}],"wp:featuredmedia":[{"embeddable":true,"href":"https:\/\/www.europesays.com\/es\/wp-json\/wp\/v2\/media\/298757"}],"wp:attachment":[{"href":"https:\/\/www.europesays.com\/es\/wp-json\/wp\/v2\/media?parent=298756"}],"wp:term":[{"taxonomy":"category","embeddable":true,"href":"https:\/\/www.europesays.com\/es\/wp-json\/wp\/v2\/categories?post=298756"},{"taxonomy":"post_tag","embeddable":true,"href":"https:\/\/www.europesays.com\/es\/wp-json\/wp\/v2\/tags?post=298756"}],"curies":[{"name":"wp","href":"https:\/\/api.w.org\/{rel}","templated":true}]}}