{"id":298776,"date":"2025-12-21T00:31:22","date_gmt":"2025-12-21T00:31:22","guid":{"rendered":"https:\/\/www.europesays.com\/es\/298776\/"},"modified":"2025-12-21T00:31:22","modified_gmt":"2025-12-21T00:31:22","slug":"la-temporada-de-ciclocross-entra-en-fase-roja-llego-van-der-poel","status":"publish","type":"post","link":"https:\/\/www.europesays.com\/es\/298776\/","title":{"rendered":"La temporada de ciclocross entra en fase roja, lleg\u00f3 Van der Poel"},"content":{"rendered":"<p><img fetchpriority=\"high\" decoding=\"async\" class=\"aligncenter size-full wp-image-67398\" src=\"data:image\/svg+xml,%3Csvg%20xmlns=\" http:=\"\" alt=\"\" width=\"1025\" height=\"400\" data-lazy- data-lazy- data-lazy-src=\"https:\/\/www.europesays.com\/es\/wp-content\/uploads\/2025\/11\/anunci-generic-bla-1-1024x120-px-v3-02.jpg\"\/><\/p>\n<p>La temporada de ciclocross entra en fase roja, lleg\u00f3 Van der Poel<\/p>\n<p>Mathieu Van der Poel ha regresado al barro y, como si tal cosa, ha vuelto a colocar el contador de sus victorias donde lo dej\u00f3.<\/p>\n<p>No fue un triunfo cualquiera.<\/p>\n<p><a class=\"wppaslink\" href=\"https:\/\/joanseguidor.com\/pas\/ccmm-valenciana\/44016\/0\" target=\"_blank\" rel=\"nofollow noopener\"><img decoding=\"async\" src=\"data:image\/svg+xml,%3Csvg%20xmlns=\" http:=\"\" alt=\"CCMM Valenciana\" border=\"0\" data-lazy-src=\"https:\/\/www.europesays.com\/es\/wp-content\/uploads\/2025\/12\/1766277080_867_aralleida-hivern-970x250-crea2-es.jpg\"\/><\/a><\/p>\n<p>El holand\u00e9s eligi\u00f3 el circuito m\u00e1s exigente y emblem\u00e1tico del calendario, la Copa del Mundo de Namur, para su debut en la temporada de ciclocross.<\/p>\n<p>Y s\u00ed, gan\u00f3.<\/p>\n<p>El titular es directo y el hecho, devastador para sus rivales: <strong>el mejor est\u00e1 de vuelta y no necesita rodaje<\/strong>.<\/p>\n<p>La victoria, adem\u00e1s de ser una declaraci\u00f3n de intenciones, lleva consigo un componente psicol\u00f3gico demoledor.<\/p>\n<p><strong>Pensemos en el complejo que debe generar su figura.<\/strong><\/p>\n<p>Mientras el resto de la \u00e9lite lleva semanas, incluso meses, afinando su forma en la especialidad, con batallas intensas que sirven de entrenamiento y medida, <strong>Van der Poel aparece por primera vez y desmonta el p\u00f3dium<\/strong>.<\/p>\n<p>No compite contra ciclistas fatigados, sino contra corredores que ya han alcanzado un pico de rendimiento.<\/p>\n<p>El ejemplo m\u00e1s claro es Thibau Nys.<\/p>\n<p>El joven belga, una de las grandes sensaciones de este inicio de campa\u00f1a, estaba en la cresta de la ola. Su progresi\u00f3n era palpable, su confianza, m\u00e1xima.<\/p>\n<p>Y aun as\u00ed, en el cara a cara contra el \u201calien\u201d, se qued\u00f3 a las puertas.<\/p>\n<p>No es que Nys corriera mal, es que se encontr\u00f3 con una fuerza de la naturaleza que, a pesar de la inactividad en el cross, demostr\u00f3 una superioridad t\u00e9cnica y una capacidad de sufrimiento inigualables en ese punto de la temporada.<\/p>\n<p>Fall\u00f3 en el momento clave, suficiente para que el neerland\u00e9s se le fuera lo suficiente.<\/p>\n<p>La pregunta que debe resonar en el paddock es inc\u00f3moda: <strong>\u00bfCu\u00e1nto vale el esfuerzo de toda una preparaci\u00f3n cuando un rival, con una hoja de ruta centrada en la carretera\u00a0 simplemente llega y gana?<\/strong><\/p>\n<p>El retorno de Van der Poel no es una simple carrera.<\/p>\n<p>Es un catalizador de frustraci\u00f3n y la prueba de que, para \u00e9l, la diferencia entre una bici de carretera y una de cross es tan solo el grosor del neum\u00e1tico.<\/p>\n<p>El neerland\u00e9s no solo gana carreras, sino que, <strong>por su sola presencia y resultados inmediatos, roba la moral de sus competidores<\/strong>, convirtiendo su debut en el trauma recurrente de un deporte que le queda, de momento, demasiado peque\u00f1o.<\/p>\n<p>La temporada ha empezado de verdad, y no precisamente para bien de sus oponentes.<\/p>\n<p>Y lo que nos tememos es que Van Aert no va a revertir la situaci\u00f3n.<\/p>\n<p><strong><a href=\"https:\/\/terresdelebre.travel\/cycling\/es\/deportivo\" target=\"_blank\" rel=\"noopener nofollow\"><img loading=\"lazy\" decoding=\"async\" class=\"aligncenter\" src=\"data:image\/svg+xml,%3Csvg%20xmlns=\" http:=\"\" alt=\"\" width=\"1024\" height=\"400\" data-lazy-src=\"https:\/\/www.europesays.com\/es\/wp-content\/uploads\/2025\/10\/1024x400-cicloturisme-joanseguidor.jpg\"\/><\/a><\/strong><\/p>\n","protected":false},"excerpt":{"rendered":"La temporada de ciclocross entra en fase roja, lleg\u00f3 Van der Poel Mathieu Van der Poel ha regresado&hellip;\n","protected":false},"author":2,"featured_media":298777,"comment_status":"","ping_status":"","sticky":false,"template":"","format":"standard","meta":{"footnotes":""},"categories":[273],"tags":[313,44324,312,168,25,24,2548,7619,23,167],"class_list":{"0":"post-298776","1":"post","2":"type-post","3":"status-publish","4":"format-standard","5":"has-post-thumbnail","7":"category-ciclismo","8":"tag-ciclismo","9":"tag-ciclocross","10":"tag-cycling","11":"tag-deportes","12":"tag-es","13":"tag-espana","14":"tag-featured","15":"tag-mathieu-van-der-poel","16":"tag-spain","17":"tag-sports"},"share_on_mastodon":{"url":"https:\/\/pubeurope.com\/@es\/115754741461054494","error":""},"_links":{"self":[{"href":"https:\/\/www.europesays.com\/es\/wp-json\/wp\/v2\/posts\/298776","targetHints":{"allow":["GET"]}}],"collection":[{"href":"https:\/\/www.europesays.com\/es\/wp-json\/wp\/v2\/posts"}],"about":[{"href":"https:\/\/www.europesays.com\/es\/wp-json\/wp\/v2\/types\/post"}],"author":[{"embeddable":true,"href":"https:\/\/www.europesays.com\/es\/wp-json\/wp\/v2\/users\/2"}],"replies":[{"embeddable":true,"href":"https:\/\/www.europesays.com\/es\/wp-json\/wp\/v2\/comments?post=298776"}],"version-history":[{"count":0,"href":"https:\/\/www.europesays.com\/es\/wp-json\/wp\/v2\/posts\/298776\/revisions"}],"wp:featuredmedia":[{"embeddable":true,"href":"https:\/\/www.europesays.com\/es\/wp-json\/wp\/v2\/media\/298777"}],"wp:attachment":[{"href":"https:\/\/www.europesays.com\/es\/wp-json\/wp\/v2\/media?parent=298776"}],"wp:term":[{"taxonomy":"category","embeddable":true,"href":"https:\/\/www.europesays.com\/es\/wp-json\/wp\/v2\/categories?post=298776"},{"taxonomy":"post_tag","embeddable":true,"href":"https:\/\/www.europesays.com\/es\/wp-json\/wp\/v2\/tags?post=298776"}],"curies":[{"name":"wp","href":"https:\/\/api.w.org\/{rel}","templated":true}]}}