{"id":298778,"date":"2025-12-21T00:33:08","date_gmt":"2025-12-21T00:33:08","guid":{"rendered":"https:\/\/www.europesays.com\/es\/298778\/"},"modified":"2025-12-21T00:33:08","modified_gmt":"2025-12-21T00:33:08","slug":"baloncesto-segunda-feb-el-caceres-sufre-ante-valladolid-y-no-puede-frenar-su-ataque","status":"publish","type":"post","link":"https:\/\/www.europesays.com\/es\/298778\/","title":{"rendered":"BALONCESTO SEGUNDA FEB | El C\u00e1ceres sufre ante Valladolid y no puede frenar su ataque"},"content":{"rendered":"<p class=\"ft-text\">El <strong>C\u00e1ceres Patrimonio de la Humanidad<\/strong> perdi\u00f3 en su visita a la pista del <strong>Valladolid<\/strong> por <strong>94-80<\/strong>, en un choque donde los cacere\u00f1os fueron superados claramente por su rival, tanto en defensa como en ataque. <strong>Lance-Amir Paul<\/strong> y <strong>\u00c1lex Mazaira<\/strong> destacaron por los verdinegros en el apartado anotador, con 15 puntos cada uno.<\/p>\n<p class=\"ft-text\">El equipo vallisoletano sali\u00f3 mandando desde el inicio del primer cuarto con un mate de <strong>Pablo Mart\u00edn<\/strong>, al que respondi\u00f3 con otro nuevo mate el p\u00edvot <strong>Leveque<\/strong> para poner las tablas (2-2) en el primer minuto de juego. Poco a poco, el conjunto local comenz\u00f3 apretar en defensa y provocar situaciones forzadas en el tiro de los cacere\u00f1os, que hicieron un mal balance defensivo en los primeros minutos. La consecuencia fue que los pucelanos se cobraron su primera renta de cinco arriba (9-4).<\/p>\n<p class=\"ft-text\">El <strong>C\u00e1ceres<\/strong> consigui\u00f3 acercarse y ponerse a dos, tras una canasta de <strong>Paul<\/strong>, que puso el 12-10 a los 4 minutos. Sin embargo, el <strong>Valladolid<\/strong> sigui\u00f3 jugando con mucha intensidad defensiva y encontrado posiciones c\u00f3modas de tiro, lo que hizo que se volviera a escapar con ocho de ventaja tras hacer un parcial de 6-0 (18-10) en el meridiano de este primer acto.<\/p>\n<p class=\"ft-text\">Los de <strong>Jacinto Carbajal<\/strong> no encontraron la forma de sujetar en defensa a los pucelanos, aunque lograron recortar distancias y ponerse cuatro abajo con el 21-17 en el minuto 7, debido a la buena labor en ataque de <strong>Palazuelo<\/strong>, autor de 5 puntos y un triple incluido, y una canasta de <strong>Leveque<\/strong>. De todas formas, los extreme\u00f1os echaron en falta la aportaci\u00f3n ofensiva de jugadores como <strong>Mazaira<\/strong> y <strong>Lafuente<\/strong>, bien sujetados por la defensa local en este primer cuarto. Pero el conjunto vallisoletano, m\u00e1s acertado en todas las facetas del juego, consigui\u00f3 superar la barrera de los diez puntos de ventaja y colocarse con once arriba (32-21), pero dos tiros libres de <strong>Paul<\/strong> dejaron la desventaja de los cacere\u00f1os en el 32-23.<\/p>\n<p>El segundo parcial<\/p>\n<p class=\"ft-text\">En el segundo cuarto, <strong>Mazaira<\/strong> comenz\u00f3 a tener m\u00e1s protagonismo ofensivo. 5 puntos consecutivos suyos, con un triple incluido, hicieron que el <strong>C\u00e1ceres<\/strong> se acercara a cuatro (32-28) en el minuto 11, pero el cuadro pucelano volvi\u00f3 a retomar su intensidad defensiva y le devolvi\u00f3 un parcial de 6-0 que le hizo colocarse con diez de ventaja (38-28) en el 13. <strong>Mazaira<\/strong> sali\u00f3 de nuevo al rescate de su equipo con un nuevo triple que recort\u00f3 la diferencia a siete (38-31). <strong>Leveque<\/strong>, que se faj\u00f3 bien dentro de la zona, hizo un mate espectacular e hizo que el <strong>C\u00e1ceres<\/strong> se pusiera seis abajo (41-35) en la mitad del segundo periodo. Sin embargo, la endeblez defensiva de los cacere\u00f1os en estos dos primeros cuartos fue causa suficiente para que el <strong>Valladolid<\/strong> llevara el dominio del encuentro y se moviera en rentas que rondaron los diez puntos. Al descanso, 52-42.<\/p>\n<p class=\"ft-text\">El tercer cuarto fue un calco de los dos anteriores, con un equipo vallisoletano que apret\u00f3 mucho en defensa y que estuvo acertado en ataque, mientras que los cacere\u00f1os fueron la otra cara de la moneda, muy flojos en tareas defensivas y sin mucha inspiraci\u00f3n anotadora. Con todo esto, lo \u00fanico que pod\u00eda pasar era que los pucelanos siguieran dominando el encuentro y que las diferencias fueran aumentando en el transcurso de este periodo.<\/p>\n<p>M\u00e1xima desventaja<\/p>\n<p class=\"ft-text\">Una canasta de <strong>Pablo Mar\u00edn<\/strong> hizo que el <strong>Valladolid<\/strong> adquiriera su m\u00e1xima renta a su favor de +16 (58-42) en el minuto 21. Dos triples consecutivos anotados por <strong>Strikker<\/strong> y <strong>Palazuelos<\/strong>, junto a una canasta de <strong>Mazaira<\/strong> para el <strong>C\u00e1ceres<\/strong>, hizo que la renta disminuyera y bajara de la barrera de los diez, coloc\u00e1ndose a nueve (61-52, m.25). Las esperanzas del bloque extreme\u00f1o de ponerse a tiro de los vallisoletanos no desaparecieron tras una nueva canasta de <strong>Paul<\/strong>, que coloc\u00f3 a su equipo a seis (65-59) en el 28, pero un \u00faltimo parcial de 9-1 para el <strong>Valladolid<\/strong> hizo que este intento de remontada casi se desvaneciera.<\/p>\n<p class=\"ft-text\">El \u00faltimo cuarto solo hizo que reafirmar la superioridad en este choque del equipo pucelano, que supo maniatar en ataque al <strong>C\u00e1ceres<\/strong>, cobr\u00e1ndose ya una ventaja de 21 arriba (85-64) en el minuto 33, gracias a una canasta de <strong>Arqu\u00e9s<\/strong>. Este resultado pes\u00f3 como una losa a los chicos de <strong>Jacinto Carbajal<\/strong>, que no pudieron ofrecer en este choque su mejor versi\u00f3n.<\/p>\n<p class=\"ft-text\">El bloque castellano sigui\u00f3 jugando con mucha intensidad defensiva, anulando los ataques del <strong>C\u00e1ceres<\/strong>. Un triple de <strong>Bouz\u00e1n<\/strong> para el <strong>Valladolid<\/strong> ya dej\u00f3 el partido pr\u00e1cticamente visto para sentencia, alcanzando su mayor renta a su favor de 22 arriba (91-69) a cinco del final. El equipo extreme\u00f1o maquill\u00f3 su derrota en este tramo final, dejando el resultado en 94-80.<\/p>\n","protected":false},"excerpt":{"rendered":"El C\u00e1ceres Patrimonio de la Humanidad perdi\u00f3 en su visita a la pista del Valladolid por 94-80, en&hellip;\n","protected":false},"author":2,"featured_media":298779,"comment_status":"","ping_status":"","sticky":false,"template":"","format":"standard","meta":{"footnotes":""},"categories":[269],"tags":[1422,299,298,3975,3976,39661,70998,168,2244,25,24,7116,3977,23,167,11463,1607],"class_list":{"0":"post-298778","1":"post","2":"type-post","3":"status-publish","4":"format-standard","5":"has-post-thumbnail","7":"category-baloncesto","8":"tag-ataque","9":"tag-baloncesto","10":"tag-basketball","11":"tag-caceres","12":"tag-caceres-basket","13":"tag-caceres-ciudad-de-baloncesto","14":"tag-caceres-patrimonio-de-la-humanidad","15":"tag-deportes","16":"tag-derrota","17":"tag-es","18":"tag-espana","19":"tag-frenar","20":"tag-segunda-feb","21":"tag-spain","22":"tag-sports","23":"tag-sufre","24":"tag-valladolid"},"share_on_mastodon":{"url":"https:\/\/pubeurope.com\/@es\/115754749451300880","error":""},"_links":{"self":[{"href":"https:\/\/www.europesays.com\/es\/wp-json\/wp\/v2\/posts\/298778","targetHints":{"allow":["GET"]}}],"collection":[{"href":"https:\/\/www.europesays.com\/es\/wp-json\/wp\/v2\/posts"}],"about":[{"href":"https:\/\/www.europesays.com\/es\/wp-json\/wp\/v2\/types\/post"}],"author":[{"embeddable":true,"href":"https:\/\/www.europesays.com\/es\/wp-json\/wp\/v2\/users\/2"}],"replies":[{"embeddable":true,"href":"https:\/\/www.europesays.com\/es\/wp-json\/wp\/v2\/comments?post=298778"}],"version-history":[{"count":0,"href":"https:\/\/www.europesays.com\/es\/wp-json\/wp\/v2\/posts\/298778\/revisions"}],"wp:featuredmedia":[{"embeddable":true,"href":"https:\/\/www.europesays.com\/es\/wp-json\/wp\/v2\/media\/298779"}],"wp:attachment":[{"href":"https:\/\/www.europesays.com\/es\/wp-json\/wp\/v2\/media?parent=298778"}],"wp:term":[{"taxonomy":"category","embeddable":true,"href":"https:\/\/www.europesays.com\/es\/wp-json\/wp\/v2\/categories?post=298778"},{"taxonomy":"post_tag","embeddable":true,"href":"https:\/\/www.europesays.com\/es\/wp-json\/wp\/v2\/tags?post=298778"}],"curies":[{"name":"wp","href":"https:\/\/api.w.org\/{rel}","templated":true}]}}