{"id":298782,"date":"2025-12-21T00:35:18","date_gmt":"2025-12-21T00:35:18","guid":{"rendered":"https:\/\/www.europesays.com\/es\/298782\/"},"modified":"2025-12-21T00:35:18","modified_gmt":"2025-12-21T00:35:18","slug":"ester-exposito-lo-da-todo-cantando-ester-exposito-de-dani-martin","status":"publish","type":"post","link":"https:\/\/www.europesays.com\/es\/298782\/","title":{"rendered":"Ester Exp\u00f3sito lo da todo cantando &#8216;Ester Exp\u00f3sito&#8217; de Dani Mart\u00edn"},"content":{"rendered":"<p class=\"v-mdl-ath__p v-mdl-ath__p--6\">\nS\u00e1bado, 20 de diciembre 2025, 14:03<\/p>\n<p class=\"v-p\">Dani Mart\u00edn se despide este fin de semana de Madrid con su gira <a href=\"https:\/\/www.danimartin.com.es\/conciertos\/\" target=\"_blank\" data-voc-vtm-id=\"in-text-traffic\" title=\"&#039;25 p*t*s a\u00f1os&#039;\" data-mrf-link=\"www.danimartin.com.es\" rel=\"nofollow noopener\">&#8217;25 p*t*s a\u00f1os&#8217;<\/a>. Tras haber ofrecido diez shows en el Movistar Arena que congregaron a 16.000 asistentes se convirti\u00f3 en el primer artista residente de este espacio de eventos. Este s\u00e1bado se enfrenta a su \u00faltimo pase en la capital espa\u00f1ola antes de iniciar un tour internacional que lo llevar\u00e1 a Ciudad de M\u00e9xico, Guadalajara, Par\u00eds y Londres antes de volver a Espa\u00f1a. <a href=\"https:\/\/www.elcorreo.com\/culturas\/musica\/dani-martin-anuncia-concierto-bilbao-dentro-gira-20241120072807-nt.html\" target=\"_blank\" data-voc-vtm-id=\"in-text-traffic\" title=\"En Bilbao\" data-mrf-link=\"www.elcorreo.com\" rel=\"nofollow noopener\">En Bilbao<\/a>, el concierto ser\u00e1 el 3 de octubre en el BEC. <\/p>\n<p class=\"v-p\">Firmando un &#8216;sold out&#8217; para todo este fin de semana, Dani Mart\u00edn recorre los mejores \u00e9xitos de su trayectoria con un p\u00fablico entregado. Entre el respetable, este viernes se encontraba la actriz Ester Exp\u00f3sito que comparti\u00f3 en sus redes sociales momentos del show ofrecido por el exl\u00edder de &#8216;El Canto del Loco&#8217;. <\/p>\n<p class=\"v-p\">Entre el repertorio de Dani Mart\u00edn se col\u00f3 la canci\u00f3n que lleva precisamente el nombre de la actriz y esta no dud\u00f3 en darlo todo desde la grada y corear la letra que nombra a otros artistas del panorama nacional como Hugo Silva, Ar\u00f3n Piper o Leiva. <\/p>\n<p class=\"v-p\">\u00abPell\u00edzcame, que he visto a Ester Exp\u00f3sito. No la conozco en persona pero me tiene muy loco\u00bb, dice la canci\u00f3n con la que ha recuperado sonidos que recuerdan a su andadura en &#8216;El canto del loco&#8217;. Pero el madrile\u00f1o no se queda ah\u00ed. \u00abLa miro a ver si me mira y pasa de todo\u00bb, contin\u00faa. \u00abM\u00edrame un poquito, hija Ester, venga hazlo por m\u00ed, atr\u00e9vete\u00bb, entona.<\/p>\n<p class=\"v-p\">La protagonista de la canci\u00f3n bail\u00f3 como la que m\u00e1s durante la reproducci\u00f3n del tema y se desmelen\u00f3 gritando la letra entre el resto de asistentes al concierto. Un momento que quiso compartir con sus seguidores en redes sociales. <\/p>\n<p>Reporta un error<\/p>\n","protected":false},"excerpt":{"rendered":"S\u00e1bado, 20 de diciembre 2025, 14:03 Dani Mart\u00edn se despide este fin de semana de Madrid con su&hellip;\n","protected":false},"author":2,"featured_media":298783,"comment_status":"","ping_status":"","sticky":false,"template":"","format":"standard","meta":{"footnotes":""},"categories":[174],"tags":[70999,255,1996,146,147,25,24,30817,33920,256,1730,23],"class_list":{"0":"post-298782","1":"post","2":"type-post","3":"status-publish","4":"format-standard","5":"has-post-thumbnail","7":"category-famosos","8":"tag-cantando","9":"tag-celebrities","10":"tag-dani","11":"tag-entertainment","12":"tag-entretenimiento","13":"tag-es","14":"tag-espana","15":"tag-ester","16":"tag-exposito","17":"tag-famosos","18":"tag-martin","19":"tag-spain"},"share_on_mastodon":{"url":"https:\/\/pubeurope.com\/@es\/115754757309531730","error":""},"_links":{"self":[{"href":"https:\/\/www.europesays.com\/es\/wp-json\/wp\/v2\/posts\/298782","targetHints":{"allow":["GET"]}}],"collection":[{"href":"https:\/\/www.europesays.com\/es\/wp-json\/wp\/v2\/posts"}],"about":[{"href":"https:\/\/www.europesays.com\/es\/wp-json\/wp\/v2\/types\/post"}],"author":[{"embeddable":true,"href":"https:\/\/www.europesays.com\/es\/wp-json\/wp\/v2\/users\/2"}],"replies":[{"embeddable":true,"href":"https:\/\/www.europesays.com\/es\/wp-json\/wp\/v2\/comments?post=298782"}],"version-history":[{"count":0,"href":"https:\/\/www.europesays.com\/es\/wp-json\/wp\/v2\/posts\/298782\/revisions"}],"wp:featuredmedia":[{"embeddable":true,"href":"https:\/\/www.europesays.com\/es\/wp-json\/wp\/v2\/media\/298783"}],"wp:attachment":[{"href":"https:\/\/www.europesays.com\/es\/wp-json\/wp\/v2\/media?parent=298782"}],"wp:term":[{"taxonomy":"category","embeddable":true,"href":"https:\/\/www.europesays.com\/es\/wp-json\/wp\/v2\/categories?post=298782"},{"taxonomy":"post_tag","embeddable":true,"href":"https:\/\/www.europesays.com\/es\/wp-json\/wp\/v2\/tags?post=298782"}],"curies":[{"name":"wp","href":"https:\/\/api.w.org\/{rel}","templated":true}]}}