{"id":298803,"date":"2025-12-21T00:47:08","date_gmt":"2025-12-21T00:47:08","guid":{"rendered":"https:\/\/www.europesays.com\/es\/298803\/"},"modified":"2025-12-21T00:47:08","modified_gmt":"2025-12-21T00:47:08","slug":"diaz-ayuso-en-el-belen-viviente-de-buitrago-del-lozoya-es-maravilloso-ver-como-se-vive-la-navidad-en-madrid-de-manera-tan-autentica","status":"publish","type":"post","link":"https:\/\/www.europesays.com\/es\/298803\/","title":{"rendered":"D\u00edaz Ayuso en el Bel\u00e9n Viviente de Buitrago del Lozoya: \u201cEs maravilloso ver c\u00f3mo se vive la Navidad en Madrid de manera tan aut\u00e9ntica\u201d"},"content":{"rendered":"<p>La presidenta de la Comunidad de Madrid, Isabel D\u00edaz Ayuso, ha visitado hoy la XXXV edici\u00f3n del tradicional Bel\u00e9n Viviente de Buitrago del Lozoya, declarado Fiesta de Inter\u00e9s Tur\u00edstico Regional. D\u00edaz Ayuso ha recorrido los 1,2 kil\u00f3metros de esta representaci\u00f3n emblem\u00e1tica que transforma el centro hist\u00f3rico, las murallas, la Iglesia y el casco antiguo de la localidad en el lugar donde naci\u00f3 Jesucristo. \u201cEs maravilloso ver c\u00f3mo volvemos a las tradiciones, a la fe y se vive la Navidad en Madrid de esta manera tan aut\u00e9ntica\u201d, ha enfatizado la jefa del Ejecutivo auton\u00f3mico.<\/p>\n","protected":false},"excerpt":{"rendered":"La presidenta de la Comunidad de Madrid, Isabel D\u00edaz Ayuso, ha visitado hoy la XXXV edici\u00f3n del tradicional&hellip;\n","protected":false},"author":2,"featured_media":298804,"comment_status":"","ping_status":"","sticky":false,"template":"","format":"standard","meta":{"footnotes":""},"categories":[8],"tags":[17,18,25,24,13,14,11,19,20,9,10,15,16,23,12,21,22],"class_list":{"0":"post-298803","1":"post","2":"type-post","3":"status-publish","4":"format-standard","5":"has-post-thumbnail","7":"category-espana","8":"tag-breaking-news","9":"tag-breakingnews","10":"tag-es","11":"tag-espana","12":"tag-featured-news","13":"tag-featurednews","14":"tag-headlines","15":"tag-latest-news","16":"tag-latestnews","17":"tag-news","18":"tag-noticias","19":"tag-noticias-destacadas","20":"tag-noticiasdestacadas","21":"tag-spain","22":"tag-titulares","23":"tag-ultimas-noticias","24":"tag-ultimasnoticias"},"share_on_mastodon":{"url":"https:\/\/pubeurope.com\/@es\/115754804455120735","error":""},"_links":{"self":[{"href":"https:\/\/www.europesays.com\/es\/wp-json\/wp\/v2\/posts\/298803","targetHints":{"allow":["GET"]}}],"collection":[{"href":"https:\/\/www.europesays.com\/es\/wp-json\/wp\/v2\/posts"}],"about":[{"href":"https:\/\/www.europesays.com\/es\/wp-json\/wp\/v2\/types\/post"}],"author":[{"embeddable":true,"href":"https:\/\/www.europesays.com\/es\/wp-json\/wp\/v2\/users\/2"}],"replies":[{"embeddable":true,"href":"https:\/\/www.europesays.com\/es\/wp-json\/wp\/v2\/comments?post=298803"}],"version-history":[{"count":0,"href":"https:\/\/www.europesays.com\/es\/wp-json\/wp\/v2\/posts\/298803\/revisions"}],"wp:featuredmedia":[{"embeddable":true,"href":"https:\/\/www.europesays.com\/es\/wp-json\/wp\/v2\/media\/298804"}],"wp:attachment":[{"href":"https:\/\/www.europesays.com\/es\/wp-json\/wp\/v2\/media?parent=298803"}],"wp:term":[{"taxonomy":"category","embeddable":true,"href":"https:\/\/www.europesays.com\/es\/wp-json\/wp\/v2\/categories?post=298803"},{"taxonomy":"post_tag","embeddable":true,"href":"https:\/\/www.europesays.com\/es\/wp-json\/wp\/v2\/tags?post=298803"}],"curies":[{"name":"wp","href":"https:\/\/api.w.org\/{rel}","templated":true}]}}