{"id":298805,"date":"2025-12-21T00:48:33","date_gmt":"2025-12-21T00:48:33","guid":{"rendered":"https:\/\/www.europesays.com\/es\/298805\/"},"modified":"2025-12-21T00:48:33","modified_gmt":"2025-12-21T00:48:33","slug":"estados-unidos-intercepta-y-confisca-un-petrolero-frente-a-las-costas-de-venezuela","status":"publish","type":"post","link":"https:\/\/www.europesays.com\/es\/298805\/","title":{"rendered":"Estados Unidos intercepta y confisca un petrolero frente a las costas de Venezuela"},"content":{"rendered":"<p style=\"\"><a href=\"https:\/\/www.abc.es\/noticias\/estados-unidos\/\" title=\"www.abc.es\" data-voc-vtm-id=\"in-text-traffic\" data-mrf-link=\"www.abc.es\" rel=\"nofollow noopener\" target=\"_blank\">Estados Unidos<\/a> ha interceptado e incautado<strong> un petrolero frente a la costa de Venezuela <\/strong>en aguas internacionales, seg\u00fan han informado tres funcionarios estadounidenses a Reuters este s\u00e1bado. Esta medida se produce pocos d\u00edas despu\u00e9s de que el presidente estadounidense, Donald Trump, anunciara un  &#8230; <strong>bloqueo a todos los buques de este tipo sancionados <\/strong>que entran y salen de Venezuela. <\/p>\n<p class=\"voc-p\" style=\"\">Esta es<strong> la segunda vez <\/strong>en las \u00faltimas semanas que Estados Unidos incauta un petrolero cerca de Venezuela, en medio de un importante despliegue militar estadounidense en la regi\u00f3n. Desde ese momento, las exportaciones de crudo del pa\u00eds caribe\u00f1o han ca\u00eddo dr\u00e1sticamente. <\/p>\n<p class=\"voc-p\" style=\"\">Por su parte, los funcionarios, que hablaron bajo condici\u00f3n de anonimato, <strong>no especificaron d\u00f3nde se estaba llevando a cabo la operaci\u00f3n<\/strong>, pero agregaron que la Guardia Costera estaba al frente. <\/p>\n<p class=\"voc-p\" style=\"\">\u00abOrdeno el <a href=\"https:\/\/www.abc.es\/internacional\/trump-anuncia-bloqueo-petroleros-sancionados-lleguen-salgan-20251217062241-nt.html\" title=\"www.abc.es\" data-voc-vtm-id=\"in-text-traffic\" data-mrf-link=\"www.abc.es\" rel=\"nofollow noopener\" target=\"_blank\">bloqueo total y completo de todos los petroleros sancionados <\/a>que entran y salen de Venezuela\u00bb, declar\u00f3 Trump el pasado martes. Desde que las fuerzas estadounidenses incautaron uno de estos buques frente a las costas del pa\u00eds caribe\u00f1o la semana pasada, <strong>se ha mantenido un embargo efectivo<\/strong>, y los buques cargados con millones de barriles de crudo permanecen en aguas del Estado latinoamericano para evitar ser incautados.<\/p>\n<p class=\"voc-p\" style=\"\">Si bien muchos buques que recogen petr\u00f3leo en Venezuela han sido sancionados, <strong>otros que lo transportan desde Ir\u00e1n y Rusia no han sido castigados<\/strong>. A su vez, algunas empresas, en particular la estadounidense Chevron, transportan el crudo del pa\u00eds latinoamericano en sus propios barcos autorizados.<\/p>\n<p class=\"voc-p\" style=\"\"><strong>China es el mayor comprador de crudo venezolano<\/strong>, que representa aproximadamente el 4% de sus importaciones, y se estima que en diciembre los env\u00edos promediar\u00e1n m\u00e1s de 600.000 barriles por d\u00eda, seg\u00fan han dicho los analistas.<\/p>\n<p class=\"voc-p\" style=\"\">Por ahora, el mercado petrolero est\u00e1 bien abastecido y hay millones de barriles en barcos frente a las costas de China a la espera de ser descargados. Si el embargo se mantiene durante un tiempo, es probable que la p\u00e9rdida de casi un mill\u00f3n de barriles diarios<strong> impulse los precios del petr\u00f3leo al alza<\/strong>.<\/p>\n<p>\nUn mercado bien abastecido\n<\/p>\n<p class=\"voc-p\" style=\"\">Desde que Estados Unidos impuso sanciones energ\u00e9ticas a Venezuela en 2019, los comerciantes y refinadores que compran petr\u00f3leo venezolano<strong> han recurrido a una \u00abflota fantasma\u00bb <\/strong>de barcos que disfrazan su ubicaci\u00f3n y a buques sancionados por transportar crudo iran\u00ed o ruso.<\/p>\n<p class=\"voc-p\" style=\"\">La campa\u00f1a de presi\u00f3n de Trump sobre Maduro ha incluido <strong>una mayor presencia militar en la regi\u00f3n<\/strong> y m\u00e1s de dos docenas de ataques militares contra buques en el oc\u00e9ano Pac\u00edfico y el mar Caribe cerca de Venezuela, que han matado al menos a 100 personas. El presidente estadounidense tambi\u00e9n ha adelantado que los ataques terrestres contra el pa\u00eds sudamericano comenzar\u00e1n pronto.<\/p>\n<p class=\"voc-p\" style=\"\">El presidente de Venezuela, Nicol\u00e1s Maduro, ha alegado que el aumento de la presencia militar estadounidense tiene como objetivo <strong>derrocarlo y obtener el control de los recursos petroleros<\/strong> del pa\u00eds, miembro de la OPEP, que constituyen las mayores reservas de crudo del mundo.<\/p>\n<p>\nApoyo de Ir\u00e1n\n<\/p>\n<p class=\"voc-p\" style=\"\">Por su parte, el Gobierno de Venezuela ha asegurado este s\u00e1bado <strong>haber recibido de Ir\u00e1n un ofrecimiento de cooperaci\u00f3n <\/strong>\u00aben todos los \u00e1mbitos\u00bb para enfrentar \u00abla pirater\u00eda y el terrorismo internacional\u00bb de Estados Unidos.<\/p>\n<p class=\"voc-p\" style=\"\">En su canal de Telegram, el ministro de Exteriores, Yv\u00e1n Gil, ha dicho<strong> haber recibido una llamada de su hom\u00f3logo iran\u00ed<\/strong>, Ab\u00e1s Araqch\u00ed, durante la que analizaron \u00ablos acontecimientos recientes en el Caribe, especialmente las amenazas, actos de pirater\u00eda de Estados Unidos y el robo de buques cargados de petr\u00f3leo venezolano\u00bb.<\/p>\n<p class=\"voc-p\" style=\"\">\u00ab<strong>Una muestra plena de solidaridad <\/strong>del Gobierno de la Rep\u00fablica Isl\u00e1mica de Ir\u00e1n, as\u00ed como su ofrecimiento de cooperaci\u00f3n en todos los \u00e1mbitos para enfrentar la pirater\u00eda y el terrorismo internacional que Estados Unidos busca imponer mediante la fuerza militar, violando la Carta de Naciones Unidas y el derecho internacional\u00bb, lo ha calificado Gil.<\/p>\n","protected":false},"excerpt":{"rendered":"Estados Unidos ha interceptado e incautado un petrolero frente a la costa de Venezuela en aguas internacionales, seg\u00fan&hellip;\n","protected":false},"author":2,"featured_media":298806,"comment_status":"","ping_status":"","sticky":false,"template":"","format":"standard","meta":{"footnotes":""},"categories":[5],"tags":[17,18,25857,71005,16270,25,24,4217,13,14,3419,11,71004,19,20,9,10,15,16,23,12,21,22,4218,1192],"class_list":{"0":"post-298805","1":"post","2":"type-post","3":"status-publish","4":"format-standard","5":"has-post-thumbnail","7":"category-titulares","8":"tag-breaking-news","9":"tag-breakingnews","10":"tag-buque","11":"tag-confisca","12":"tag-costas","13":"tag-es","14":"tag-espana","15":"tag-estados","16":"tag-featured-news","17":"tag-featurednews","18":"tag-frente","19":"tag-headlines","20":"tag-intercepta","21":"tag-latest-news","22":"tag-latestnews","23":"tag-news","24":"tag-noticias","25":"tag-noticias-destacadas","26":"tag-noticiasdestacadas","27":"tag-spain","28":"tag-titulares","29":"tag-ultimas-noticias","30":"tag-ultimasnoticias","31":"tag-unidos","32":"tag-venezuela"},"share_on_mastodon":{"url":"https:\/\/pubeurope.com\/@es\/115754808300469404","error":""},"_links":{"self":[{"href":"https:\/\/www.europesays.com\/es\/wp-json\/wp\/v2\/posts\/298805","targetHints":{"allow":["GET"]}}],"collection":[{"href":"https:\/\/www.europesays.com\/es\/wp-json\/wp\/v2\/posts"}],"about":[{"href":"https:\/\/www.europesays.com\/es\/wp-json\/wp\/v2\/types\/post"}],"author":[{"embeddable":true,"href":"https:\/\/www.europesays.com\/es\/wp-json\/wp\/v2\/users\/2"}],"replies":[{"embeddable":true,"href":"https:\/\/www.europesays.com\/es\/wp-json\/wp\/v2\/comments?post=298805"}],"version-history":[{"count":0,"href":"https:\/\/www.europesays.com\/es\/wp-json\/wp\/v2\/posts\/298805\/revisions"}],"wp:featuredmedia":[{"embeddable":true,"href":"https:\/\/www.europesays.com\/es\/wp-json\/wp\/v2\/media\/298806"}],"wp:attachment":[{"href":"https:\/\/www.europesays.com\/es\/wp-json\/wp\/v2\/media?parent=298805"}],"wp:term":[{"taxonomy":"category","embeddable":true,"href":"https:\/\/www.europesays.com\/es\/wp-json\/wp\/v2\/categories?post=298805"},{"taxonomy":"post_tag","embeddable":true,"href":"https:\/\/www.europesays.com\/es\/wp-json\/wp\/v2\/tags?post=298805"}],"curies":[{"name":"wp","href":"https:\/\/api.w.org\/{rel}","templated":true}]}}