{"id":298811,"date":"2025-12-21T00:56:13","date_gmt":"2025-12-21T00:56:13","guid":{"rendered":"https:\/\/www.europesays.com\/es\/298811\/"},"modified":"2025-12-21T00:56:13","modified_gmt":"2025-12-21T00:56:13","slug":"tomas-satoransky-vuelve-a-renacer-con-xavi-pascual","status":"publish","type":"post","link":"https:\/\/www.europesays.com\/es\/298811\/","title":{"rendered":"Tomas Satoransky vuelve a renacer con Xavi Pascual"},"content":{"rendered":"<p class=\"ft-text\"><strong>Las ocho victorias<\/strong> en nueve partidos del <a class=\"ft-link ft-link--decoration\" href=\"https:\/\/www.sport.es\/es\/barca\/baloncesto\/\" rel=\"nofollow noopener\" target=\"_blank\"><strong>Bar\u00e7a<\/strong><\/a> tras el regreso de <strong>Xavi Pascual<\/strong> a la entidad azulgrana hablan por s\u00ed solas y reflejan una mejor\u00eda significativa en el rendimiento del equipo respecto a lo que se ven\u00eda viviendo desde principio de temporada. <strong>La pizarra del t\u00e9cnico de Gav\u00e0 se ha ido asentando en el vestuario de manera exitosa,<\/strong> y esa adaptaci\u00f3n al baloncesto del nuevo inquilino del banquillo ha venido acompa\u00f1ada de unos triunfos que le han otorgado solidez y estabilidad al grupo.<\/p>\n<p class=\"ft-text\">M\u00e1s all\u00e1 de esas mejoras colectivas que el equipo deb\u00eda hacer, especialmente en defensa, y en las que todav\u00eda hay margen de crecimiento (Pascual solo lleva un mes en el equipo),<strong> el entrenador catal\u00e1n ha ido encontrando muy buenas versiones individuales de sus jugadores que han repercutido en lo colectivo.<\/strong> De hecho, han servido para explicar esa buena din\u00e1mica de resultados en la que se encuentra inmerso el equipo.<\/p>\n<p><img decoding=\"async\" src=\"https:\/\/www.europesays.com\/es\/wp-content\/uploads\/2025\/12\/4ddde9ea-926e-4d90-b32b-2f7f87ec5bd0_alta-libre-aspect-ratio_default_0.jpg\" width=\"1200\" height=\"675\" alt=\"Xavi Pascual, dando instrucciones a su equipo\" class=\"ft-helper-img-rd\" loading=\"lazy\"\/><\/p>\n<p class=\"ft-helper-fontColor-quaternary ft-helper-fontSize-body-S ft-helper-spacer-t-xxs\">Xavi Pascual, dando instrucciones a su equipo  \/ Dani Barbeito<\/p>\n<p>Crecimiento individual de los jugadores<\/p>\n<p class=\"ft-text\"><strong>Joel Parra<\/strong> firm\u00f3 su mejor partido hist\u00f3rico en la ACB ante Andorra hace unas semanas, <strong>Dar\u00edo Brizuela<\/strong> ha ido encontrando esos momentos de brillantez y explosi\u00f3n para ser un recurso importante en ataque, Willy Hernang\u00f3mez sigue dando pasos al frente en su rendimiento, especialmente en la parte trasera de pista, y el protagonismo de <strong>Will Clyburn, Tornike Shengelia o Kevin Punter<\/strong> no se ha visto afectado por el cambio de entrenador. Que decir del escolta neoyorquino, que ante Baskonia se fue hasta los <strong>43 puntos,<\/strong> la cuarta mejor marca anotadora hist\u00f3rica de un jugador en un partido en toda la historia de la Euroliga.<\/p>\n<p class=\"ft-text\">Pero en este elenco de jugadores, hay que incorporar el nombre de un <strong>Tomas Satoransky<\/strong> que est\u00e1 viviendo una metamorfosis en el Bar\u00e7a con el regreso de Pascual, con el que coincidi\u00f3 en su primera etapa. Con el t\u00e9cnico de Gav\u00e0, <strong>el base checo despunt\u00f3 en Espa\u00f1a para acabar dando el salto a la NBA<\/strong> y jugar en Am\u00e9rica seis temporadas. Tras cerrar su etapa en la liga, regreso a Barcelona, y una situaci\u00f3n algo surrealista y que habla de lo que viene viviendo la secci\u00f3n estos \u00faltimos a\u00f1os: <strong>cuatro campa\u00f1as, cuatro entrenadores distintos.<\/strong><\/p>\n<p><img decoding=\"async\" src=\"https:\/\/www.europesays.com\/es\/wp-content\/uploads\/2025\/12\/b414cb6e-39f8-428f-a7c9-de4bf8326277_alta-libre-aspect-ratio_default_0.jpg\" width=\"1200\" height=\"675\" alt=\"Tomas Satoransky, en el partido de Euroliga ante Baskonia\" class=\"ft-helper-img-rd\" loading=\"lazy\"\/><\/p>\n<p class=\"ft-helper-fontColor-quaternary ft-helper-fontSize-body-S ft-helper-spacer-t-xxs\">Tomas Satoransky, en el partido de Euroliga ante Baskonia  \/ Dani Barbeito<\/p>\n<p class=\"ft-text\">A principios de temporada, <a class=\"ft-link ft-link--decoration\" href=\"https:\/\/www.sport.es\/es\/noticias\/barca\/baloncesto\/satoransky-entiendo-criticas-satisfecho-ultimos-121984622\" rel=\"nofollow noopener\" target=\"_blank\"><strong>en una entrevista exclusiva con SPORT,<\/strong><\/a> &#8216;Sato&#8217; no esquiv\u00f3 ninguno de los asuntos para tratar de explicar los dos a\u00f1os en blanco que hab\u00eda vivido el equipo tras el adi\u00f3s de <strong>Sarunas Jasikevicius.<\/strong> El lituano tuvo peso en el regreso del checo a la capital catalana, y bajo las \u00f3rdenes de <strong>Roger Grimau <\/strong>y <strong>Joan Pe\u00f1arroya,<\/strong> el &#8217;13&#8217; azulgrana estuvo lejos de su mejor versi\u00f3n, en algunos casos, marcado tambi\u00e9n por problemas f\u00edsicos. No hay que olvidar que el curso pasado, con las lesiones de <strong>Juan N\u00fa\u00f1ez y Nico Laprovittola,<\/strong> se qued\u00f3 como \u00fanico base puro del equipo desde finales de febrero, y que se tuvo que infiltrar para poder disputar algunos encuentros de final de campa\u00f1a el pasado curso.<\/p>\n<p>Un nuevo mundo para Satoransky<\/p>\n<p class=\"ft-text\">Pero esa realidad ha cambiado y mucho con la llegada de Pascual. El entrenador se ha apoyado en el <strong>\u00fanico superviviente<\/strong> de aquel Bar\u00e7a que entren\u00f3 hasta 2016, y el capit\u00e1n ha respondido a la confianza de su entrenador desplegando en cancha todas sus virtudes. A Satoransky ya no hay que mirarle \u00fanicamente los puntos y asistencias que firma: <strong>sus n\u00fameros en rebotes y recuperaciones tambi\u00e9n ha ido al alza,<\/strong> convirti\u00e9ndose en un jugador que aporta pr\u00e1cticamente siempre que est\u00e1 en cancha, ya sea en ataque o en defensa.<\/p>\n<p><img decoding=\"async\" src=\"https:\/\/www.europesays.com\/es\/wp-content\/uploads\/2025\/12\/d1695a73-436f-4e9b-b5e0-2a14289bb388_alta-libre-aspect-ratio_default_0.jpg\" width=\"1200\" height=\"675\" alt=\"Tomas Satoransky se ha convertido en uno de los l\u00edderes del Bar\u00e7a de Xavi Pascual\" class=\"ft-helper-img-rd\" loading=\"lazy\"\/><\/p>\n<p class=\"ft-helper-fontColor-quaternary ft-helper-fontSize-body-S ft-helper-spacer-t-xxs\">Tomas Satoransky se ha convertido en uno de los l\u00edderes del Bar\u00e7a de Xavi Pascual  \/ Dani Barbeito<\/p>\n<p>Partido de r\u00e9cord ante Baskonia<\/p>\n<p class=\"ft-text\">Ante Baskonia, <strong>&#8216;Sato&#8217; firm\u00f3 su m\u00e1xima anotaci\u00f3n hist\u00f3rica (23) y tambi\u00e9n su tope en valoraci\u00f3n (32) en la Euroliga.<\/strong> A ese rendimiento ofensivo ante los vitorianos hay que sumar <strong>ocho rebotes, seis asistencias y un robo,<\/strong> y una gran gesti\u00f3n de las personales. En el minuto 16 de partido, <strong>Satoransky cometi\u00f3 su tercera falta,<\/strong> y desde ah\u00ed, hasta el final del partido, incluyendo las tres pr\u00f3rrogas, tan solo cometi\u00f3 una m\u00e1s. A falta de un minuto para terminar el \u00faltimo cuarto y con un 89-94 adverso,<strong> no le tembl\u00f3 el pulso para anotar un triple que le dio mucha vida al equipo,<\/strong> y en la acci\u00f3n posterior, rob\u00f3 el bal\u00f3n y asisti\u00f3 a Punter para el empate a 94.<\/p>\n<p class=\"ft-text\"><strong>Satoransky firm\u00f3 un inmaculado 3\/3 desde el triple, y con un 51% de acierto desde m\u00e1s all\u00e1 del 6,75, es el cuarto mejor triplista de la Euroliga<\/strong> en cuanto acierto. \u00abNo hab\u00eda tenido un partido as\u00ed con Pascual, pero creo que es m\u00e1s una cosa de como nos sentimos todos. <strong>Cuando ganas muchos partidos tienes la confianza en la cabeza, y cuando perd\u00edamos por 14 puntos, sab\u00edamos que pod\u00edamos volver al partido.<\/strong> Sabemos que vamos a perder alg\u00fan partido, pero siempre hay que darlo todo\u00bb, coment\u00f3 &#8216;Sato&#8217; a SPORT tras la victoria ante Baskonia. Un Satoransky que vuelve a sonre\u00edr en el Bar\u00e7a, que ahora mismo es una pieza crucial en la pizarra de Pascual, y que cuyo rendimiento invita a pensar en una continuidad en el equipo m\u00e1s all\u00e1 de este verano, momento en el que acaba su contrato.<\/p>\n","protected":false},"excerpt":{"rendered":"Las ocho victorias en nueve partidos del Bar\u00e7a tras el regreso de Xavi Pascual a la entidad azulgrana&hellip;\n","protected":false},"author":2,"featured_media":298812,"comment_status":"","ping_status":"","sticky":false,"template":"","format":"standard","meta":{"footnotes":""},"categories":[269],"tags":[299,2296,1918,298,168,25,24,4582,26568,23,167,3080,6278],"class_list":{"0":"post-298811","1":"post","2":"type-post","3":"status-publish","4":"format-standard","5":"has-post-thumbnail","7":"category-baloncesto","8":"tag-baloncesto","9":"tag-barca","10":"tag-basket","11":"tag-basketball","12":"tag-deportes","13":"tag-es","14":"tag-espana","15":"tag-pascual","16":"tag-satoransky","17":"tag-spain","18":"tag-sports","19":"tag-tomas","20":"tag-xavi"},"share_on_mastodon":{"url":"https:\/\/pubeurope.com\/@es\/115754840430962042","error":""},"_links":{"self":[{"href":"https:\/\/www.europesays.com\/es\/wp-json\/wp\/v2\/posts\/298811","targetHints":{"allow":["GET"]}}],"collection":[{"href":"https:\/\/www.europesays.com\/es\/wp-json\/wp\/v2\/posts"}],"about":[{"href":"https:\/\/www.europesays.com\/es\/wp-json\/wp\/v2\/types\/post"}],"author":[{"embeddable":true,"href":"https:\/\/www.europesays.com\/es\/wp-json\/wp\/v2\/users\/2"}],"replies":[{"embeddable":true,"href":"https:\/\/www.europesays.com\/es\/wp-json\/wp\/v2\/comments?post=298811"}],"version-history":[{"count":0,"href":"https:\/\/www.europesays.com\/es\/wp-json\/wp\/v2\/posts\/298811\/revisions"}],"wp:featuredmedia":[{"embeddable":true,"href":"https:\/\/www.europesays.com\/es\/wp-json\/wp\/v2\/media\/298812"}],"wp:attachment":[{"href":"https:\/\/www.europesays.com\/es\/wp-json\/wp\/v2\/media?parent=298811"}],"wp:term":[{"taxonomy":"category","embeddable":true,"href":"https:\/\/www.europesays.com\/es\/wp-json\/wp\/v2\/categories?post=298811"},{"taxonomy":"post_tag","embeddable":true,"href":"https:\/\/www.europesays.com\/es\/wp-json\/wp\/v2\/tags?post=298811"}],"curies":[{"name":"wp","href":"https:\/\/api.w.org\/{rel}","templated":true}]}}