{"id":298815,"date":"2025-12-21T00:58:09","date_gmt":"2025-12-21T00:58:09","guid":{"rendered":"https:\/\/www.europesays.com\/es\/298815\/"},"modified":"2025-12-21T00:58:09","modified_gmt":"2025-12-21T00:58:09","slug":"mis-hermanos-mis-primos-y-yo-siempre-recordamos-que-fuimos-privilegiados","status":"publish","type":"post","link":"https:\/\/www.europesays.com\/es\/298815\/","title":{"rendered":"Mis hermanos, mis primos y yo siempre recordamos que fuimos privilegiados"},"content":{"rendered":"<p data-journey-content=\"true\" data-node-id=\"0\" class=\"css-6wxqfj emevuu60\"><strong data-node-id=\"0.0\"><a href=\"https:\/\/www.harpersbazaar.com\/es\/famosas\/el-estilo-de\/a65979114\/isabel-preysler-libro-memorias-exclusiva-que-contar-que-callar\/\" target=\"_blank\" data-vars-ga-outbound-link=\"https:\/\/www.harpersbazaar.com\/es\/famosas\/el-estilo-de\/a65979114\/isabel-preysler-libro-memorias-exclusiva-que-contar-que-callar\/\" data-vars-ga-ux-element=\"Hyperlink\" data-vars-ga-call-to-action=\"Isabel Preysler\" data-node-id=\"0.0.0\" class=\"body-link css-156jt4g emevuu60\" rel=\"nofollow noopener\">Isabel Preysler<\/a><\/strong> no es solo una figura reconocida por su elegancia y estilo, sino que es un referente cultural y social cuya vida ha estado siempre bajo el ojo p\u00fablico. Su nombre evoca glamour, sofisticaci\u00f3n y una capacidad innata para reinventarse, pero detr\u00e1s de esa imagen se esconde una historia personal llena de experiencias, amores y recuerdos que, ahora salen a la luz en su libro autobiogr\u00e1fico, <strong data-node-id=\"0.2\"><a href=\"https:\/\/www.harpersbazaar.com\/es\/famosas\/el-estilo-de\/a68965977\/isabel-preysler-libro-biografia-pense-hora-supiesen-verdad\/\" target=\"_blank\" data-vars-ga-outbound-link=\"https:\/\/www.harpersbazaar.com\/es\/famosas\/el-estilo-de\/a68965977\/isabel-preysler-libro-biografia-pense-hora-supiesen-verdad\/\" data-vars-ga-ux-element=\"Hyperlink\" data-vars-ga-call-to-action=\"Mi verdadera historia,\" data-node-id=\"0.2.0\" class=\"body-link css-156jt4g emevuu60\" rel=\"nofollow noopener\">Mi verdadera historia,<\/a><\/strong> publicado por Espasa.<\/p>\n<p data-journey-content=\"true\" data-node-id=\"1\" class=\"css-6wxqfj emevuu60\">En la obra,<strong data-node-id=\"1.1\"> la socialit\u00e9<\/strong> recorre con sinceridad los diferentes cap\u00edtulos de su vida, desde su infancia en Filipinas hasta los grandes amores que han marcado su destino. En una entrevista reciente que ha concedido a la editorial de la obra, ha recorrido algunos de lso cap\u00edtulos que forman su historia, y, entre ellos, ha querido destacar sus a\u00f1os de su ni\u00f1ez: \u00abMis hermanos, mis primos y yo siempre recordamos que<strong data-node-id=\"1.3\"> fuimos privilegiados<\/strong>. Tuvimos una infancia muy feliz. Despu\u00e9s <strong data-node-id=\"1.5\">la adolescencia<\/strong> ya es m\u00e1s complicada\u00bb. Estos recuerdos reflejan la importancia de la familia y de la felicidad en los primeros a\u00f1os de vida, elementos que ella parece no olvidar, honrando siempre a su pa\u00eds de origen.<\/p>\n<p data-journey-content=\"true\" data-node-id=\"3\" class=\"css-6wxqfj emevuu60\"><a href=\"https:\/\/www.harpersbazaar.com\/es\/famosas\/el-estilo-de\/a65394064\/vestido-estampado-isabel-preysler-74-25-anos\/\" target=\"_blank\" data-vars-ga-outbound-link=\"https:\/\/www.harpersbazaar.com\/es\/famosas\/el-estilo-de\/a65394064\/vestido-estampado-isabel-preysler-74-25-anos\/\" data-vars-ga-ux-element=\"Hyperlink\" data-vars-ga-call-to-action=\"Filipinas,\" data-node-id=\"3.0\" class=\"body-link css-156jt4g emevuu60\" rel=\"nofollow noopener\"><strong data-node-id=\"3.0.0\">Filipinas<\/strong>,<\/a> donde creci\u00f3, dej\u00f3 en ella una huella imborrable: \u00abEn Filipinas vives mucho al aire libre, haces mucho deporte. Es un pa\u00eds para que los ni\u00f1os crezcan desde peque\u00f1os\u00bb, afirma, subrayando la conexi\u00f3n con la naturaleza y el desarrollo integral que tuvo en su infancia.<\/p>\n<p data-journey-content=\"true\" data-node-id=\"5\" class=\"css-6wxqfj emevuu60\">Con la elegancia que la caracteriza, en la obra,<strong data-node-id=\"5.1\"> Isabel Preysler<\/strong> rompe mitos y muestra la mujer detr\u00e1s de la figura p\u00fablica, abriendo la puerta a sus emociones, desaf\u00edos y privilegios. <strong data-node-id=\"5.3.0\">Mi verdadera historia<\/strong> no solo es un testimonio \u00edntimo, sino tambi\u00e9n una reflexi\u00f3n sobre la vida, la familia y los amores que han definido su camino. Es una lectura ideal para conocer m\u00e1s all\u00e1 del icono de glamour y descubrir muchas m\u00e1s facetas de la que es una de las personalidades que m\u00e1s inter\u00e9s despiertan del universo medi\u00e1tico.  <\/p>\n","protected":false},"excerpt":{"rendered":"Isabel Preysler no es solo una figura reconocida por su elegancia y estilo, sino que es un referente&hellip;\n","protected":false},"author":2,"featured_media":298816,"comment_status":"","ping_status":"","sticky":false,"template":"","format":"standard","meta":{"footnotes":""},"categories":[174],"tags":[255,253,146,147,25,24,256,23],"class_list":{"0":"post-298815","1":"post","2":"type-post","3":"status-publish","4":"format-standard","5":"has-post-thumbnail","7":"category-famosos","8":"tag-celebrities","9":"tag-discover","10":"tag-entertainment","11":"tag-entretenimiento","12":"tag-es","13":"tag-espana","14":"tag-famosos","15":"tag-spain"},"share_on_mastodon":{"url":"https:\/\/pubeurope.com\/@es\/115754848010697893","error":""},"_links":{"self":[{"href":"https:\/\/www.europesays.com\/es\/wp-json\/wp\/v2\/posts\/298815","targetHints":{"allow":["GET"]}}],"collection":[{"href":"https:\/\/www.europesays.com\/es\/wp-json\/wp\/v2\/posts"}],"about":[{"href":"https:\/\/www.europesays.com\/es\/wp-json\/wp\/v2\/types\/post"}],"author":[{"embeddable":true,"href":"https:\/\/www.europesays.com\/es\/wp-json\/wp\/v2\/users\/2"}],"replies":[{"embeddable":true,"href":"https:\/\/www.europesays.com\/es\/wp-json\/wp\/v2\/comments?post=298815"}],"version-history":[{"count":0,"href":"https:\/\/www.europesays.com\/es\/wp-json\/wp\/v2\/posts\/298815\/revisions"}],"wp:featuredmedia":[{"embeddable":true,"href":"https:\/\/www.europesays.com\/es\/wp-json\/wp\/v2\/media\/298816"}],"wp:attachment":[{"href":"https:\/\/www.europesays.com\/es\/wp-json\/wp\/v2\/media?parent=298815"}],"wp:term":[{"taxonomy":"category","embeddable":true,"href":"https:\/\/www.europesays.com\/es\/wp-json\/wp\/v2\/categories?post=298815"},{"taxonomy":"post_tag","embeddable":true,"href":"https:\/\/www.europesays.com\/es\/wp-json\/wp\/v2\/tags?post=298815"}],"curies":[{"name":"wp","href":"https:\/\/api.w.org\/{rel}","templated":true}]}}