{"id":298821,"date":"2025-12-21T01:02:09","date_gmt":"2025-12-21T01:02:09","guid":{"rendered":"https:\/\/www.europesays.com\/es\/298821\/"},"modified":"2025-12-21T01:02:09","modified_gmt":"2025-12-21T01:02:09","slug":"escritura-en-la-oscuridad","status":"publish","type":"post","link":"https:\/\/www.europesays.com\/es\/298821\/","title":{"rendered":"Escritura en la oscuridad"},"content":{"rendered":"<p>              <strong>+12<\/strong><\/p>\n<p>Anotaciones secretas y relevantes, que se realizan en la oscuridad. C\u00f3digos y s\u00edmbolos que protegen la confidencialidad de un mensaje. Con Jacinto Seara.<\/p>\n<p>Hablemos tambi\u00e9n de los intrusivos interceptadores de comunicaciones y se\u00f1ales.La revista internacional Radix Inteligentia, y su director  J. San Mart\u00edn, nos ofrece sus expertas anotaciones sobre este tema.<\/p>\n","protected":false},"excerpt":{"rendered":"+12 Anotaciones secretas y relevantes, que se realizan en la oscuridad. C\u00f3digos y s\u00edmbolos que protegen la confidencialidad&hellip;\n","protected":false},"author":2,"featured_media":298822,"comment_status":"","ping_status":"","sticky":false,"template":"","format":"standard","meta":{"footnotes":""},"categories":[170],"tags":[71006,146,147,25,71007,24,184,185,133,1448,1986,1987,23],"class_list":{"0":"post-298821","1":"post","2":"type-post","3":"status-publish","4":"format-standard","5":"has-post-thumbnail","7":"category-musica","8":"tag-codigo-crystal","9":"tag-entertainment","10":"tag-entretenimiento","11":"tag-es","12":"tag-escritura-en-la-oscuridad","13":"tag-espana","14":"tag-music","15":"tag-musica","16":"tag-online","17":"tag-radio","18":"tag-rne","19":"tag-rtve-play","20":"tag-spain"},"share_on_mastodon":{"url":"https:\/\/pubeurope.com\/@es\/115754863573042552","error":""},"_links":{"self":[{"href":"https:\/\/www.europesays.com\/es\/wp-json\/wp\/v2\/posts\/298821","targetHints":{"allow":["GET"]}}],"collection":[{"href":"https:\/\/www.europesays.com\/es\/wp-json\/wp\/v2\/posts"}],"about":[{"href":"https:\/\/www.europesays.com\/es\/wp-json\/wp\/v2\/types\/post"}],"author":[{"embeddable":true,"href":"https:\/\/www.europesays.com\/es\/wp-json\/wp\/v2\/users\/2"}],"replies":[{"embeddable":true,"href":"https:\/\/www.europesays.com\/es\/wp-json\/wp\/v2\/comments?post=298821"}],"version-history":[{"count":0,"href":"https:\/\/www.europesays.com\/es\/wp-json\/wp\/v2\/posts\/298821\/revisions"}],"wp:featuredmedia":[{"embeddable":true,"href":"https:\/\/www.europesays.com\/es\/wp-json\/wp\/v2\/media\/298822"}],"wp:attachment":[{"href":"https:\/\/www.europesays.com\/es\/wp-json\/wp\/v2\/media?parent=298821"}],"wp:term":[{"taxonomy":"category","embeddable":true,"href":"https:\/\/www.europesays.com\/es\/wp-json\/wp\/v2\/categories?post=298821"},{"taxonomy":"post_tag","embeddable":true,"href":"https:\/\/www.europesays.com\/es\/wp-json\/wp\/v2\/tags?post=298821"}],"curies":[{"name":"wp","href":"https:\/\/api.w.org\/{rel}","templated":true}]}}