{"id":298825,"date":"2025-12-21T01:04:10","date_gmt":"2025-12-21T01:04:10","guid":{"rendered":"https:\/\/www.europesays.com\/es\/298825\/"},"modified":"2025-12-21T01:04:10","modified_gmt":"2025-12-21T01:04:10","slug":"un-record-para-mbappe-en-la-noche-del-desencanto-del-bernabeu-con-el-real-madrid-futbol-deportes","status":"publish","type":"post","link":"https:\/\/www.europesays.com\/es\/298825\/","title":{"rendered":"Un r\u00e9cord para Mbapp\u00e9 en la noche del desencanto del Bernab\u00e9u con el Real Madrid | F\u00fatbol | Deportes"},"content":{"rendered":"<p class=\"\">El a\u00f1o que Mbapp\u00e9 igual\u00f3 de penalti <a href=\"https:\/\/elpais.com\/deportes\/futbol\/2025-12-20\/mbappe-a-la-caza-de-un-record-de-cristiano-para-sostener-a-xabi.html\" target=\"_self\" rel=\"nofollow noopener\" title=\"https:\/\/elpais.com\/deportes\/futbol\/2025-12-20\/mbappe-a-la-caza-de-un-record-de-cristiano-para-sostener-a-xabi.html\">el r\u00e9cord de 59 goles de Cristiano Ronaldo<\/a> fue tambi\u00e9n el a\u00f1o en que el Real Madrid provoc\u00f3 el desenamoramiento del Bernab\u00e9u con una ca\u00edda de tensi\u00f3n estruendosa. El punto culminante sucedi\u00f3 cuando Vinicius sali\u00f3 sustituido acompa\u00f1ado de una generosa pitada, tan extensa como lo que alarg\u00f3 el paseo hasta el banquillo, con la misma desgana con la que el equipo afront\u00f3 la despedida de 2025 contra el Sevilla. El contrapunto lo puso Xabi Alonso, que dos meses despu\u00e9s del desplante del cl\u00e1sico le esperaba en la banda aplaudiendo bajo los silbidos. Se abrazaron cuando ya jugaban contra diez y a\u00fan segu\u00edan 1-0 sostenidos por otra colecci\u00f3n portentosa de paradas de Courtois, bajo el descontento general. Luego lleg\u00f3 el gol de r\u00e9cord del franc\u00e9s y el Madrid se fue a dormir a solo un punto del Barcelona, que hoy visita al Villarreal.<\/p>\n<p>                                                                                                                                                                                                                                                                                <img decoding=\"async\" title=\"Real Madrid\" loading=\"lazy\" src=\"https:\/\/www.europesays.com\/es\/wp-content\/uploads\/2025\/12\/1766279049_883_1.png\"  width=\"80\" height=\"80\" data-error-image=\"https:\/\/static.prisa.com\/aside\/resizer\/resize\/img\/sports\/football\/teams\/default.png?width=160&amp;height=160\"\/><\/p>\n<p>\n            2<\/p>\n<p>                                                                                                                                                                                                                                                                                                                                                                                                                                                                                                                                                                                                                                                                                                                                                                                                                                                                                                                                                                                                                                                                                                                                                                                                                                                                                                                                                                                                                                                                                                                                                                                                                                                                                                                                                                                                                                                                                                                                                                                                                                                                                                                                                                                                                                                                                                                                                                                                                                                                                                                                                                                                                                                                                                                                                                                                                                                                                                                                                                                                                                                                                            Thibaut Courtois, Antonio R\u00fcdiger, Ra\u00fal Asencio (David Jim\u00e9nez, min. 93), Dean Huijsen, Fran Garc\u00eda, Arda G\u00fcler (Eduardo Camavinga, min. 71), Aur\u00e9lien Tchouam\u00e9ni, Jude Bellingham, Kylian Mbapp\u00e9, Vin\u00edcius J\u00fanior (Gonzalo Garc\u00eda, min. 82) y Rodrygo<\/p>\n<p>\n            0<\/p>\n<p>                                                                                                                                                                                                                                                                                <img decoding=\"async\" title=\"Sevilla\" loading=\"lazy\" src=\"https:\/\/www.europesays.com\/es\/wp-content\/uploads\/2025\/12\/53.png\"  width=\"80\" height=\"80\" data-error-image=\"https:\/\/static.prisa.com\/aside\/resizer\/resize\/img\/sports\/football\/teams\/default.png?width=160&amp;height=160\"\/><\/p>\n<p>                                                                                                                                                                                                                                                                                                                                                                                                                                                                                                                                                                                                                                                                                                                                                                                                                                                                                                                                                                                                                                                                                                                                                                                                                                                                                                                                                                                                                                                                                                                                                                                                                                                                                                                                                                                                                                                                                                                                                                                                                                                                                                                                                                                                                                                                                                                                                                                                                                                                                                                                                                                                                                                                                                                                                                                                                                                                                                                                                                                                                                                                                                                                                                                                                                                    Odysseas Vlachodimos, Nemanja Gudelj, Juanlu S\u00e1nchez, Jos\u00e9 \u00c1ngel Carmona (Kike Salas, min. 83), Marc\u00e3o, Gabriel Suazo (Oso, min. 59), Batista Mendy (Alfon Gonz\u00e1lez, min. 83), Lucien Agoum\u00e9 (Adnan Januzaj, min. 83), Djibril Sow, Isaac Romero (Peque Fern\u00e1ndez, min. 69) y Alexis S\u00e1nchez<\/p>\n<p>\n            <b>Goles<\/b><br \/>\n                                                                                                        1-0 min. 37: Jude Bellingham.                                                                                 2-0 min. 85: Kylian Mbappe                    <\/p>\n<p>\n            <b>Arbitro<\/b> Alejandro Mu\u00f1iz Ruiz<\/p>\n<p>Tarjetas amarillas<br \/>\n                                            Jos\u00e9 \u00c1ngel Carmona (min. 33),                                             Almeyda (min. 34),                                             Marcao (min. 36),                                             Rodrygo (min. 40),                                             Ra\u00fal Asencio (min. 59),                                             Lucien Agoume (min. 69),                                             Djibril Sow (min. 90)\n                <\/p>\n<p>Tarjetas rojas<br \/>\n                                            Almeyda (min. 48),                                             Marcao (min. 67)\n                <\/p>\n<p class=\"\">Al Bernab\u00e9u no le ha gustado lo que ha visto estas semanas. Tampoco le gustaba lo que ve\u00eda la \u00faltima noche del a\u00f1o. Otra ca\u00edda de tensi\u00f3n, con juego al paso e imprecisiones por doquier. Huijsen se mov\u00eda como si a\u00fan no se hubiera quitado el pijama. Fallaba controles, estaba a punto de caerse al pisar la pelota. Se giraba con la laboriosidad de un buque atracando e Isaac Romero ten\u00eda tiempo de birlarle la pelota, o provocar que la perdiera. Sus maniobras en la salida de un bal\u00f3n que no sal\u00eda dispararon los primeros silbidos de la grada, un acompa\u00f1amiento creciente.<\/p>\n<p class=\"\">Fran Garc\u00eda no acertaba pases sencillos. Tampoco Asencio. Hasta Mbapp\u00e9 sonaba desafinado despu\u00e9s de volar sobre la marejada que ha arrastrado a todos. Se le escapaban controles, no acertaba con descargas sencillas. Caminaban, de cuando en cuando espoleados por los silbidos, que aparec\u00edan cuando los jugadores del Madrid contemplaban a cierta distancia c\u00f3mo Marcao, Gudelj y Carmona se pasaban la pelota e iban tejiendo desde atr\u00e1s para tratar de encontrar arriba a Isaac Romero y Alexis S\u00e1nchez. <\/p>\n<p class=\"\">Almeyda hab\u00eda dispuesto una red tupida con cinco defensas y dos delanteros esperando extraer algo de alguna aventura solitaria. La retaguardia apenas sufr\u00eda, muy poco exigida por un Madrid entre la desidia y la desorientaci\u00f3n. Arriba iban dejando avisos inquietantes. Romero se plant\u00f3 solo ante Courtois y ech\u00f3 fuera un remate picado. El Bernab\u00e9u se indign\u00f3 y Bellingham sinti\u00f3 la llamada del deber y se hizo cargo de la pelota. Corr\u00eda con ella, la repart\u00eda. Se consum\u00eda en un empe\u00f1o solitario, a veces acompa\u00f1ado por arrancadas de Vinicius. Si un equipo es una constelaci\u00f3n, el Real era la noche de San Lorenzo, la esperanza incierta de que se encienda una estrella fugaz. Y conceda un deseo.<\/p>\n<p><img decoding=\"auto\" class=\"_re lazyload a_m-h\" height=\"269\"  width=\"414\"  src=\"https:\/\/www.europesays.com\/es\/wp-content\/uploads\/2025\/12\/USEEF3QKCJH6DJRFT3B2MCA4EU.jpg\" loading=\"lazy\"\/>Mbapp\u00e9 celebra su gol a lo Cristiano Ronaldo, para homenajear al portugu\u00e9s tras empatar su r\u00e9cord de goles en un a\u00f1o con el Madrid.Angel Martinez (Getty Images)<\/p>\n<p class=\"\">Que lleg\u00f3 desde arriba. Rodrygo puso en el \u00e1rea una falta lateral y Bellingham, en pleno empe\u00f1o expansivo, marc\u00f3 de cabeza. Pero el gol no cambi\u00f3 nada. El Madrid mantuvo la desgana y el Sevilla sigui\u00f3 encontrando a Isaac y Alexis. La ausencia de tensi\u00f3n defensiva desesperaba al grader\u00edo. Y tambi\u00e9n a Courtois, que empez\u00f3 a encontrarse a solas con delanteros que le llegaban sin un rasgu\u00f1o. El belga acumulaba intervenciones l\u00edmite. <\/p>\n<p class=\"\">El Madrid se mov\u00eda sobre el alambre sin terminar de espabilar. Aunque al otro lado hubo un momento, ya avanzado el partido, en el que Mbapp\u00e9 pareci\u00f3 recordar que ten\u00eda a tiro el r\u00e9cord de Cristiano. El franc\u00e9s encaden\u00f3 un tiro fuera, uno a las manos de Vlahodimos y una rareza, un cabezazo al travesa\u00f1o. <\/p>\n<p class=\"\">Se extingui\u00f3 ese fulgor moment\u00e1neo y el equipo regres\u00f3 a la aton\u00eda. El Sevilla se qued\u00f3 con diez cuando el \u00e1rbitro le mostr\u00f3 la segunda amarilla a Marcao con m\u00e1s de 20 minutos por delante y el Madrid sigui\u00f3 al paso como si prefiriera que ya no pasara nada m\u00e1s. El Bernab\u00e9u no compart\u00eda el plan y retom\u00f3 los silbidos, mientras el Sevilla se vaciaba buscando el empate con uno menos. Rodrygo dribl\u00f3 en el \u00e1rea, lo derrib\u00f3 Juanlu y Mbapp\u00e9 alcanz\u00f3 el gol 59. Lo celebr\u00f3 como CR. De lo poco que dej\u00f3 para celebrar la noche de fin de a\u00f1o. De fin de amor.<\/p>\n","protected":false},"excerpt":{"rendered":"El a\u00f1o que Mbapp\u00e9 igual\u00f3 de penalti el r\u00e9cord de 59 goles de Cristiano Ronaldo fue tambi\u00e9n el&hellip;\n","protected":false},"author":2,"featured_media":298826,"comment_status":"","ping_status":"","sticky":false,"template":"","format":"standard","meta":{"footnotes":""},"categories":[93],"tags":[1540,168,1539,25,24,282,1538,8040,1210,3048,2993,23,167,10344],"class_list":{"0":"post-298825","1":"post","2":"type-post","3":"status-publish","4":"format-standard","5":"has-post-thumbnail","7":"category-deportes","8":"tag-competiciones","9":"tag-deportes","10":"tag-entrenadores","11":"tag-es","12":"tag-espana","13":"tag-futbol","14":"tag-futbolistas","15":"tag-kylian-mbappe","16":"tag-laliga-ea-sports","17":"tag-real-madrid","18":"tag-sevilla-futbol-club","19":"tag-spain","20":"tag-sports","21":"tag-xabi-alonso"},"share_on_mastodon":{"url":"https:\/\/pubeurope.com\/@es\/115754871994941516","error":""},"_links":{"self":[{"href":"https:\/\/www.europesays.com\/es\/wp-json\/wp\/v2\/posts\/298825","targetHints":{"allow":["GET"]}}],"collection":[{"href":"https:\/\/www.europesays.com\/es\/wp-json\/wp\/v2\/posts"}],"about":[{"href":"https:\/\/www.europesays.com\/es\/wp-json\/wp\/v2\/types\/post"}],"author":[{"embeddable":true,"href":"https:\/\/www.europesays.com\/es\/wp-json\/wp\/v2\/users\/2"}],"replies":[{"embeddable":true,"href":"https:\/\/www.europesays.com\/es\/wp-json\/wp\/v2\/comments?post=298825"}],"version-history":[{"count":0,"href":"https:\/\/www.europesays.com\/es\/wp-json\/wp\/v2\/posts\/298825\/revisions"}],"wp:featuredmedia":[{"embeddable":true,"href":"https:\/\/www.europesays.com\/es\/wp-json\/wp\/v2\/media\/298826"}],"wp:attachment":[{"href":"https:\/\/www.europesays.com\/es\/wp-json\/wp\/v2\/media?parent=298825"}],"wp:term":[{"taxonomy":"category","embeddable":true,"href":"https:\/\/www.europesays.com\/es\/wp-json\/wp\/v2\/categories?post=298825"},{"taxonomy":"post_tag","embeddable":true,"href":"https:\/\/www.europesays.com\/es\/wp-json\/wp\/v2\/tags?post=298825"}],"curies":[{"name":"wp","href":"https:\/\/api.w.org\/{rel}","templated":true}]}}