{"id":298827,"date":"2025-12-21T01:05:11","date_gmt":"2025-12-21T01:05:11","guid":{"rendered":"https:\/\/www.europesays.com\/es\/298827\/"},"modified":"2025-12-21T01:05:11","modified_gmt":"2025-12-21T01:05:11","slug":"depresion-invernal-o-falta-de-vitamina-d-conoce-las-claves-para-identificar-este-padecimiento-segun-experto","status":"publish","type":"post","link":"https:\/\/www.europesays.com\/es\/298827\/","title":{"rendered":"\u00bfDepresi\u00f3n invernal o falta de vitamina D? Conoce las claves para identificar este padecimiento, seg\u00fan experto"},"content":{"rendered":"<p itemprop=\"description\" class=\"sc__font-paragraph\">El pr\u00f3ximo<b> 21 de diciembre <\/b>llegar\u00e1 oficialmente el <b>invierno<\/b> a M\u00e9xico y, junto con el cambio de estaci\u00f3n, algunos de los padecimientos propios de la \u00e9poca mantendr\u00e1n en alerta a la poblaci\u00f3n, ya que la salud mental de muchas personas puede verse afectada por la <a itemprop=\"url\" href=\"https:\/\/www.eluniversal.com.mx\/tendencias\/\" target=\"_blank\" rel=\"nofollow noopener\" title=\"https:\/\/www.eluniversal.com.mx\/tendencias\/\"><b>depresi\u00f3n invernal<\/b><\/a>.<\/p>\n<p itemprop=\"description\" class=\"sc__font-paragraph\">Durante los meses que dura el <b>invierno<\/b>, muchas personas experimentan cansancio constante, <b>tristeza<\/b>, falta de motivaci\u00f3n y cambios en el estado de \u00e1nimo. Aunque suele atribuirse al <b>clima fr\u00edo<\/b>, estos s\u00edntomas pueden estar relacionados con dos factores principales: la <b>depresi\u00f3n invernal<\/b>, tambi\u00e9n conocida como <b>Trastorno Afectivo Estacional <\/b>(TAE), y la <b>deficiencia de vitamina D<\/b>. <\/p>\n<p itemprop=\"description\" class=\"sc__font-paragraph\">Por este motivo, en entrevista con <a itemprop=\"url\" href=\"https:\/\/www.eluniversal.com.mx\/\" target=\"_blank\" rel=\"nofollow noopener\" title=\"https:\/\/www.eluniversal.com.mx\/\"><b>El Universal<\/b><\/a>, el Dr. Zigor Campos, ginec\u00f3logo experto en salud hormonal femenina explic\u00f3 algunos factores clave para tratar la <b>depresi\u00f3n invernal <\/b>y mejorar el<b> bienestar emocional <\/b>durante esta \u00e9poca.<\/p>\n<p itemprop=\"description\" class=\"sc__font-paragraph\"><b>Leer tambi\u00e9n:<\/b> <a itemprop=\"url\" href=\"https:\/\/www.eluniversal.com.mx\/tendencias\/como-evitar-desperdiciar-comida-en-navidad-unam-responde\/\" rel=\"nofollow noopener\" target=\"_blank\">\u00bfC\u00f3mo evitar desperdiciar comida en Navidad? UNAM responde<\/a><\/p>\n<p><img decoding=\"async\" width=\"0\" height=\"620\" class=\"story__img block w-full h-auto md:h-full object-cover\" src=\"https:\/\/www.europesays.com\/es\/wp-content\/uploads\/2025\/12\/EQ24CK4DKVE7TJZ4OZJ6YQOC4U.jpg\" alt=\"\u00bfQu\u00e9 pasa si alguien siente tristeza en Navidad? Foto: Pexels\" auth=\"5b93f89acd93e185465d5f58157b0d7e12944e245f236eade0d7e8cfa6defcca\" loading=\"eager\" fetchpriority=\"high\"\/><\/p>\n<p>\u00bfQu\u00e9 pasa si alguien siente tristeza en Navidad? Foto: Pexels<\/p>\n<p itemprop=\"description\" class=\"sc__font-paragraph\">La <b>falta de vitamina D<\/b> se vuelve com\u00fan en <b>temporada invernal<\/b>. Esta vitamina se sintetiza principalmente a trav\u00e9s de la <b>exposici\u00f3n solar,<\/b> y su deficiencia se ha relacionado con <b>fatiga<\/b>, debilidad muscular y <b>s\u00edntomas depresivos<\/b>.<\/p>\n<p itemprop=\"description\" class=\"sc__font-paragraph\">\u201cEn <b>invierno nos deprimimos m\u00e1s<\/b>, tiene mucho que ver con la cuesti\u00f3n <b>clim\u00e1tica <\/b>de que se pierde luz, pues durante esta \u00e9poca habitualmente uno sale de casa <b>temprano<\/b> cuando a\u00fan es de <b>noche<\/b> y al regresar cae la tarde, ya est\u00e1 <b>oscuro<\/b>; adem\u00e1s el clima que es m\u00e1s g\u00e9lido y esto genera una sensaci\u00f3n de <b>tristeza<\/b>\u201d, mencion\u00f3 el especialista.<\/p>\n<p itemprop=\"description\" class=\"sc__font-paragraph\">A pesar de la \u00e9poca que suele ser muy <b>festiva<\/b> por la llegada de la <b>Navidad<\/b>, reuniones y posadas, durante esta temporada, el experto hizo hincapi\u00e9 en que los <b>recuerdos del pasado<\/b> son un factor que puede jugar a favor o en contra para determinar que un paciente presente <b>depresi\u00f3n<\/b> <b>invernal<\/b>.<\/p>\n<p itemprop=\"description\" class=\"sc__font-paragraph\"><b>Leer tambi\u00e9n: <\/b><a itemprop=\"url\" href=\"https:\/\/www.eluniversal.com.mx\/tendencias\/navidad-2025-como-evitar-incendios-estas-fiestas-decembrinas\/\" rel=\"nofollow noopener\" target=\"_blank\">Navidad 2025: \u00bfc\u00f3mo evitar incendios estas fiestas decembrinas?<\/a><\/p>\n<p><img decoding=\"async\" width=\"0\" height=\"620\" class=\"story__img block w-full h-auto md:h-full object-cover\" src=\"https:\/\/www.europesays.com\/es\/wp-content\/uploads\/2025\/12\/K3CPIB7HIFDY5LSLNRDUKZJRP4.jpg\" alt=\"Nostalgia en navidad. Foto: Pexels\" auth=\"5082df6e8791af5f446a848ed49d858114b6101e8effdf601bf7ef6d63ee45bc\" loading=\"eager\" fetchpriority=\"high\"\/><\/p>\n<p>Nostalgia en navidad. Foto: Pexels<\/p>\n<p itemprop=\"description\" class=\"sc__font-paragraph\">\u00abEsto afecta por igual a hombres y mujeres, seg\u00fan las obligaciones y los medios de cada quien, pues muchas personas optan por huir de este clima e irse a lugares c\u00e1lidos, sin embargo el com\u00fan de la poblaci\u00f3n debe salir y desplazarse para ir a <b>trabajar<\/b>\u00ab, dijo.<\/p>\n<p itemprop=\"description\" class=\"sc__font-paragraph\">Aunado a ello, Campos resalt\u00f3 la importancia de que en esta temporada, quienes tienen alguna condici\u00f3n o <b>predisposici\u00f3n<\/b> por padecimiento m\u00e9dico cr\u00f3nico tambi\u00e9n puede ser un detonante para sufrir<b> depresi\u00f3n invernal<\/b>.<\/p>\n<p itemprop=\"description\" class=\"sc__font-paragraph\">\u00abAunque todo est\u00e1 ligado a la <b>qu\u00edmica cerebral <\/b>se pueden evaluar los <b>factores de riesgo<\/b> que son posibles de <b>modificar<\/b> y los que no; m\u00e1s all\u00e1 de la cuesti\u00f3n social y la mercadotecnia para generar <b>dopamina<\/b> como la necesidad de ir compras, aprovechar las rebajas y las ventas nocturnas, una buena manera de hacer que nuestros <b>neurotransmisores<\/b> funcionen adecuadamente es enfocarse en una <b>buena nutrici\u00f3n<\/b> con macronutrientes\u00bb, se\u00f1al\u00f3.<\/p>\n<p itemprop=\"description\" class=\"sc__font-paragraph\"><b>Tambi\u00e9n te interesar\u00e1:<\/b><\/p>\n<p itemprop=\"description\" class=\"sc__font-paragraph\"><a itemprop=\"url\" href=\"https:\/\/www.eluniversal.com.mx\/tendencias\/el-remedio-casero-para-eliminar-manchas-dificiles-de-los-sillones-y-que-tu-sala-luzca-como-nueva-2\/\" rel=\"nofollow noopener\" title=\"https:\/\/www.eluniversal.com.mx\/tendencias\/el-remedio-casero-para-eliminar-manchas-dificiles-de-los-sillones-y-que-tu-sala-luzca-como-nueva-2\/\" target=\"_blank\">El remedio casero para eliminar manchas dif\u00edciles de los sillones y que tu sala luzca como nueva<\/a><\/p>\n<p itemprop=\"description\" class=\"sc__font-paragraph\"><a itemprop=\"url\" href=\"https:\/\/www.eluniversal.com.mx\/tendencias\/el-sencillo-truco-para-que-las-sabanas-y-ropa-de-cama-tengan-un-aroma-delicioso-por-mas-tiempo\/\" rel=\"nofollow noopener\" title=\"https:\/\/www.eluniversal.com.mx\/tendencias\/el-sencillo-truco-para-que-las-sabanas-y-ropa-de-cama-tengan-un-aroma-delicioso-por-mas-tiempo\/\" target=\"_blank\">El sencillo truco para que las s\u00e1banas y ropa de cama tengan un aroma delicioso por m\u00e1s tiempo\u2060<\/a><\/p>\n<p itemprop=\"description\" class=\"sc__font-paragraph\"><a itemprop=\"url\" href=\"https:\/\/www.eluniversal.com.mx\/tendencias\/donde-tramitar-la-tarjeta-inapam-en-cdmx-no-te-pierdas-los-beneficios-en-el-2026\/\" rel=\"nofollow noopener\" title=\"https:\/\/www.eluniversal.com.mx\/tendencias\/donde-tramitar-la-tarjeta-inapam-en-cdmx-no-te-pierdas-los-beneficios-en-el-2026\/\" target=\"_blank\">\u00bfD\u00f3nde tramitar la tarjeta INAPAM en CDMX? No te pierdas los beneficios en el 2026<\/a><\/p>\n<p itemprop=\"description\" class=\"sc__font-paragraph\"><a itemprop=\"url\" href=\"https:\/\/www.eluniversal.com.mx\/tendencias\/semana-santa-2025-por-que-la-gente-acostumbra-no-banarse-durante-el-viernes-santo\/\" rel=\"nofollow noopener\" target=\"_blank\">\u00danete a nuestro canal <\/a>\u00a1EL UNIVERSAL ya est\u00e1 en Whatsapp!, desde tu dispositivo m\u00f3vil ent\u00e9rate de las noticias m\u00e1s relevantes del d\u00eda, art\u00edculos de opini\u00f3n, entretenimiento, tendencias y m\u00e1s.<\/p>\n<p itemprop=\"description\" class=\"sc__font-paragraph\">dcs<\/p>\n","protected":false},"excerpt":{"rendered":"El pr\u00f3ximo 21 de diciembre llegar\u00e1 oficialmente el invierno a M\u00e9xico y, junto con el cambio de estaci\u00f3n,&hellip;\n","protected":false},"author":2,"featured_media":298828,"comment_status":"","ping_status":"","sticky":false,"template":"","format":"standard","meta":{"footnotes":""},"categories":[92],"tags":[71010,2378,71008,25,24,71011,165,16250,71013,71009,166,71012,23,28577,4619],"class_list":{"0":"post-298827","1":"post","2":"type-post","3":"status-publish","4":"format-standard","5":"has-post-thumbnail","7":"category-salud","8":"tag-como-prevenir-la-depresion-invernal","9":"tag-depresion","10":"tag-depresion-invernal","11":"tag-es","12":"tag-espana","13":"tag-factores-de-la-depresion-invernal","14":"tag-health","15":"tag-invierno","16":"tag-invierno-en-mexico","17":"tag-que-es-la-depresion-invernal","18":"tag-salud","19":"tag-sintomas-de-la-depresion-invernal","20":"tag-spain","21":"tag-tendencia","22":"tag-viral"},"share_on_mastodon":{"url":"https:\/\/pubeurope.com\/@es\/115754875353989288","error":""},"_links":{"self":[{"href":"https:\/\/www.europesays.com\/es\/wp-json\/wp\/v2\/posts\/298827","targetHints":{"allow":["GET"]}}],"collection":[{"href":"https:\/\/www.europesays.com\/es\/wp-json\/wp\/v2\/posts"}],"about":[{"href":"https:\/\/www.europesays.com\/es\/wp-json\/wp\/v2\/types\/post"}],"author":[{"embeddable":true,"href":"https:\/\/www.europesays.com\/es\/wp-json\/wp\/v2\/users\/2"}],"replies":[{"embeddable":true,"href":"https:\/\/www.europesays.com\/es\/wp-json\/wp\/v2\/comments?post=298827"}],"version-history":[{"count":0,"href":"https:\/\/www.europesays.com\/es\/wp-json\/wp\/v2\/posts\/298827\/revisions"}],"wp:featuredmedia":[{"embeddable":true,"href":"https:\/\/www.europesays.com\/es\/wp-json\/wp\/v2\/media\/298828"}],"wp:attachment":[{"href":"https:\/\/www.europesays.com\/es\/wp-json\/wp\/v2\/media?parent=298827"}],"wp:term":[{"taxonomy":"category","embeddable":true,"href":"https:\/\/www.europesays.com\/es\/wp-json\/wp\/v2\/categories?post=298827"},{"taxonomy":"post_tag","embeddable":true,"href":"https:\/\/www.europesays.com\/es\/wp-json\/wp\/v2\/tags?post=298827"}],"curies":[{"name":"wp","href":"https:\/\/api.w.org\/{rel}","templated":true}]}}