{"id":298834,"date":"2025-12-21T01:09:16","date_gmt":"2025-12-21T01:09:16","guid":{"rendered":"https:\/\/www.europesays.com\/es\/298834\/"},"modified":"2025-12-21T01:09:16","modified_gmt":"2025-12-21T01:09:16","slug":"visita-a-hospitales-que-estan-mas-cercanos-al-futuro","status":"publish","type":"post","link":"https:\/\/www.europesays.com\/es\/298834\/","title":{"rendered":"Visita a hospitales que est\u00e1n m\u00e1s cercanos al futuro"},"content":{"rendered":"<p style=\"margin-bottom: 11px;\">Uno puede ir halando los sue\u00f1os, si est\u00e1n en el futuro, e irlos acercando a la realidad del presente. Eso es lo que ense\u00f1an lugares como el Centro de Entrenamiento de Cirug\u00eda de M\u00ednimo Acceso -ubicado en el municipio capitalino de 10 de Octubre y perteneciente al Centro Nacional con igual nombre- hasta donde lleg\u00f3, en la ma\u00f1ana de este viernes, el Presidente de la Rep\u00fablica de Cuba, Miguel D\u00edaz-Canel Berm\u00fadez.<\/p>\n<p>El Centro de Entrenamiento fue el lugar, durante la visita, donde se hizo entrega de la Menci\u00f3n Especial de Reconocimiento a la Excelencia al Centro Nacional de Cirug\u00eda de M\u00ednimo Acceso. Se trat\u00f3 de un sencillo pero emotivo momento, durante el cual el miembro del Bur\u00f3 Pol\u00edtico y primer ministro de la Rep\u00fablica de Cuba, Manuel Marrero Cruz, hizo entrega del valioso est\u00edmulo a la instituci\u00f3n que, desde hace m\u00e1s de una d\u00e9cada, anda inmersa en la tarea de su total informatizaci\u00f3n y digitalizaci\u00f3n.<\/p>\n<p>En una jornada que tambi\u00e9n cont\u00f3 con el viceprimer ministro Eduardo Mart\u00ednez D\u00edaz, con el ministro de Salud P\u00fablica Jos\u00e9 Angel Portal Miranda, y con otros dirigentes, las razones del Reconocimiento a la Excelencia fueron explicadas por el titular del Ministerio de Ciencia, Tecnolog\u00eda y Medio Ambiente (CITMA), Doctor en Ciencias Armando Rodr\u00edguez Batista.<\/p>\n<p>    <img decoding=\"async\" class=\"img-responsive img-rounded img-inline-block\" src=\"https:\/\/www.europesays.com\/es\/wp-content\/uploads\/2025\/12\/whatsapp_image_2025-12-19_at_35816_pm.jpeg__1080.0x720.0_q85_subsampling-2.jpg\" width=\"100%\" height=\"auto\"\/><\/p>\n<p>             Foto: Estudios Revoluci\u00f3n<\/p>\n<p>El ministro hizo referencia a un centro \u201cque combina la asistencia, la docencia, la investigaci\u00f3n, la innovaci\u00f3n y un estilo de direcci\u00f3n participativo, fundamentado en el liderazgo de sus directivos a todos los niveles, y en el compromiso de sus trabajadores para el logro de los objetivos propuestos\u201d.<\/p>\n<p>Armando Rodr\u00edguez exhort\u00f3 a los galardonados a \u201ccontinuar avanzando en alcanzar nuevos resultados en la gesti\u00f3n y mejora de su desempe\u00f1o, con vistas a alcanzar el Premio Nacional de Calidad de la Rep\u00fablica de Cuba\u201d. Y ese salto no est\u00e1 lejano, porque se trata de un Centro que, como valoraba D\u00edaz-Canel Berm\u00fadez este viernes, es pionero en un camino tan importante para el desarrollo de un pa\u00eds como el del uso de las nuevas tecnolog\u00edas de la Informaci\u00f3n y las Comunicaciones.<\/p>\n<p>Luego de recibir una explicaci\u00f3n detallada de c\u00f3mo funciona el hospital, luego de incluso ver im\u00e1genes de una cirug\u00eda en tiempo real, el dignatario valor\u00f3 de muy alentador el hecho de tener acceso a tal experiencia; y record\u00f3 a todos c\u00f3mo hab\u00eda nacido la idea de la visita: en d\u00edas pasados, durante la Reuni\u00f3n de Chequeo de la agenda digital \u2013\u201cuna reuni\u00f3n mensual que hacemos del Chequeo del Programa de transformaci\u00f3n digital e Inteligencia Artificial\u201d-, se expuso, desde el Palacio de la Revoluci\u00f3n, la experiencia de la instituci\u00f3n.<\/p>\n<p>    <img decoding=\"async\" class=\"img-responsive img-rounded img-inline-block\" src=\"https:\/\/www.europesays.com\/es\/wp-content\/uploads\/2025\/12\/whatsapp_image_2025-12-19_at_35817_pm_1.jpeg__1080.0x720.0_q85_subsampling-2.jpg\" width=\"100%\" height=\"auto\"\/><\/p>\n<p>             Foto: Estudios Revoluci\u00f3n<\/p>\n<p>El director del Centro Nacional de Cirug\u00eda de M\u00ednimo Acceso, Doctor Rafael de la Caridad Torres Pe\u00f1a, hab\u00eda invitado al Jefe de Estado, y ese fue el primer paso para que la visita se diera. \u201cCon lo que est\u00e1n haciendo -dijo D\u00edaz-Canel a los expertos-, est\u00e1n apoyando una prioridad que tiene el pa\u00eds\u201d. A ellos, el mandatario coment\u00f3 que estar laborando de conjunto con la Universidad de las Ciencias Inform\u00e1ticas (UCI) \u201ces muy importante tambi\u00e9n\u201d.<\/p>\n<p>Seguidamente el Primer Secretario del Comit\u00e9 Central del Partido Comunista de Cuba dijo a los profesionales del hospital de excelencia: \u201cAhora les voy a dar la tarea de concretar todo este paso, del estado actual, al estado deseado de un hospital inteligente; y la UCI nos tiene que ayudar, junto con la experiencia de ustedes, a generalizar esto, de manera m\u00e1s r\u00e1pida, en todos los sistemas de atenci\u00f3n primaria, atenci\u00f3n secundaria, y atenci\u00f3n terciaria en nuestro pa\u00eds\u201d.<\/p>\n<p>D\u00edaz-Canel recalc\u00f3: \u201cCreo que en la medida que avancemos m\u00e1s r\u00e1pido, estaremos tambi\u00e9n complementando, en estos tiempos, la idea de Fidel de defender siempre al pa\u00eds como una potencia m\u00e9dica. Hoy no se puede ser potencia m\u00e9dica si no tenemos transformaci\u00f3n digital, si no tenemos Inteligencia Artificial en los procesos asociados al sistema de Salud\u201d.<\/p>\n<p>    <img decoding=\"async\" class=\"img-responsive img-rounded img-inline-block\" src=\"https:\/\/www.europesays.com\/es\/wp-content\/uploads\/2025\/12\/whatsapp_image_2025-12-19_at_35815_pm.jpeg__1080.0x720.0_q85_subsampling-2.jpg\" width=\"100%\" height=\"auto\"\/><\/p>\n<p>             Foto: Estudios Revoluci\u00f3n<\/p>\n<p>El mandatario no pas\u00f3 por alto un detalle esencial: \u201cSabemos que esto pasa tambi\u00e9n por infraestructura -que nos hacen falta centros de datos potentes, que nos hacen falta algunas inversiones-; pero no es lo mismo saber que donde invirtamos vamos a tener resultados, a ir a un espacio desconocido a ver qu\u00e9 es lo que da. Por lo tanto, esto que ustedes est\u00e1n haciendo no es solo para el desarrollo de esta instituci\u00f3n, sino que tambi\u00e9n tiene que ver mucho con el desarrollo del pa\u00eds en materia de transformaci\u00f3n digital, de Inteligencia Artificial en el sector de la Salud\u201d.<\/p>\n<p>Con orgullo y evidente sentido de pertenencia, el doctor Rafael de la Caridad Torres Pe\u00f1a hab\u00eda comentado a los reporteros: \u201cEstamos muy felices porque llevamos m\u00e1s de diez a\u00f1os en la tarea de lograr la informatizaci\u00f3n y la digitalizaci\u00f3n del Hospital. Es una tarea que ha sido dura, ardua\u201d.<\/p>\n<p>En otro momento de sus declaraciones enunci\u00f3 que \u201cla informatizaci\u00f3n hospitalaria es un tema obligado en todos los hospitales en el mundo\u201d. Y comparti\u00f3 ejemplos de c\u00f3mo ese proceso hace m\u00e1s f\u00e1cil la vida: si no median papeles, el paciente -cuyas se\u00f1as est\u00e1n en una base de datos- transitar\u00e1 caminos m\u00e1s simples, y los m\u00e9dicos tampoco tendr\u00e1n que desgastarse mucho, por ejemplo, en escribir \u00f3rdenes de an\u00e1lisis.<\/p>\n<p>    <img decoding=\"async\" class=\"img-responsive img-rounded img-inline-block\" src=\"https:\/\/www.europesays.com\/es\/wp-content\/uploads\/2025\/12\/whatsapp_image_2025-12-19_at_35814_pm_2.jpeg__1080.0x720.0_q85_subsampling-2.jpg\" width=\"100%\" height=\"auto\"\/><\/p>\n<p>             Foto: Estudios Revoluci\u00f3n<\/p>\n<p>\u201cYa en la atenci\u00f3n hospitalaria, dijo, durante el ingreso de los pacientes, sucede algo similar: Nosotros estamos ya pretendiendo tener la autorizaci\u00f3n para prescindir de la historia cl\u00ednica en f\u00edsico, que es un documento m\u00e9dico legal, para que se haga la historia cl\u00ednica digital con toda la seguridad inform\u00e1tica que lleva. Son muchas las bondades que incluyen, precisamente, la disminuci\u00f3n considerable del uso del papel en una instituci\u00f3n\u201d.<\/p>\n<p>El Centro Nacional de Cirug\u00eda de M\u00ednimo Acceso realiza, como promedio anual, unas 4 000 cirug\u00edas, y ostenta un colectivo m\u00e9dico \u201cque es -como explic\u00f3 a la prensa el director- de 50 profesionales de muy alto nivel\u201d. El hospital, adem\u00e1s, se encarga de formar a todos los cirujanos del pa\u00eds en el \u00e1rea de la cirug\u00eda m\u00ednimamente invasiva.<\/p>\n<p>\u201cLa resistencia al cambio ha sido vencida aqu\u00ed\u201d, afirm\u00f3 en un momento del viernes, durante la visita, el doctor Rafael. Y entonces pod\u00eda comprenderse mejor c\u00f3mo es que la gente puede acercar los sue\u00f1os del futuro a la realidad del presente.<\/p>\n<p><strong>Otro avance que sorprende<\/strong><\/p>\n<p>El segundo punto en la agenda del recorrido de la direcci\u00f3n del pa\u00eds fue el Hospital Cl\u00ednico Quir\u00fargico \u201cHermanos Ameijeiras\u201d, ubicado en el capitalino municipio de Centro Habana. All\u00ed, casi al despedirse de la emblem\u00e1tica instituci\u00f3n, el Presidente de la Rep\u00fablica de Cuba expres\u00f3 desde la admiraci\u00f3n: \u201cNo pensaba que tuvi\u00e9semos este nivel de avance\u201d.<\/p>\n<p>El director Miguel Hern\u00e1n Est\u00e9vez del Toro, coment\u00f3 en un momento a los reporteros que este a\u00f1o ha sido, como para toda Cuba, particularmente complejo, pero no por eso el hospital detuvo su actividad un solo d\u00eda: \u201cEs decir, se ha mantenido actividad de diagn\u00f3sticos, de tratamientos de enfermos; se ha mantenido la actividad quir\u00fargica. En alg\u00fan momento puede haber habido alguna fluctuaci\u00f3n, pero no ha habido un d\u00eda en que no haya habido intervenciones en este centro, tratando de solucionar los problemas\u201d.<\/p>\n<p>    <img decoding=\"async\" class=\"img-responsive img-rounded img-inline-block\" src=\"https:\/\/www.europesays.com\/es\/wp-content\/uploads\/2025\/12\/whatsapp_image_2025-12-19_at_35754_pm.jpeg__1080.0x720.0_q85_subsampling-2.jpg\" width=\"100%\" height=\"auto\"\/><\/p>\n<p>             Foto: Estudios Revoluci\u00f3n<\/p>\n<p>El directivo declar\u00f3 que, cuando no se pudo dar \u201cuna soluci\u00f3n porque ha faltado determinado recurso, se increment\u00f3 la actividad ambulatoria de consultas, para mantener as\u00ed un seguimiento estrecho y que el paciente despu\u00e9s, cuando est\u00e9n las condiciones, pueda resolver su problema de forma definitiva\u201d.<\/p>\n<p>\u201cYo creo que ha sido un a\u00f1o tremendo, de esfuerzo de todos los trabajadores -aqu\u00ed yo incluyo, desde el m\u00e1s humilde de los trabajadores, hasta el m\u00e1s encumbrado profesor; porque esto es un sistema engranado, que tiene que funcionar al un\u00edsono; y creo que algo muy bueno este a\u00f1o ha sido el incremento de proyectos de investigaci\u00f3n, el incremento en el n\u00famero de publicaciones, y que la revista del hospital haya logrado ingresar ya en la plataforma Cielo\u201d.<\/p>\n<p>\u201cEs un logro tambi\u00e9n que haya aproximadamente casi 50 profesionales en plan doctoral, que van a nutrir ya los cuarenta y tantos que tenemos; y que ya tengamos m\u00e1s de 200 investigadores. Y todo eso se ha consolidado en estos \u00faltimos tres a\u00f1os\u201d.<\/p>\n<p><strong>Noticias en el piso 16<\/strong><\/p>\n<p>\u201cHay que seguir con ese prop\u00f3sito: Que el sector se convierta en un sector digitalizado\u201d, coment\u00f3 el Presidente D\u00edaz-Canel Berm\u00fadez una vez que escuchara todo lo que sucede en el piso 16 y que Suiberto Hechavarr\u00eda Toledo -Jefe del Proyecto de Hospital Virtual y Jefe del Departamento de Investigaciones Cient\u00edficas del Hospital \u201cHermanos Ameijeiras\u201d- explicara en detalles a la direcci\u00f3n del pa\u00eds sobre c\u00f3mo all\u00ed marcha el uso de las nuevas tecnolog\u00edas de la Informaci\u00f3n y la Comunicaci\u00f3n.<\/p>\n<p>Una vez concluida la visita, Hechavarr\u00eda Toledo coment\u00f3 a los periodistas: \u201cHoy hicimos la inauguraci\u00f3n de la primera fase de un proyecto mucho m\u00e1s amplio, en el que establecimos un centro de coordinaci\u00f3n, que va a ser el que va a vincularse con las instituciones, con las personas que van a ser atendidas, en un sistema de teleconferencias, utilizando tecnolog\u00eda de alta resoluci\u00f3n para que los m\u00e9dicos puedan ver bien a los pacientes, y adem\u00e1s consultar los datos sobre ese paciente\u201d.<\/p>\n<p>    <img decoding=\"async\" class=\"img-responsive img-rounded img-inline-block\" src=\"https:\/\/www.europesays.com\/es\/wp-content\/uploads\/2025\/12\/whatsapp_image_2025-12-19_at_35755_pm.jpeg__1080.0x720.0_q85_subsampling-2.jpg\" width=\"100%\" height=\"auto\"\/><\/p>\n<p>             Foto: Estudios Revoluci\u00f3n<\/p>\n<p>\u201cDespu\u00e9s, en el futuro, creceremos con m\u00e1s\u201d, dijo el experto, quien hab\u00eda explicado a todos en qu\u00e9 consiste el proyecto en el cual andan enfrascados: \u201cEl hospital virtual es un concepto que se maneja en el mundo y tiene distintos grados de madurez. Lo digo porque las personas se pueden imaginar algo extraordinario, y que para nosotros lo es, independientemente del tama\u00f1o o la extensi\u00f3n que pueda tener en el pa\u00eds\u201d.<\/p>\n<p>\u201cPero pudi\u00e9ramos decir que este proyecto que hoy est\u00e1 naciendo va a ser el n\u00facleo inicial de algo que el pa\u00eds tiene proyectado m\u00e1s all\u00e1 de las fronteras de este lugar. De hecho, su propio nombre lo indica: es la virtualizaci\u00f3n. \u00bfQu\u00e9 quiere decir? En pocas palabras: que un profesional pudiera atender a pacientes, a personas que est\u00e1n distantes, remotas, usando las tecnolog\u00edas -en este caso, sistemas de telemedicina, que se han instalado aqu\u00ed y que precisamente van a iniciar este proceso-\u201d.<\/p>\n<p>    <img decoding=\"async\" class=\"img-responsive img-rounded img-inline-block\" src=\"https:\/\/www.europesays.com\/es\/wp-content\/uploads\/2025\/12\/whatsapp_image_2025-12-19_at_35809_pm.jpeg__1080.0x720.0_q85_subsampling-2.jpg\" width=\"100%\" height=\"auto\"\/><\/p>\n<p>             Foto: Estudios Revoluci\u00f3n<\/p>\n<p>Hechavarr\u00eda Toledo a\u00f1adi\u00f3 que \u201cen el hospital virtual hay una integraci\u00f3n de elementos -que no es solo la telemedicina-, de cara al pueblo, para ofrecer un servicio a la poblaci\u00f3n, que puede beneficiarla en muchos aspectos\u201d.<\/p>\n<p>El experto pidi\u00f3 imaginar el d\u00eda en que se pueda tener toda una red o un sistema nacional, la cual haga posible que un m\u00e9dico de familia, est\u00e9 donde est\u00e9, pueda intercambiar con sus colegas de otros puntos geogr\u00e1ficos en torno a un caso complejo.<\/p>\n<p>Este viernes en la ma\u00f1ana, desde el piso 16 del emblem\u00e1tico Hospital, los dirigentes del pa\u00eds pudieron presenciar la conexi\u00f3n de grupos m\u00e9dicos ubicados en varios lugares de la Isla, los cuales, gracias a las nuevas tecnolog\u00edas de la Informaci\u00f3n y la Comunicaci\u00f3n, ten\u00edan la posibilidad de reflexionar sobre cualquier tema de inter\u00e9s. Sin dudas, en esa vida que se hace m\u00e1s f\u00e1cil se dibuja la realidad deseada de la cual hablaba el Presidente de la Rep\u00fablica.\u00a0\u00a0<\/p>\n","protected":false},"excerpt":{"rendered":"Uno puede ir halando los sue\u00f1os, si est\u00e1n en el futuro, e irlos acercando a la realidad del&hellip;\n","protected":false},"author":2,"featured_media":298835,"comment_status":"","ping_status":"","sticky":false,"template":"","format":"standard","meta":{"footnotes":""},"categories":[42],"tags":[17,18,1164,13,14,11,61,62,63,64,19,20,9,10,15,16,71014,12,21,22,65,66,67],"class_list":{"0":"post-298834","1":"post","2":"type-post","3":"status-publish","4":"format-standard","5":"has-post-thumbnail","7":"category-internacional","8":"tag-breaking-news","9":"tag-breakingnews","10":"tag-cuba","11":"tag-featured-news","12":"tag-featurednews","13":"tag-headlines","14":"tag-internacional","15":"tag-international","16":"tag-international-news","17":"tag-internationalnews","18":"tag-latest-news","19":"tag-latestnews","20":"tag-news","21":"tag-noticias","22":"tag-noticias-destacadas","23":"tag-noticiasdestacadas","24":"tag-noticisa","25":"tag-titulares","26":"tag-ultimas-noticias","27":"tag-ultimasnoticias","28":"tag-world","29":"tag-world-news","30":"tag-worldnews"},"share_on_mastodon":{"url":"https:\/\/pubeurope.com\/@es\/115754891345006433","error":""},"_links":{"self":[{"href":"https:\/\/www.europesays.com\/es\/wp-json\/wp\/v2\/posts\/298834","targetHints":{"allow":["GET"]}}],"collection":[{"href":"https:\/\/www.europesays.com\/es\/wp-json\/wp\/v2\/posts"}],"about":[{"href":"https:\/\/www.europesays.com\/es\/wp-json\/wp\/v2\/types\/post"}],"author":[{"embeddable":true,"href":"https:\/\/www.europesays.com\/es\/wp-json\/wp\/v2\/users\/2"}],"replies":[{"embeddable":true,"href":"https:\/\/www.europesays.com\/es\/wp-json\/wp\/v2\/comments?post=298834"}],"version-history":[{"count":0,"href":"https:\/\/www.europesays.com\/es\/wp-json\/wp\/v2\/posts\/298834\/revisions"}],"wp:featuredmedia":[{"embeddable":true,"href":"https:\/\/www.europesays.com\/es\/wp-json\/wp\/v2\/media\/298835"}],"wp:attachment":[{"href":"https:\/\/www.europesays.com\/es\/wp-json\/wp\/v2\/media?parent=298834"}],"wp:term":[{"taxonomy":"category","embeddable":true,"href":"https:\/\/www.europesays.com\/es\/wp-json\/wp\/v2\/categories?post=298834"},{"taxonomy":"post_tag","embeddable":true,"href":"https:\/\/www.europesays.com\/es\/wp-json\/wp\/v2\/tags?post=298834"}],"curies":[{"name":"wp","href":"https:\/\/api.w.org\/{rel}","templated":true}]}}