{"id":298836,"date":"2025-12-21T01:10:08","date_gmt":"2025-12-21T01:10:08","guid":{"rendered":"https:\/\/www.europesays.com\/es\/298836\/"},"modified":"2025-12-21T01:10:08","modified_gmt":"2025-12-21T01:10:08","slug":"que-ha-pasado-este-sabado-20-de-diciembre-en-extremadura","status":"publish","type":"post","link":"https:\/\/www.europesays.com\/es\/298836\/","title":{"rendered":"\u00bfQu\u00e9 ha pasado este s\u00e1bado, 20 de diciembre, en Extremadura?"},"content":{"rendered":"<p class=\"v-mdl-ath__p v-mdl-ath__p--6\">\nS\u00e1bado, 20 de diciembre 2025, 22:05<\/p>\n<p class=\"v-p\"><a href=\"https:\/\/www.hoy.es\/elecciones\/extremadura\/candidatos-jornada-reflexion-elecciones-en-extremadura-20251220132636-nt.html\" data-voc-vtm-id=\"in-text-traffic\" title=\"F\u00fatbol, paella, olivos y un santuario para los candidatos en la v\u00edspera del 21-D\" data-mrf-link=\"www.hoy.es\" rel=\"nofollow noopener\" target=\"_blank\">F\u00fatbol, paella, olivos y un santuario para los candidatos en la v\u00edspera del 21-D<\/a><\/p>\n<p class=\"v-p\">La jornada de reflexi\u00f3n la mayor\u00eda de los aspirantes la est\u00e1 pasando en el campo aprovechando el d\u00eda de sol y rodeados de sus familiares y amigos para desconectar de una campa\u00f1a que anoche lleg\u00f3 a su fin.<\/p>\n<p class=\"v-p\"><a href=\"https:\/\/www.hoy.es\/prov-caceres\/trasladan-helicoptero-hombre-estado-tras-grave-tras-20251220121649-nt.html\" data-voc-vtm-id=\"in-text-traffic\" title=\"Trasladan en helic\u00f3ptero a un hombre en estado tras grave tras sufrir un accidente en Valencia de Alc\u00e1ntara\" data-mrf-link=\"www.hoy.es\" rel=\"nofollow noopener\" target=\"_blank\">Trasladan en helic\u00f3ptero a un hombre en estado tras grave tras sufrir un accidente en Valencia de Alc\u00e1ntara<\/a><\/p>\n<p class=\"v-p\">Un hombre de 44 a\u00f1os ha sido trasladado en helic\u00f3ptero este s\u00e1bado al hospital Universitario de C\u00e1ceres tras sufrir un accidente de tr\u00e1fico cerca de Las Casi\u00f1as, pedan\u00eda perteneciente al municipio de Valencia de Alc\u00e1ntara.<\/p>\n<p class=\"v-p\"><a href=\"https:\/\/www.hoy.es\/badajoz\/fiesta-santas-inocentes-dia-ayudara-ano-loto-20251220133519-nt.html\" data-voc-vtm-id=\"in-text-traffic\" title=\"La fiesta &#039;Ni santas ni inocentes&#039; ser\u00e1 el d\u00eda 26 y ayudar\u00e1 este a\u00f1o a Loto y Rebeca\" data-mrf-link=\"www.hoy.es\" rel=\"nofollow noopener\" target=\"_blank\">La fiesta &#8216;Ni santas ni inocentes&#8217; ser\u00e1 el d\u00eda 26 y ayudar\u00e1 este a\u00f1o a Loto y Rebeca<\/a><\/p>\n<p class=\"v-p\">La Fiesta &#8216;Ni santas ni inocentes&#8217; que se ide\u00f3 en Badajoz hace tres a\u00f1os para apoyar causas solidarias vuelve este viernes, 26 de diciembre, a la Sala Atenea, en Plaza de Espa\u00f1a. All\u00ed artistas, m\u00fasicos y, sobre todo, discjockeys de la ciudad, participar\u00e1n de un programa de actuaciones que comenzar\u00e1 a las cuatro de la tarde y se prolongar\u00e1 hasta las seis y media de la madrugada. Entre otros artistas, participar\u00e1n siete bandas y veintid\u00f3s discjockeys para ayudar a Loto y Rebeca, que son las personas a las que ir\u00e1 la totalidad del dinero recaudado. El precio de la entrada es de 16 euros.<\/p>\n<p class=\"v-p\"><a href=\"https:\/\/www.hoy.es\/badajoz\/confederacion-cierra-trafico-pico-guadiana-badajoz-seguridad-20251220181544-nt.html\" data-voc-vtm-id=\"in-text-traffic\" title=\"La Confederaci\u00f3n cierra al tr\u00e1fico el Pico del Guadiana en Badajoz por seguridad\" data-mrf-link=\"www.hoy.es\" rel=\"nofollow noopener\" target=\"_blank\">La Confederaci\u00f3n cierra al tr\u00e1fico el Pico del Guadiana en Badajoz por seguridad<\/a><\/p>\n<p class=\"v-p\">No se podr\u00e1 acceder en coche al pico del Guadiana. La Confederaci\u00f3n Hidrogr\u00e1fica del Guadiana (CHG) ha colocado una cancela en el acceso a esta pen\u00ednsula del r\u00edo para impedir el tr\u00e1fico en la misma. Seg\u00fan esta entidad la medida se ha tomado por seguridad.<\/p>\n<p class=\"v-p\"><a href=\"https:\/\/www.hoy.es\/extremadura\/treinta-entidades-reivindican-instituto-extremeno-estudios-america-20251220203445-nt.html\" data-voc-vtm-id=\"in-text-traffic\" title=\"M\u00e1s de treinta entidades reivindican el Instituto Extreme\u00f1o de Estudios de Am\u00e9rica\" data-mrf-link=\"www.hoy.es\" rel=\"nofollow noopener\" target=\"_blank\">M\u00e1s de treinta entidades reivindican el Instituto Extreme\u00f1o de Estudios de Am\u00e9rica<\/a><\/p>\n<p class=\"v-p\">A mediados de noviembre se celebr\u00f3 en Extremadura un congreso sobre Hern\u00e1n Cort\u00e9s. Acudieron expertos en el Nuevo mundo desde varios pa\u00edses. En aquel contexto varios especialistas pusieron en com\u00fan una necesidad, y es la creaci\u00f3n de un Instituto Extreme\u00f1o de Estudios de Am\u00e9rica. Registraron la petici\u00f3n en la Junta de Extremadura y la argumentaron en la gran cantidad de figuras clave en el descubrimiento del Nuevo Mundo en que partieron de Extremadura. Por ello, entre otras razones, los promotores quieren situar a la comunidad a la vanguardia de la investigaci\u00f3n, el conocimiento y la divulgaci\u00f3n del legado hist\u00f3rico y cultural compartido entre Extremadura y la Am\u00e9rica Hispana.<\/p>\n<p>Reporta un error<\/p>\n","protected":false},"excerpt":{"rendered":"S\u00e1bado, 20 de diciembre 2025, 22:05 F\u00fatbol, paella, olivos y un santuario para los candidatos en la v\u00edspera&hellip;\n","protected":false},"author":2,"featured_media":298837,"comment_status":"","ping_status":"","sticky":false,"template":"","format":"standard","meta":{"footnotes":""},"categories":[8],"tags":[17,18,35329,25,24,7234,13,14,11,19,20,9,10,15,16,5101,3397,23,12,21,22],"class_list":{"0":"post-298836","1":"post","2":"type-post","3":"status-publish","4":"format-standard","5":"has-post-thumbnail","7":"category-espana","8":"tag-breaking-news","9":"tag-breakingnews","10":"tag-diciembre","11":"tag-es","12":"tag-espana","13":"tag-extremadura","14":"tag-featured-news","15":"tag-featurednews","16":"tag-headlines","17":"tag-latest-news","18":"tag-latestnews","19":"tag-news","20":"tag-noticias","21":"tag-noticias-destacadas","22":"tag-noticiasdestacadas","23":"tag-pasado","24":"tag-sabado","25":"tag-spain","26":"tag-titulares","27":"tag-ultimas-noticias","28":"tag-ultimasnoticias"},"share_on_mastodon":{"url":"https:\/\/pubeurope.com\/@es\/115754894894381323","error":""},"_links":{"self":[{"href":"https:\/\/www.europesays.com\/es\/wp-json\/wp\/v2\/posts\/298836","targetHints":{"allow":["GET"]}}],"collection":[{"href":"https:\/\/www.europesays.com\/es\/wp-json\/wp\/v2\/posts"}],"about":[{"href":"https:\/\/www.europesays.com\/es\/wp-json\/wp\/v2\/types\/post"}],"author":[{"embeddable":true,"href":"https:\/\/www.europesays.com\/es\/wp-json\/wp\/v2\/users\/2"}],"replies":[{"embeddable":true,"href":"https:\/\/www.europesays.com\/es\/wp-json\/wp\/v2\/comments?post=298836"}],"version-history":[{"count":0,"href":"https:\/\/www.europesays.com\/es\/wp-json\/wp\/v2\/posts\/298836\/revisions"}],"wp:featuredmedia":[{"embeddable":true,"href":"https:\/\/www.europesays.com\/es\/wp-json\/wp\/v2\/media\/298837"}],"wp:attachment":[{"href":"https:\/\/www.europesays.com\/es\/wp-json\/wp\/v2\/media?parent=298836"}],"wp:term":[{"taxonomy":"category","embeddable":true,"href":"https:\/\/www.europesays.com\/es\/wp-json\/wp\/v2\/categories?post=298836"},{"taxonomy":"post_tag","embeddable":true,"href":"https:\/\/www.europesays.com\/es\/wp-json\/wp\/v2\/tags?post=298836"}],"curies":[{"name":"wp","href":"https:\/\/api.w.org\/{rel}","templated":true}]}}