{"id":298838,"date":"2025-12-21T01:11:13","date_gmt":"2025-12-21T01:11:13","guid":{"rendered":"https:\/\/www.europesays.com\/es\/298838\/"},"modified":"2025-12-21T01:11:13","modified_gmt":"2025-12-21T01:11:13","slug":"a-que-hora-y-hasta-cuando-se-puede-votar","status":"publish","type":"post","link":"https:\/\/www.europesays.com\/es\/298838\/","title":{"rendered":"a qu\u00e9 hora y hasta cu\u00e1ndo se puede votar"},"content":{"rendered":"<p class=\"c-paragraph\">El pasado mes de octubre, <a href=\"https:\/\/www.20minutos.es\/extremadura\/listas-pp-elecciones-extremadura-nuevos-rostros-acompanan-maria-guardiola_6909724_0.html\" title=\"Listas del PP para las elecciones de Extremadura: los nuevos rostros que acompa\u00f1an a Mar\u00eda Guardiola\" rel=\"nofollow noopener\" target=\"_blank\">Mar\u00eda Guardiola<\/a>, presidenta de la Junta de Extremadura, anunci\u00f3 la convocatoria para las<b> elecciones auton\u00f3micas en la regi\u00f3n durante este mes de diciembre<\/b>.<a href=\"https:\/\/www.20minutos.es\/extremadura\/por-que-ha-habido-un-adelanto-electoral-extremadura-las-razones-que-explican-convocatoria-elecciones-anticipadas_6899461_0.html\" title=\"Por qu\u00e9 ha habido un adelanto electoral en Extremadura: las razones que explican la convocatoria de elecciones anticipadas\" rel=\"nofollow noopener\" target=\"_blank\"> Este anticipo de las urnas<\/a> fue provocado por la imposibilidad de aprobar\u00a0los Presupuestos del pr\u00f3ximo a\u00f1o debido al rechazo un\u00e1nime de la oposici\u00f3n.<\/p>\n<p class=\"c-paragraph\"><b>El d\u00eda 21 de este mes<\/b>, los extreme\u00f1os deber\u00e1n decidir con sus votos el futuro pol\u00edtico de la regi\u00f3n. De esta forma, los ciudadanos que acudan los colegios electorales determinar\u00e1n las pol\u00edticas que marcaran la agenda en \u00e1reas de especial relevancia, como la econom\u00eda, la sanidad, la educaci\u00f3n o la vivienda.<\/p>\n<p>Horario de los colegios electorales\u00a0<\/p>\n<p class=\"c-paragraph\">El horario de votaci\u00f3n es el mismo en toda la comunidad aut\u00f3noma. Todos los extreme\u00f1os podr\u00e1n acudir a las urnas<b> desde las 9.00 hasta las 20.00 horas<\/b>, siendo este el \u00faltimo momento para votar. Adem\u00e1s, en caso de que este horario coincida con la jornada laboral, <b>se podr\u00e1 pedir un permiso retribuido en el trabajo <\/b>para acudir.\u00a0<\/p>\n<p class=\"c-paragraph\">Si la coincidencia es de entre dos y cuatro horas, este permiso ser\u00e1 de dos horas; si es de entre cuatro y seis, ser\u00e1 de tres horas; y <b>si es de m\u00e1s de seis, ser\u00e1 de cuatro horas<\/b>. Por su parte, los extreme\u00f1os que vivan lejos de su domicilio tendr\u00e1n derecho a un <b>permiso retribuido para solicitar el voto por correo y enviarlo.<\/b><\/p>\n","protected":false},"excerpt":{"rendered":"El pasado mes de octubre, Mar\u00eda Guardiola, presidenta de la Junta de Extremadura, anunci\u00f3 la convocatoria para las&hellip;\n","protected":false},"author":2,"featured_media":298839,"comment_status":"","ping_status":"","sticky":false,"template":"","format":"standard","meta":{"footnotes":""},"categories":[5],"tags":[70953,17,18,71016,70955,25,24,7234,13,14,11,71015,19,20,9,10,15,16,3215,23,12,21,22,23217],"class_list":{"0":"post-298838","1":"post","2":"type-post","3":"status-publish","4":"format-standard","5":"has-post-thumbnail","7":"category-titulares","8":"tag-21d","9":"tag-breaking-news","10":"tag-breakingnews","11":"tag-colegios-electorales","12":"tag-elecciones-extremadura","13":"tag-es","14":"tag-espana","15":"tag-extremadura","16":"tag-featured-news","17":"tag-featurednews","18":"tag-headlines","19":"tag-horario-electoral","20":"tag-latest-news","21":"tag-latestnews","22":"tag-news","23":"tag-noticias","24":"tag-noticias-destacadas","25":"tag-noticiasdestacadas","26":"tag-seo20","27":"tag-spain","28":"tag-titulares","29":"tag-ultimas-noticias","30":"tag-ultimasnoticias","31":"tag-votaciones"},"share_on_mastodon":{"url":"https:\/\/pubeurope.com\/@es\/115754898779621854","error":""},"_links":{"self":[{"href":"https:\/\/www.europesays.com\/es\/wp-json\/wp\/v2\/posts\/298838","targetHints":{"allow":["GET"]}}],"collection":[{"href":"https:\/\/www.europesays.com\/es\/wp-json\/wp\/v2\/posts"}],"about":[{"href":"https:\/\/www.europesays.com\/es\/wp-json\/wp\/v2\/types\/post"}],"author":[{"embeddable":true,"href":"https:\/\/www.europesays.com\/es\/wp-json\/wp\/v2\/users\/2"}],"replies":[{"embeddable":true,"href":"https:\/\/www.europesays.com\/es\/wp-json\/wp\/v2\/comments?post=298838"}],"version-history":[{"count":0,"href":"https:\/\/www.europesays.com\/es\/wp-json\/wp\/v2\/posts\/298838\/revisions"}],"wp:featuredmedia":[{"embeddable":true,"href":"https:\/\/www.europesays.com\/es\/wp-json\/wp\/v2\/media\/298839"}],"wp:attachment":[{"href":"https:\/\/www.europesays.com\/es\/wp-json\/wp\/v2\/media?parent=298838"}],"wp:term":[{"taxonomy":"category","embeddable":true,"href":"https:\/\/www.europesays.com\/es\/wp-json\/wp\/v2\/categories?post=298838"},{"taxonomy":"post_tag","embeddable":true,"href":"https:\/\/www.europesays.com\/es\/wp-json\/wp\/v2\/tags?post=298838"}],"curies":[{"name":"wp","href":"https:\/\/api.w.org\/{rel}","templated":true}]}}