{"id":298848,"date":"2025-12-21T01:24:16","date_gmt":"2025-12-21T01:24:16","guid":{"rendered":"https:\/\/www.europesays.com\/es\/298848\/"},"modified":"2025-12-21T01:24:16","modified_gmt":"2025-12-21T01:24:16","slug":"no-es-la-villana-de-harry-potter-sino-el-villano-de-los-juegos-del-hambre","status":"publish","type":"post","link":"https:\/\/www.europesays.com\/es\/298848\/","title":{"rendered":"no es la villana de Harry Potter sino el villano de Los juegos del hambre"},"content":{"rendered":"<p class=\"c-paragraph\"><a href=\"https:\/\/www.hobbyconsolas.com\/reportajes\/hbo-max-espana-planes-precio-compartir-cuenta-catalogo-1160429\" title=\"HBO Max Espa\u00f1a: planes, precio, compartir cuenta, cat\u00e1logo y m\u00e1s\" rel=\"nofollow noopener\" target=\"_blank\">HBO Max<\/a> acaba de confirmar qui\u00e9nes ser\u00e1n las dos primeras estrellas en unirse a <b>la cuarta temporada<\/b> de The White Lotus, tras los informes sobre la posible incorporaci\u00f3n al elenco de <a href=\"https:\/\/www.hobbyconsolas.com\/hobbycine\/the-white-lotus-parece-haber-fichado-otra-villana-harry-potter-para-su-cuarta-temporada_6910203_0.html\" title=\"The White Lotus parece haber fichado a otra villana de Harry Potter para su cuarta temporada\" rel=\"nofollow noopener\" target=\"_blank\">Helena Bonham Carter<\/a>, que en estos momentos todav\u00eda se encuentra en conversaciones para pasar a formar parte de la serie.<\/p>\n<p class=\"c-paragraph\">Seg\u00fan se <a href=\"https:\/\/deadline.com\/2025\/12\/the-white-lotus-season-4-cast-alexander-ludwig-aj-michalka-1236654055\/\" rel=\"nofollow noreferrer noopener\" title=\"via: deadline\" target=\"_blank\">ha compartido<\/a> en las \u00faltimas horas, <b>Alexander Ludwig<\/b> y<b> AJ Michalka <\/b>ser\u00e1n dos de las pr\u00f3ximas incorporaciones a la serie coral de <b>Mike White <\/b>ambientada en resorts de lujo a lo largo y ancho del globo.<\/p>\n<p class=\"c-paragraph\">Tras una primera temporada que nos llev\u00f3 hasta Haw\u00e1i, una segunda que nos acerc\u00f3 a Sicilia y una tercera que nos traslad\u00f3 a Tailandia, la cuarta temporada de <a href=\"https:\/\/www.hobbyconsolas.com\/reviews\/critica-white-lotus-temporada-3-perversion-tailandia-1444365\" title=\"Cr\u00edtica de The White Lotus temporada 3: perversi\u00f3n en Tailandia\" rel=\"nofollow noopener\" target=\"_blank\">The White Lotus<\/a> se quedar\u00e1 en Europa para que visitemos alg\u00fan lugar de <b>Francia <\/b>a\u00fan por confirmar.<\/p>\n<p>\u00bfQui\u00e9nes son las nuevas estrellas de The White Lotus?<\/p>\n<p class=\"c-paragraph\">Ambos fichajes para <b>The White Lotus <\/b>son int\u00e9rpretes y cantantes, lo que podr\u00eda ser una pista, o no, sobre los personajes a los que encanar\u00e1n en la pr\u00f3xima temporada de la serie, cuyos detalles todav\u00eda no han salido a la luz.<\/p>\n<p class=\"c-paragraph\">Alexander Ludwig es quien ha tenido un mayor reconocimiento en cine y televisi\u00f3n gracias a dos papeles clave de su carrera. En cine form\u00f3 parte del reparto de <a href=\"https:\/\/www.hobbyconsolas.com\/reviews\/critica-juegos-hambre-asi-empezo-todo-91346\" title=\"Cr\u00edtica de Los Juegos del Hambre: as\u00ed empez\u00f3 todo\" rel=\"nofollow noopener\" target=\"_blank\">Los juegos del hambre<\/a> (2012) dando vida a <b>Cato<\/b>, <b>el tributo masculino del Distrito 2 <\/b>que se convirti\u00f3 en la principal amenaza de <b>Katniss Everdeen<\/b>.<\/p>\n<p class=\"c-paragraph\">M\u00e1s adelante Ludwig se volvi\u00f3 uno de los protagonistas de la serie <b>Vikingos <\/b>-estrenada en 2014- al encarnar <b>Bj\u00f6rn Ironside<\/b>, el hijo de <b>Ragnar Lodbrok <\/b>a quien estuvo dando vida durante seis a\u00f1os.<\/p>\n<p class=\"c-paragraph\">AJ Michalka, por otro lado, se une a The White Lotus de <b>HBO Max <\/b>tras haber actuado en pel\u00edculas como <b>Super 8<\/b> (2011) y series como <b>Schooled <\/b>o <b>Los Goldberg<\/b>.<\/p>\n","protected":false},"excerpt":{"rendered":"HBO Max acaba de confirmar qui\u00e9nes ser\u00e1n las dos primeras estrellas en unirse a la cuarta temporada de&hellip;\n","protected":false},"author":2,"featured_media":298849,"comment_status":"","ping_status":"","sticky":false,"template":"","format":"standard","meta":{"footnotes":""},"categories":[171],"tags":[2627,1779,146,147,25,24,27431,23,3498,214,3797],"class_list":{"0":"post-298848","1":"post","2":"type-post","3":"status-publish","4":"format-standard","5":"has-post-thumbnail","7":"category-tv","8":"tag-2627","9":"tag-confirma","10":"tag-entertainment","11":"tag-entretenimiento","12":"tag-es","13":"tag-espana","14":"tag-lotus","15":"tag-spain","16":"tag-the","17":"tag-tv","18":"tag-white"},"share_on_mastodon":{"url":"https:\/\/pubeurope.com\/@es\/115754950012281330","error":""},"_links":{"self":[{"href":"https:\/\/www.europesays.com\/es\/wp-json\/wp\/v2\/posts\/298848","targetHints":{"allow":["GET"]}}],"collection":[{"href":"https:\/\/www.europesays.com\/es\/wp-json\/wp\/v2\/posts"}],"about":[{"href":"https:\/\/www.europesays.com\/es\/wp-json\/wp\/v2\/types\/post"}],"author":[{"embeddable":true,"href":"https:\/\/www.europesays.com\/es\/wp-json\/wp\/v2\/users\/2"}],"replies":[{"embeddable":true,"href":"https:\/\/www.europesays.com\/es\/wp-json\/wp\/v2\/comments?post=298848"}],"version-history":[{"count":0,"href":"https:\/\/www.europesays.com\/es\/wp-json\/wp\/v2\/posts\/298848\/revisions"}],"wp:featuredmedia":[{"embeddable":true,"href":"https:\/\/www.europesays.com\/es\/wp-json\/wp\/v2\/media\/298849"}],"wp:attachment":[{"href":"https:\/\/www.europesays.com\/es\/wp-json\/wp\/v2\/media?parent=298848"}],"wp:term":[{"taxonomy":"category","embeddable":true,"href":"https:\/\/www.europesays.com\/es\/wp-json\/wp\/v2\/categories?post=298848"},{"taxonomy":"post_tag","embeddable":true,"href":"https:\/\/www.europesays.com\/es\/wp-json\/wp\/v2\/tags?post=298848"}],"curies":[{"name":"wp","href":"https:\/\/api.w.org\/{rel}","templated":true}]}}