{"id":298850,"date":"2025-12-21T01:25:09","date_gmt":"2025-12-21T01:25:09","guid":{"rendered":"https:\/\/www.europesays.com\/es\/298850\/"},"modified":"2025-12-21T01:25:09","modified_gmt":"2025-12-21T01:25:09","slug":"los-backstreet-boys-recrean-su-mitico-videoclip-de-i-want-it-that-way-26-anos-despues-con-una-importante-diferencia","status":"publish","type":"post","link":"https:\/\/www.europesays.com\/es\/298850\/","title":{"rendered":"Los Backstreet Boys recrean su m\u00edtico videoclip de &#8216;I Want It That Way&#8217; 26 a\u00f1os desp\u00faes, con una importante diferencia"},"content":{"rendered":"<p>En 2026 tendremos nuevos conciertos<\/p>\n<p><img decoding=\"async\" fetchpriority=\"high\" width=\"768\" height=\"432\" alt=\"Los Backstreet Boys recrean su m\u00edtico videoclip de 'I Want It That Way' 26 a\u00f1os desp\u00faes, con una importante diferencia\" src=\"https:\/\/www.europesays.com\/es\/wp-content\/uploads\/2025\/12\/1766280309_314_backstreet-boys.jpg\"\/> Han hecho un pacto con el Diablo, estamos seguros<\/p>\n<p>\u00danete a la conversaci\u00f3n<\/p>\n<p>Solo con leer el titular <strong>nos sentimos mayores<\/strong>, \u00bfverdad? Pero s\u00ed, lo cre\u00e1is o no, ya han pasado <strong>26 a\u00f1os desde que la boy band<\/strong> m\u00e1s famosa de todos los tiempos, los <strong>Backstreet Boys<\/strong>, lanzaran al mundo su <strong>canci\u00f3n I Want It That Way<\/strong>, la cual acompa\u00f1aron de uno de sus <a href=\"https:\/\/andro4all.com\/series\/rock-dj-de-robbie-williams-tiene-nuevo-videoclip-gracias-a-better-man-y-ya-podemos-verlo-entero\" rel=\"nofollow noopener\" target=\"_blank\">videoclips m\u00e1s recordados<\/a>.<\/p>\n<p><strong>Tampoco es que tuviera nada de especial<\/strong>, pero para millones de fans bast\u00f3 con que aparecieran en el Aeropuerto Internacional de Los \u00c1ngeles <strong>intercalando escenas<\/strong> ataviados de negro con otras de un blanco pulcro, <strong>cada uno bailando y cantando un poco a su manera<\/strong>, con las fans, eso s\u00ed, d\u00e1ndolo todo al final del clip, evocando as\u00ed la fiebre que se viv\u00eda en aquella \u00e9poca.<\/p>\n<p>No ha pasado el tiempo<\/p>\n<p>M\u00e1s de dos d\u00e9cadas despu\u00e9s, <strong>Nick Carter, AJ McLean, Howie Dorough, Brian Littrell y Kevin Richardson<\/strong> han decidido mirar atr\u00e1s y recrear aquel <a href=\"https:\/\/andro4all.com\/series\/25-anos-despues-will-smith-es-neo-en-matrix-gracias-a-su-nuevo-videoclip-lleno-de-guinos-a-la-pelicula\" rel=\"nofollow noopener\" target=\"_blank\">videoclip que marc\u00f3 a toda una generaci\u00f3n<\/a>.<\/p>\n<p>Lo han hecho manteniendo una <strong>est\u00e9tica claramente reconocible<\/strong>, con el grupo de nuevo <strong>vestido de blanco<\/strong> y posando frente a un avi\u00f3n, apelando sin tapujos a <strong>la nostalgia<\/strong> que sigue rodeando a la canci\u00f3n y a su legado dentro del pop de finales de los noventa.<\/p>\n<p>Una importante diferencia m\u00e1s all\u00e1 de la edad de sus protagonistas<\/p>\n<p>Sin embargo, esta recreaci\u00f3n no es una copia exacta del original, y ah\u00ed es donde entra la <strong>diferencia m\u00e1s llamativa<\/strong>. El nuevo v\u00eddeo ha sido grabado en <strong>formato vertical<\/strong>, pensado claramente para su <strong>consumo en redes sociales y plataformas m\u00f3viles<\/strong>, muy lejos del formato panor\u00e1mico tradicional con el que se concibi\u00f3 el videoclip de 1999.<\/p>\n<p>Un detalle que, aunque pueda parecer menor, dice mucho de <strong>c\u00f3mo ha cambiado la manera de consumir m\u00fasica<\/strong> y <strong>v\u00eddeos musicales<\/strong> en estos 26 a\u00f1os.<\/p>\n<p>Adem\u00e1s, el clip se rod\u00f3 en <strong>una sola toma<\/strong>, sin cortes visibles, algo que contrasta con el montaje cl\u00e1sico del original, que alternaba distintos planos y escenarios dentro del propio aeropuerto. En esta ocasi\u00f3n, la c\u00e1mara <strong>acompa\u00f1a al grupo de principio a fin<\/strong> mientras interpretan la canci\u00f3n, reforzando esa sensaci\u00f3n de evento especial y <strong>casi improvisado<\/strong>, aunque evidentemente muy medido.<\/p>\n<p>\u00bfPor qu\u00e9 ahora?<\/p>\n<p>La recreaci\u00f3n se enmarca dentro de la promoci\u00f3n de su <strong>futura residencia de conciertos<\/strong> (varios de estos eventos en un mismo lugar) Into The Millennium Homecoming, prevista para <strong>2026 en Alemania<\/strong>, y sirve tanto como homenaje a su mayor \u00e9xito como recordatorio de que los Backstreet Boys <strong>siguen activos<\/strong> y plenamente conscientes del cari\u00f1o que despiertan entre sus seguidores.<\/p>\n<p>\u00danete a la conversaci\u00f3n<\/p>\n","protected":false},"excerpt":{"rendered":"En 2026 tendremos nuevos conciertos Han hecho un pacto con el Diablo, estamos seguros \u00danete a la conversaci\u00f3n&hellip;\n","protected":false},"author":2,"featured_media":298851,"comment_status":"","ping_status":"","sticky":false,"template":"","format":"standard","meta":{"footnotes":""},"categories":[170],"tags":[146,147,25,24,184,185,23],"class_list":{"0":"post-298850","1":"post","2":"type-post","3":"status-publish","4":"format-standard","5":"has-post-thumbnail","7":"category-musica","8":"tag-entertainment","9":"tag-entretenimiento","10":"tag-es","11":"tag-espana","12":"tag-music","13":"tag-musica","14":"tag-spain"},"share_on_mastodon":{"url":"https:\/\/pubeurope.com\/@es\/115754955281161578","error":""},"_links":{"self":[{"href":"https:\/\/www.europesays.com\/es\/wp-json\/wp\/v2\/posts\/298850","targetHints":{"allow":["GET"]}}],"collection":[{"href":"https:\/\/www.europesays.com\/es\/wp-json\/wp\/v2\/posts"}],"about":[{"href":"https:\/\/www.europesays.com\/es\/wp-json\/wp\/v2\/types\/post"}],"author":[{"embeddable":true,"href":"https:\/\/www.europesays.com\/es\/wp-json\/wp\/v2\/users\/2"}],"replies":[{"embeddable":true,"href":"https:\/\/www.europesays.com\/es\/wp-json\/wp\/v2\/comments?post=298850"}],"version-history":[{"count":0,"href":"https:\/\/www.europesays.com\/es\/wp-json\/wp\/v2\/posts\/298850\/revisions"}],"wp:featuredmedia":[{"embeddable":true,"href":"https:\/\/www.europesays.com\/es\/wp-json\/wp\/v2\/media\/298851"}],"wp:attachment":[{"href":"https:\/\/www.europesays.com\/es\/wp-json\/wp\/v2\/media?parent=298850"}],"wp:term":[{"taxonomy":"category","embeddable":true,"href":"https:\/\/www.europesays.com\/es\/wp-json\/wp\/v2\/categories?post=298850"},{"taxonomy":"post_tag","embeddable":true,"href":"https:\/\/www.europesays.com\/es\/wp-json\/wp\/v2\/tags?post=298850"}],"curies":[{"name":"wp","href":"https:\/\/api.w.org\/{rel}","templated":true}]}}