{"id":298859,"date":"2025-12-21T01:30:21","date_gmt":"2025-12-21T01:30:21","guid":{"rendered":"https:\/\/www.europesays.com\/es\/298859\/"},"modified":"2025-12-21T01:30:21","modified_gmt":"2025-12-21T01:30:21","slug":"hyrule-warriors-la-era-del-destierro-ha-influido-en-el-siguiente-zelda-principal-asi-lo-afirma-eiji-aonuma","status":"publish","type":"post","link":"https:\/\/www.europesays.com\/es\/298859\/","title":{"rendered":"Hyrule Warriors: La era del destierro ha influido en el siguiente Zelda principal: as\u00ed lo afirma Eiji Aonuma"},"content":{"rendered":"<p>\u00a1Parece que tenemos declaraciones interesantes sobre <a href=\"https:\/\/www.nintenderos.com\/nintendo-switch-2\/hyrule-warriors-la-era-del-destierro-todo-lo-que-necesitas-saber-sobre-la-epica-precuela-de-zelda-que-llega-a-nintendo-switch-2\/\" rel=\"nofollow noopener\" target=\"_blank\">Hyrule Warriors: La era del destierro<\/a>! Hoy las novedades nos llegan tras\u00a0<a href=\"https:\/\/www.nintenderos.com\/2025\/05\/conocer-a-los-sabios-mas-fps-y-otros-detalles-confirmados-hoy-para-hyrule-warriors-la-era-del-destierro\/\" rel=\"nofollow noopener\" target=\"_blank\">los detalles confirmados<\/a>\u00a0en la \u00faltima entrega de Creator\u2019s Voice. Y sabemos ya que\u00a0<strong>se lanz\u00f3 el 6 de noviembre de 2026 en Nintendo Switch 2<\/strong>.<\/p>\n<p>Esta vez os traemos informaci\u00f3n tras desvelarse su\u00a0<a href=\"https:\/\/www.nintenderos.com\/nintendo-switch-2\/este-es-el-descomunal-tamano-de-la-descarga-de-hyrule-warriors-la-era-del-destierro\/\" rel=\"nofollow noopener\" target=\"_blank\">descomunal tama\u00f1o de la descarga<\/a>. El juego ya se ha lanzado y, despu\u00e9s de conocer\u00a0<a href=\"https:\/\/www.nintenderos.com\/nintendo-switch-2\/todos-los-personajes-jugables-en-hyrule-warriors-la-era-del-destierro-y-como-desbloquearlos\/\" rel=\"nofollow noopener\" target=\"_blank\">todos los personajes jugables y c\u00f3mo desbloquearlos<\/a>, tambi\u00e9n tenemos la confirmaci\u00f3n de\u00a0<a href=\"https:\/\/www.nintenderos.com\/nintendo-switch-2\/hyrule-warriors-la-era-del-destierro-confirma-actualizaciones-de-contenido-gratis-en-camino\/\" rel=\"nofollow noopener\" target=\"_blank\">actualizaciones gratuitas<\/a>. Nintendo\u00a0<a href=\"https:\/\/www.nintenderos.com\/nintendo-switch-2\/hyrule-warriors-la-era-del-destierro-recibe-su-actualizacion-1-0-2-con-estas-nuevas-funciones-mejoras-y-correcciones\/\" rel=\"nofollow noopener\" target=\"_blank\">ya lanz\u00f3 la primera<\/a>\u00a0y ahora <a href=\"https:\/\/www.nintenderos.com\/nintendo-switch-2\/nueva-actualizacion-disponible-para-hyrule-warriors-la-era-del-destierro\/\" rel=\"nofollow noopener\" target=\"_blank\">se ha lanzado la segunda<\/a>. Tras estos contenidos, <strong>Eiji Aonuma<\/strong>, productor de The Legend of Zelda, ha comentado en una entrevista con <a href=\"https:\/\/www.4gamer.net\/games\/898\/G089833\/20251205029\/\" class=\"external\" rel=\"nofollow noopener\" target=\"_blank\">4Gamer<\/a> que <strong>Nintendo ten\u00eda la intenci\u00f3n de ser la primera en lanzar un nuevo juego de Zelda en Nintendo Switch 2, aunque finalmente Hyrule Warriors: La era del destierro de Koei Tecmo se adelant\u00f3<\/strong>.<\/p>\n<p>Aonuma tambi\u00e9n <strong>dej\u00f3 caer que la colaboraci\u00f3n con Koei Tecmo ha influido de alguna forma en el desarrollo del pr\u00f3ximo t\u00edtulo principal de la saga<\/strong>, animando a los fans a jugar La era del destierro mientras esperan con ilusi\u00f3n la pr\u00f3xima gran aventura de The Legend of Zelda.<\/p>\n<p>Otros contenidos en esta categor\u00eda:<\/p>\n<blockquote>\n<p>La era del destierro es el primer t\u00edtulo de Zelda lanzado para Nintendo Switch 2. Si soy sincero, quer\u00edamos ser los primeros en hacerlo, dijo riendo.<\/p>\n<p>La inspiraci\u00f3n que nos dio nuestra colaboraci\u00f3n con Koei Tecmo podr\u00eda reflejarse en el Zelda que creamos. Imaginad esto mientras jugais La era del destierro y esperad con ilusi\u00f3n nuestro Zelda.<\/p>\n<\/blockquote>\n<p>Recordad que en Nintenderos ya lo hemos probado y ten\u00e9is\u00a0<a href=\"https:\/\/www.nintenderos.com\/nintendo-switch-2\/analisis-hyrule-warriors-la-era-del-destierro-para-nintendo-switch-2\/\" rel=\"nofollow noopener\" target=\"_blank\">nuestro an\u00e1lisis final aqu\u00ed<\/a>.<\/p>\n<p>\u00bfQu\u00e9 os ha parecido esta informaci\u00f3n de la sucesora y su estreno? Pod\u00e9is compartirlo en los comentarios abajo.<\/p>\n<p><a href=\"https:\/\/mynintendonews.com\/2025\/12\/19\/aonuma-nintendo-wanted-to-be-first-to-release-zelda-on-switch-2-age-of-imprisonment-may-influence-next-game\/\" class=\"external\" rel=\"nofollow noopener\" target=\"_blank\">Fuente<\/a>.<\/p>\n","protected":false},"excerpt":{"rendered":"\u00a1Parece que tenemos declaraciones interesantes sobre Hyrule Warriors: La era del destierro! Hoy las novedades nos llegan tras\u00a0los&hellip;\n","protected":false},"author":2,"featured_media":298860,"comment_status":"","ping_status":"","sticky":false,"template":"","format":"standard","meta":{"footnotes":""},"categories":[81],"tags":[119,123,124,71019,25,24,11073,117,121,122,23,118,120,11074],"class_list":{"0":"post-298859","1":"post","2":"type-post","3":"status-publish","4":"format-standard","5":"has-post-thumbnail","7":"category-ciencia-y-tecnologia","8":"tag-ciencia","9":"tag-ciencia-y-tecnologia","10":"tag-cienciaytecnologia","11":"tag-eiji-aonuma","12":"tag-es","13":"tag-espana","14":"tag-hyrule-warriors-la-era-del-destierro","15":"tag-science","16":"tag-science-and-technology","17":"tag-scienceandtechnology","18":"tag-spain","19":"tag-technology","20":"tag-tecnologia","21":"tag-zelda"},"share_on_mastodon":{"url":"https:\/\/pubeurope.com\/@es\/115754973542071562","error":""},"_links":{"self":[{"href":"https:\/\/www.europesays.com\/es\/wp-json\/wp\/v2\/posts\/298859","targetHints":{"allow":["GET"]}}],"collection":[{"href":"https:\/\/www.europesays.com\/es\/wp-json\/wp\/v2\/posts"}],"about":[{"href":"https:\/\/www.europesays.com\/es\/wp-json\/wp\/v2\/types\/post"}],"author":[{"embeddable":true,"href":"https:\/\/www.europesays.com\/es\/wp-json\/wp\/v2\/users\/2"}],"replies":[{"embeddable":true,"href":"https:\/\/www.europesays.com\/es\/wp-json\/wp\/v2\/comments?post=298859"}],"version-history":[{"count":0,"href":"https:\/\/www.europesays.com\/es\/wp-json\/wp\/v2\/posts\/298859\/revisions"}],"wp:featuredmedia":[{"embeddable":true,"href":"https:\/\/www.europesays.com\/es\/wp-json\/wp\/v2\/media\/298860"}],"wp:attachment":[{"href":"https:\/\/www.europesays.com\/es\/wp-json\/wp\/v2\/media?parent=298859"}],"wp:term":[{"taxonomy":"category","embeddable":true,"href":"https:\/\/www.europesays.com\/es\/wp-json\/wp\/v2\/categories?post=298859"},{"taxonomy":"post_tag","embeddable":true,"href":"https:\/\/www.europesays.com\/es\/wp-json\/wp\/v2\/tags?post=298859"}],"curies":[{"name":"wp","href":"https:\/\/api.w.org\/{rel}","templated":true}]}}