{"id":298867,"date":"2025-12-21T01:34:11","date_gmt":"2025-12-21T01:34:11","guid":{"rendered":"https:\/\/www.europesays.com\/es\/298867\/"},"modified":"2025-12-21T01:34:11","modified_gmt":"2025-12-21T01:34:11","slug":"perdona-la-segunda-amarilla-a-rodrygo-y-expulsa-a-almeyda","status":"publish","type":"post","link":"https:\/\/www.europesays.com\/es\/298867\/","title":{"rendered":"perdona la segunda amarilla a Rodrygo y expulsa a Almeyda"},"content":{"rendered":"<p>20\/12\/2025<br \/>\n<br \/><strong><br \/>\nActualizado a las 22:34h.<br \/>\n<\/strong><\/p>\n<p class=\"voc-save-news__paragraph\">Esta funcionalidad es s\u00f3lo para suscriptores<\/p>\n<p><a href=\"https:\/\/secure.abc.es\/suscripcion#vca=suscribete&amp;vso=abcdesevilla&amp;vmc=on&amp;vli=comentarios-btn-flujo\" data-voc-vtm-id=\"comienzoSuscripcionON\" data-voc-vtm-info=\"btncomentar\" class=\"voc-btn voc-btn--w voc-btn--xs voc-save-news__btn\" rel=\"nofollow noopener\" target=\"_blank\"><br \/>\nSuscribete<br \/>\n<\/a><\/p>\n<p class=\"voc-p\" style=\"\">Pol\u00e9mica en el <strong>Santiago Bernab\u00e9u<\/strong>, como cab\u00eda esperar, m\u00e1s si cabe con el <strong>Sevilla FC<\/strong> de Almeyda disputando una buena primera parte y poniendo en serios aprietos al <strong>Real Madrid<\/strong>, que se march\u00f3 al descanso con victoria moment\u00e1nea por 1-0 merced  &#8230; al tanto de Bellingham de cabeza en el minuto 38 de partido. Poco despu\u00e9s, el Sevilla fue castigado por el incomprensible criterio arbitral con una decisi\u00f3n dif\u00edcil de justificar.<\/p>\n<p class=\"voc-p\" style=\"\"><strong>Mu\u00f1iz Ruiz la perdon\u00f3 a Rodrygo la segunda cartulina amarilla<\/strong> tras una dura entrada por detr\u00e1s a <strong>Marcao<\/strong> en el minuto 45. Momentos antes, el atacante madridista hab\u00eda sido amonestado, en el 41, por simular un penalti en un lance con el propio defensor brasile\u00f1o del Sevilla. El caso es que Rodrygo se fue de rositas tras trabar a la altura del tend\u00f3n de Aquiles al jugador nervionense, que tuvo que ser atendido durante varios minutos sobre el c\u00e9sped tras el impacto.<\/p>\n<p class=\"voc-p\" style=\"\">En medio de todo el l\u00edo, Mu\u00f1iz Ruiz s\u00ed ense\u00f1\u00f3 la amarilla a Almeyda por protestar, mientras Xabi Alonso charlaba sin problemas y de manera distendida, con alguna sonrisa, con el cuarto \u00e1rbitro. La cosa fue a peor nada m\u00e1s decretar el \u00e1rbitro el descanso del choque, momento en el que <strong>Mu\u00f1iz Ruiz decidi\u00f3 expulsar a Almeyda<\/strong> al reiterarse en sus quejas por la injusticia recibida a su entender.<\/p>\n<p>\nArt\u00edculo solo para suscriptores\n<\/p>\n<p>Reportar un error<\/p>\n<p class=\"voc-save-news__paragraph\">Esta funcionalidad es s\u00f3lo para suscriptores<\/p>\n<p><a href=\"https:\/\/secure.abc.es\/suscripcion#vca=suscribete&amp;vso=abcdesevilla&amp;vmc=on&amp;vli=comentarios-btn-flujo\" data-voc-vtm-id=\"comienzoSuscripcionON\" data-voc-vtm-info=\"btncomentar\" class=\"voc-btn voc-btn--w voc-btn--xs voc-save-news__btn\" rel=\"nofollow noopener\" target=\"_blank\"><br \/>\nSuscribete<br \/>\n<\/a><\/p>\n","protected":false},"excerpt":{"rendered":"20\/12\/2025 Actualizado a las 22:34h. Esta funcionalidad es s\u00f3lo para suscriptores Suscribete Pol\u00e9mica en el Santiago Bernab\u00e9u, como&hellip;\n","protected":false},"author":2,"featured_media":298868,"comment_status":"","ping_status":"","sticky":false,"template":"","format":"standard","meta":{"footnotes":""},"categories":[5],"tags":[1364,13282,17,18,25,24,13637,13,14,11,19,20,51364,71022,9,10,15,16,863,37161,1078,19677,5106,3745,1171,23,12,21,22],"class_list":{"0":"post-298867","1":"post","2":"type-post","3":"status-publish","4":"format-standard","5":"has-post-thumbnail","7":"category-titulares","8":"tag-almeyda","9":"tag-amarilla","10":"tag-breaking-news","11":"tag-breakingnews","12":"tag-es","13":"tag-espana","14":"tag-expulsa","15":"tag-featured-news","16":"tag-featurednews","17":"tag-headlines","18":"tag-latest-news","19":"tag-latestnews","20":"tag-muniz","21":"tag-neutraliza","22":"tag-news","23":"tag-noticias","24":"tag-noticias-destacadas","25":"tag-noticiasdestacadas","26":"tag-parte","27":"tag-perdona","28":"tag-primera","29":"tag-rodrygo","30":"tag-ruiz","31":"tag-segunda","32":"tag-sevilla","33":"tag-spain","34":"tag-titulares","35":"tag-ultimas-noticias","36":"tag-ultimasnoticias"},"share_on_mastodon":{"url":"https:\/\/pubeurope.com\/@es\/115754989247843909","error":""},"_links":{"self":[{"href":"https:\/\/www.europesays.com\/es\/wp-json\/wp\/v2\/posts\/298867","targetHints":{"allow":["GET"]}}],"collection":[{"href":"https:\/\/www.europesays.com\/es\/wp-json\/wp\/v2\/posts"}],"about":[{"href":"https:\/\/www.europesays.com\/es\/wp-json\/wp\/v2\/types\/post"}],"author":[{"embeddable":true,"href":"https:\/\/www.europesays.com\/es\/wp-json\/wp\/v2\/users\/2"}],"replies":[{"embeddable":true,"href":"https:\/\/www.europesays.com\/es\/wp-json\/wp\/v2\/comments?post=298867"}],"version-history":[{"count":0,"href":"https:\/\/www.europesays.com\/es\/wp-json\/wp\/v2\/posts\/298867\/revisions"}],"wp:featuredmedia":[{"embeddable":true,"href":"https:\/\/www.europesays.com\/es\/wp-json\/wp\/v2\/media\/298868"}],"wp:attachment":[{"href":"https:\/\/www.europesays.com\/es\/wp-json\/wp\/v2\/media?parent=298867"}],"wp:term":[{"taxonomy":"category","embeddable":true,"href":"https:\/\/www.europesays.com\/es\/wp-json\/wp\/v2\/categories?post=298867"},{"taxonomy":"post_tag","embeddable":true,"href":"https:\/\/www.europesays.com\/es\/wp-json\/wp\/v2\/tags?post=298867"}],"curies":[{"name":"wp","href":"https:\/\/api.w.org\/{rel}","templated":true}]}}