{"id":298881,"date":"2025-12-21T01:49:23","date_gmt":"2025-12-21T01:49:23","guid":{"rendered":"https:\/\/www.europesays.com\/es\/298881\/"},"modified":"2025-12-21T01:49:23","modified_gmt":"2025-12-21T01:49:23","slug":"primer-trailer-de-la-familia-beneton-2-la-secuela-de-la-exitosa-comedia-protagonizada-por-leo-harlem","status":"publish","type":"post","link":"https:\/\/www.europesays.com\/es\/298881\/","title":{"rendered":"Primer tr\u00e1iler de \u2018La familia Benet\u00f3n +2\u2019, la secuela de la exitosa comedia protagonizada por Leo Harlem"},"content":{"rendered":"<p><strong>&#8216;<a href=\"https:\/\/www.ecartelera.com\/peliculas\/familia-beneton\/\" data-mention-type=\"pelicula\" data-mention-id=\"18330\" rel=\"nofollow noopener\" target=\"_blank\">La familia Benet\u00f3n<\/a>&#8216; est\u00e1 de vuelta<\/strong> con una comedia familiar que se convirti\u00f3 en uno de los grandes \u00e9xitos del a\u00f1o pasado <strong>presenta ahora el tr\u00e1iler y el cartel de \u2018La familia Benet\u00f3n +2\u2019<\/strong>. Dirigida de nuevo por <a href=\"https:\/\/www.ecartelera.com\/personas\/joaquin-mazon\/\" data-mention-type=\"persona\" data-mention-id=\"14331\" rel=\"nofollow noopener\" target=\"_blank\">Joaqu\u00edn Maz\u00f3n<\/a>, la pel\u00edcula llegar\u00e1 a los cines el pr\u00f3ximo <strong>17 de abril<\/strong> y promete una historia todav\u00eda m\u00e1s desbordante, marcada por la llegada de dos nuevos beb\u00e9s.<\/p>\n<p>Tr\u00e1iler en espa\u00f1ol de &#8216;La familia Benet\u00f3n +2&#8217;<\/p>\n<p><video id=\"vid-36243\" class=\"video-js vjs-default-skin\" data-title=\"Tr\u00e1iler en espa\u00f1ol de 'La familia Benet\u00f3n +2'\" poster=\"https:\/\/www.ecartelera.com\/images\/videos\/36200\/f36243.jpg\" controls=\"\" preload=\"auto\" width=\"640\" height=\"360\" playsinline=\"\" data-vtt=\"\/\/v1.ecartelera.com\/video\/36200\/36243_sprite.vtt\" data-stream=\"1\">El navegador no soporta el tag de v\u00eddeo.<\/video><\/p>\n<p>X<\/p>\n<p><strong>El tr\u00e1iler ofrece un primer vistazo a esta nueva etapa para la familia<\/strong>, adelantando una convivencia a\u00fan m\u00e1s complicada y situaciones llevadas al l\u00edmite. Ahora el reto se multiplica: \u201cSi ya ten\u00edan dificultades para cuidar a cinco ni\u00f1os, <strong>vamos a unirle dos elementos m\u00e1s a la familia<\/strong>\u201d, explica el director Joaqu\u00edn Maz\u00f3n para <a href=\"https:\/\/www.antena3.com\/noticias\/cultura\/familia-beneton-2-comedia-atresmedia-cine-que-llegara-2026-mas-bebes-risas_2025060668435407836497285a9da399.html\" target=\"_blank\" rel=\"nofollow noopener\">Antena 3<\/a>. El \u201cfoll\u00f3n\u201d est\u00e1 garantizado: persecuciones, fiestas improvisadas, sustos y un ritmo fren\u00e9tico que no da tregua,<strong> todo envuelto en su humor caracter\u00edstico<\/strong>.<\/p>\n<p><a href=\"https:\/\/www.ecartelera.com\/personas\/leo-harlem\/\" data-mention-type=\"persona\" data-mention-id=\"16769\" rel=\"nofollow noopener\" target=\"_blank\">Leo Harlem<\/a> y <a href=\"https:\/\/www.ecartelera.com\/personas\/juan-manuel-montilla\/\" data-mention-type=\"persona\" data-mention-id=\"3972\" rel=\"nofollow noopener\" target=\"_blank\">Juan Manuel Montilla &#8216;El Langui&#8217;<\/a> vuelven a ponerse al frente del reparto y no esconden que la secuela va un paso m\u00e1s all\u00e1: \u201cYo voy a decir una cosa: <strong>va a haber m\u00e1s foll\u00f3n<\/strong>. Tambi\u00e9n ser\u00e1 una cosa m\u00e1s modesta y con una pretensi\u00f3n m\u00e1s humana\u201d, adelanta Harlem, mientras que <strong>El Langui apunta a uno de los grandes giros de la historia<\/strong>: el viaje de la familia hasta \u00c1frica: \u201cNo nos vamos de safari, aunque lo parezca por las pintas\u201d.<\/p>\n<p>\t\t\t\t\t\t\t<img decoding=\"async\" loading=\"lazy\" src=\"https:\/\/www.europesays.com\/es\/wp-content\/uploads\/2025\/12\/249897_primer-triler-de-la-familia-benetton-2-la-secuela-de-la-exitosa-comedia-protagon.jpg\" alt=\"\u2018La familia Benetton +2\u2019: 17 de abril en cines\" width=\"1200\" height=\"801\"\/><\/p>\n<p>\t\t\t\t\t\t\u2018La familia Benet\u00f3n +2\u2019: 17 de abril en cines (Atresmedia Cine)<\/p>\n<p>El tr\u00e1iler tambi\u00e9n confirma <strong>el regreso del elenco infantil formado por<\/strong> Al\u00ed Dia, <a href=\"https:\/\/www.ecartelera.com\/personas\/diego-montejo\/\" data-mention-type=\"persona\" data-mention-id=\"31323\" rel=\"nofollow noopener\" target=\"_blank\">Diego Montejo<\/a>, Gala Bichir, Meilin Chen y Kamsiyochi Ngene, as\u00ed como de <a href=\"https:\/\/www.ecartelera.com\/personas\/pepe-viyuela\/\" data-mention-type=\"persona\" data-mention-id=\"5394\" rel=\"nofollow noopener\" target=\"_blank\">Pepe Viyuela<\/a>, <a href=\"https:\/\/www.ecartelera.com\/personas\/llum-barrera\/\" data-mention-type=\"persona\" data-mention-id=\"19529\" rel=\"nofollow noopener\" target=\"_blank\">Llum Barrera<\/a> e <a href=\"https:\/\/www.ecartelera.com\/personas\/inaki-miramon\/\" data-mention-type=\"persona\" data-mention-id=\"31581\" rel=\"nofollow noopener\" target=\"_blank\">I\u00f1aki Miram\u00f3n<\/a>. A ellos se suman <strong>nuevas incorporaciones como <a href=\"https:\/\/www.ecartelera.com\/personas\/enrique-villen\/\" data-mention-type=\"persona\" data-mention-id=\"3201\" rel=\"nofollow noopener\" target=\"_blank\">Enrique Vill\u00e9n<\/a> <\/strong> y <a href=\"https:\/\/www.ecartelera.com\/personas\/anabel-alonso\/\" data-mention-type=\"persona\" data-mention-id=\"5399\" rel=\"nofollow noopener\" target=\"_blank\">Anabel Alonso<\/a>, adem\u00e1s de la colaboraci\u00f3n especial de los Masaka Kids. El rodaje se ha desarrollado en distintas localizaciones de Madrid y Canarias.<\/p>\n<p>Tras el \u00e9xito de la primera entrega, el equipo creativo ten\u00eda claro que la historia merec\u00eda continuar: \u201cNos quedamos con ganas de m\u00e1s y dijimos: <strong>vamos a hacer otra m\u00e1s grande y m\u00e1s divertida todav\u00eda<\/strong>\u201d, se\u00f1ala el director general de Atresmedia Cine. Maz\u00f3n reconoce que afrontar una secuela siempre es un reto, pero asegura que ser\u00e1 \u201c<strong>el doble de divertida, el doble de ca\u00f3tica y el doble de emotiva<\/strong>\u201d. Adem\u00e1s presenta tambi\u00e9n el primer p\u00f3ster.<\/p>\n<p>\t\t\t\t\t\t\t<img decoding=\"async\" loading=\"lazy\" src=\"https:\/\/www.europesays.com\/es\/wp-content\/uploads\/2025\/12\/249896_primer-triler-de-la-familia-benetton-2-la-secuela-de-la-exitosa-comedia-protagon.jpg\" alt=\"Primer poster de \u2018La familia Benetton +2\u2019\" width=\"1200\" height=\"1500\"\/><\/p>\n<p>\t\t\t\t\t\tPrimer poster de \u2018La familia Benet\u00f3n +2\u2019 (Atresmedia Cine)<br \/>\n\t\t\t\t\t\tUn \u00e9xito de taquilla<\/p>\n<p>La primera entrega fue un considerable \u00e9xito de taquilla,<strong> recaudando m\u00e1s de 4 millones de euros y situ\u00e1ndose como el sexto filme espa\u00f1ol m\u00e1s taquillero del a\u00f1o<\/strong>, por detr\u00e1s de otros t\u00edtulos como &#8216;<a href=\"https:\/\/www.ecartelera.com\/peliculas\/padre-no-hay-mas-que-uno-4\/\" data-mention-type=\"pelicula\" data-mention-id=\"6393\" rel=\"nofollow noopener\" target=\"_blank\">Padre no hay m\u00e1s que uno 4: Campanas de boda<\/a>&#8216; (13.4 millones), &#8216;<a href=\"https:\/\/www.ecartelera.com\/peliculas\/la-infiltrada\/\" data-mention-type=\"pelicula\" data-mention-id=\"18620\" rel=\"nofollow noopener\" target=\"_blank\">La infiltrada<\/a>&#8216; (8.1 millones) y &#8216;<a href=\"https:\/\/www.ecartelera.com\/peliculas\/buffalo-kids\/\" data-mention-type=\"pelicula\" data-mention-id=\"18593\" rel=\"nofollow noopener\" target=\"_blank\">Buffalo Kids<\/a>&#8216; (5.2 millones), que cerraban el <a href=\"https:\/\/www.taquillaespana.es\/rk-2024\/peliculas-espanolas-2024\/\" target=\"_blank\" rel=\"nofollow noopener\">Top 3<\/a> de 2024.<\/p>\n<p>\u201c<strong>Humor, humor y emoci\u00f3n, ah\u00ed anda el juego<\/strong>\u201d, resume Leo Harlem. Y eso es precisamente lo que promete el tr\u00e1iler de La familia Benet\u00f3n +2: una comedia familiar que vuelve a demostrar que, aunque la vida en familia sea un aut\u00e9ntico caos, siempre hay espacio para la risa, el cari\u00f1o y la uni\u00f3n.<\/p>\n","protected":false},"excerpt":{"rendered":"&#8216;La familia Benet\u00f3n&#8216; est\u00e1 de vuelta con una comedia familiar que se convirti\u00f3 en uno de los grandes&hellip;\n","protected":false},"author":2,"featured_media":298882,"comment_status":"","ping_status":"","sticky":false,"template":"","format":"standard","meta":{"footnotes":""},"categories":[169],"tags":[1014,1015,1013,177,1011,146,147,25,24,782,176,1019,1016,175,753,1012,23,1017,1018],"class_list":{"0":"post-298881","1":"post","2":"type-post","3":"status-publish","4":"format-standard","5":"has-post-thumbnail","7":"category-cine","8":"tag-actores","9":"tag-actrices","10":"tag-cartelera","11":"tag-cine","12":"tag-ecartelera","13":"tag-entertainment","14":"tag-entretenimiento","15":"tag-es","16":"tag-espana","17":"tag-estrellas","18":"tag-film","19":"tag-fotogramas","20":"tag-fotos","21":"tag-movies","22":"tag-peliculas","23":"tag-pelis","24":"tag-spain","25":"tag-trailers","26":"tag-videos"},"share_on_mastodon":{"url":"https:\/\/pubeurope.com\/@es\/115755048629004350","error":""},"_links":{"self":[{"href":"https:\/\/www.europesays.com\/es\/wp-json\/wp\/v2\/posts\/298881","targetHints":{"allow":["GET"]}}],"collection":[{"href":"https:\/\/www.europesays.com\/es\/wp-json\/wp\/v2\/posts"}],"about":[{"href":"https:\/\/www.europesays.com\/es\/wp-json\/wp\/v2\/types\/post"}],"author":[{"embeddable":true,"href":"https:\/\/www.europesays.com\/es\/wp-json\/wp\/v2\/users\/2"}],"replies":[{"embeddable":true,"href":"https:\/\/www.europesays.com\/es\/wp-json\/wp\/v2\/comments?post=298881"}],"version-history":[{"count":0,"href":"https:\/\/www.europesays.com\/es\/wp-json\/wp\/v2\/posts\/298881\/revisions"}],"wp:featuredmedia":[{"embeddable":true,"href":"https:\/\/www.europesays.com\/es\/wp-json\/wp\/v2\/media\/298882"}],"wp:attachment":[{"href":"https:\/\/www.europesays.com\/es\/wp-json\/wp\/v2\/media?parent=298881"}],"wp:term":[{"taxonomy":"category","embeddable":true,"href":"https:\/\/www.europesays.com\/es\/wp-json\/wp\/v2\/categories?post=298881"},{"taxonomy":"post_tag","embeddable":true,"href":"https:\/\/www.europesays.com\/es\/wp-json\/wp\/v2\/tags?post=298881"}],"curies":[{"name":"wp","href":"https:\/\/api.w.org\/{rel}","templated":true}]}}