{"id":298986,"date":"2025-12-21T03:23:11","date_gmt":"2025-12-21T03:23:11","guid":{"rendered":"https:\/\/www.europesays.com\/es\/298986\/"},"modified":"2025-12-21T03:23:11","modified_gmt":"2025-12-21T03:23:11","slug":"ecuador-reporto-el-primer-caso-de-la-supergripe-h3n2-variante-k","status":"publish","type":"post","link":"https:\/\/www.europesays.com\/es\/298986\/","title":{"rendered":"Ecuador report\u00f3 el primer caso de la &#8216;supergripe&#8217; H3N2 variante K"},"content":{"rendered":"<p>El <b>Ministerio de Salud P\u00fablica de Ecuador confirm\u00f3 este 20 de diciembre el primer caso de influenza A(H3N2) variante K.<\/b> La persona se encuentra bajo estricta vigilancia m\u00e9dica.\u00a0<\/p>\n<p>Mediante un comunicado, el ministerio de Salud de Ecuador asegur\u00f3: \u00abEl caso ha sido identificado oportunamente y <b>el paciente se encuentra bajo seguimiento m\u00e9dico, cumpliendo los protocolos establecidos para este tipo de infecci\u00f3n respiratoria<\/b>\u201d.<\/p>\n<p>Este ser\u00eda el primer caso de H3N2 en Ecuador, por lo que el gobierno hizo un llamado a mantener las medidas preventivas como el lavado frecuente de manos, <b>el uso de tapabocas en caso de s\u00edntomas respiratorios, y ante cualquier signo de alerta, acudir al m\u00e9dico.<\/b><\/p>\n<p class=\"c-leatambien__titulo\"> LEA TAMBI\u00c9N <\/p>\n<p><img decoding=\"async\" alt=\"Ni\u00f1a\" width=\"120\" height=\"120\" loading=\"lazy\" src=\"https:\/\/imagenes2.eltiempo.com\/files\/image_120_120\/uploads\/2025\/12\/17\/6942e24cbab96.png\" data-full-src=\"https:\/\/www.europesays.com\/es\/wp-content\/uploads\/2025\/12\/6942e24cbab96.png\"\/><\/p>\n<p class=\"c-cuerpo__media__txt\"> Foto:iStock<\/p>\n<p>De la misma manera, el ministerio de Salud record\u00f3 que la vacunaci\u00f3n contra la influenza es totalmente gratuita y las personas pueden acudir al punto m\u00e1s cercano.<\/p>\n<p>Ecuador se suma a la lista de pa\u00edses con presencia de H3N2, junto con Per\u00fa, Argentina, Panam\u00e1, Costa Rica y Paraguay. Por lo que se activ\u00f3 el Comit\u00e9 de Operaciones de Emergencia (COE) para monitorear la gripe A(H3N2) y la circulaci\u00f3n de otros virus respiratorios.<\/p>\n<p class=\"c-leatambien__titulo\"> LEA TAMBI\u00c9N <\/p>\n<p><img decoding=\"async\" alt=\"Asocepic\" width=\"120\" height=\"120\" loading=\"lazy\" src=\"https:\/\/imagenes2.eltiempo.com\/files\/image_120_120\/files\/fp\/uploads\/2025\/12\/15\/6940a46790be6.r_d.2411-515.jpeg\" data-full-src=\"https:\/\/www.europesays.com\/es\/wp-content\/uploads\/2025\/12\/6940a46790be6.jpeg\"\/><\/p>\n<p class=\"c-cuerpo__media__txt\"> Foto:iStock<\/p>\n<p>\u00bfCu\u00e1les son los s\u00edntomas del H3N2?<\/p>\n<p>Los s\u00edntomas suelen aparecer de forma abrupta. <b>Entre los signos reportados se incluyen fiebre, tos y secreci\u00f3n nasal, junto con la posibilidad de dolores musculares, v\u00f3mitos o diarrea.\u00a0<\/b><\/p>\n<p>La UKHSA identifica como grupos de mayor riesgo a menores de cinco a\u00f1os (especialmente menores de dos), adultos de 65 a\u00f1os o m\u00e1s, mujeres embarazadas y personas con enfermedades cr\u00f3nicas como asma, diabetes, afecciones card\u00edacas, inmunodeficiencias o trastornos neurol\u00f3gicos.\u00a0<\/p>\n<p>Ante la presencia de s\u00edntomas posteriores al contacto con cerdos, se recomienda informar al m\u00e9dico debido al riesgo de variantes asociadas a animales.<\/p>\n","protected":false},"excerpt":{"rendered":"El Ministerio de Salud P\u00fablica de Ecuador confirm\u00f3 este 20 de diciembre el primer caso de influenza A(H3N2)&hellip;\n","protected":false},"author":2,"featured_media":298987,"comment_status":"","ping_status":"","sticky":false,"template":"","format":"standard","meta":{"footnotes":""},"categories":[92],"tags":[6985,2622,158,25,24,165,977,71044,166,23],"class_list":{"0":"post-298986","1":"post","2":"type-post","3":"status-publish","4":"format-standard","5":"has-post-thumbnail","7":"category-salud","8":"tag-caso","9":"tag-ecuador","10":"tag-el","11":"tag-es","12":"tag-espana","13":"tag-health","14":"tag-primer","15":"tag-reporto","16":"tag-salud","17":"tag-spain"},"share_on_mastodon":{"url":"https:\/\/pubeurope.com\/@es\/115755418452927246","error":""},"_links":{"self":[{"href":"https:\/\/www.europesays.com\/es\/wp-json\/wp\/v2\/posts\/298986","targetHints":{"allow":["GET"]}}],"collection":[{"href":"https:\/\/www.europesays.com\/es\/wp-json\/wp\/v2\/posts"}],"about":[{"href":"https:\/\/www.europesays.com\/es\/wp-json\/wp\/v2\/types\/post"}],"author":[{"embeddable":true,"href":"https:\/\/www.europesays.com\/es\/wp-json\/wp\/v2\/users\/2"}],"replies":[{"embeddable":true,"href":"https:\/\/www.europesays.com\/es\/wp-json\/wp\/v2\/comments?post=298986"}],"version-history":[{"count":0,"href":"https:\/\/www.europesays.com\/es\/wp-json\/wp\/v2\/posts\/298986\/revisions"}],"wp:featuredmedia":[{"embeddable":true,"href":"https:\/\/www.europesays.com\/es\/wp-json\/wp\/v2\/media\/298987"}],"wp:attachment":[{"href":"https:\/\/www.europesays.com\/es\/wp-json\/wp\/v2\/media?parent=298986"}],"wp:term":[{"taxonomy":"category","embeddable":true,"href":"https:\/\/www.europesays.com\/es\/wp-json\/wp\/v2\/categories?post=298986"},{"taxonomy":"post_tag","embeddable":true,"href":"https:\/\/www.europesays.com\/es\/wp-json\/wp\/v2\/tags?post=298986"}],"curies":[{"name":"wp","href":"https:\/\/api.w.org\/{rel}","templated":true}]}}