{"id":298991,"date":"2025-12-21T03:26:11","date_gmt":"2025-12-21T03:26:11","guid":{"rendered":"https:\/\/www.europesays.com\/es\/298991\/"},"modified":"2025-12-21T03:26:11","modified_gmt":"2025-12-21T03:26:11","slug":"el-renting-de-zapatillas-de-roger-federer-aterriza-en-espana","status":"publish","type":"post","link":"https:\/\/www.europesays.com\/es\/298991\/","title":{"rendered":"El &#8216;renting&#8217; de zapatillas de Roger Federer aterriza en Espa\u00f1a"},"content":{"rendered":"<p>Carlos Rosique |<\/p>\n<p>Madrid (EFE).- La empresa de calzado suizo On, participada por Roger Federer, acumula hasta septiembre los mismos ingresos que en todo 2024, unos 2.400 millones de euros, en un momento de plena expansi\u00f3n de la compa\u00f1\u00eda, que aterriza en Espa\u00f1a con f\u00f3rmulas como el \u2018renting\u2019 de zapatillas.<\/p>\n<p>Apadrinada por el extenista suizo, la empresa ha abierto sus primeras tiendas en Madrid y Ciudad de M\u00e9xico y ofrece un formato por el que los clientes no poseen unas zapatillas, sino que se suscriben a la marca para cambiar sus deportivas por otras una vez se desgasten, sin l\u00edmite de tiempo.<\/p>\n<p>La suiza lanz\u00f3 tras la pandemia este servicio, por el que el consumidor paga mes a mes una cantidad, como ocurre con un coche o para una aplicaci\u00f3n de almacenamiento en la nube, lo que le permite cambiar sus zapatillas una vez ya las haya gastado.<\/p>\n<p>El usuario recibe unas deportivas que puede usar y devolver<\/p>\n<p>El usuario realmente no compra unas zapatillas concretas, sino que recibe unas deportivas que puede usar y devolver cuando se desgasten para recibir otras de la misma marca, explica en su web la firma suiza, que llama Cyclon a este novedoso programa.<\/p>\n<p>La firma, de apenas quince a\u00f1os de vida, ingres\u00f3 2.318 millones de francos suizos (unos 2.460 millones de euros) en 2024, mientras que el beneficio acumulado fue de 242 millones de francos, unos 257 millones de euros.<\/p>\n<p><img data-recalc-dims=\"1\" fetchpriority=\"high\" decoding=\"async\" width=\"720\" height=\"712\" src=\"https:\/\/www.europesays.com\/es\/wp-content\/uploads\/2025\/12\/zapas-dos-e1766136497891.webp\" alt=\"RENTING ZAPATILLAS\" class=\"wp-image-2368546\"  \/>La empresa de calzado suizo On, participada por Roger Federer, acumula hasta septiembre los mismos ingresos que en todo 2024. EFE\/On Store<\/p>\n<p>No obstante, en los primeros nueve meses de 2025, la facturaci\u00f3n ha ascendido a 2.270 millones de francos suizos (unos 2.420 millones de euros), casi la misma cifra que en el total de 2024 a falta de un trimestre, aunque el beneficio acumulado en este periodo ha sido de 134,6 millones de francos suizos, unos 144 millones de euros.<\/p>\n<p>Fuentes de la compa\u00f1\u00eda consultadas por EFE no detallan qu\u00e9 porcentajes de ingresos supone ese novedoso formato, pero s\u00ed explican que \u00abel objetivo es usar las zapatillas durante todo el tiempo que duren\u00bb.<\/p>\n<p>\u00abTras seis meses, el suscriptor recibe un correo en el que se le pregunta si est\u00e1 listo para reciclar y solicitar su pr\u00f3ximo calzado\u00bb, sostienen consultados por c\u00f3mo funciona este proceso, en el que parte de las antiguas zapatillas provienen de hasta un 99,5 % de material reciclado.<\/p>\n<p>Roger Federer como colaborador y el aterrizaje en Madrid<\/p>\n<p>Fundada por tres socios, uno de ellos era el atleta de Ironman suizo Olivier Bernhard, que \u00abempez\u00f3 a experimentar con trozos de manguera peg\u00e1ndolos a la suela de un prototipo\u00bb para conseguir una mejor amortiguaci\u00f3n.<\/p>\n<p>Y, seg\u00fan la compa\u00f1\u00eda, ese mismo objetivo de comodidad fue precisamente lo que llam\u00f3 la atenci\u00f3n de Roger Federer, que no \u00abpatrocina\u00bb las zapatillas, sino que busca ser un \u00abemprendedor m\u00e1s\u00bb a trav\u00e9s de nuevos lanzamientos.<\/p>\n<p>Ya en 2020, la firma lanz\u00f3 las zapatillas The Roger, desarrolladas por Federer -que tiene una participaci\u00f3n minoritaria- y con las que la leyenda del tenis homenaje\u00f3 su primera victoria en Wimbledon dos d\u00e9cadas atr\u00e1s.<\/p>\n<p>Especializada en calzado para \u2018runners\u2019, la compa\u00f1\u00eda ha abierto este noviembre su primera tienda en Espa\u00f1a, en la calle Serrano de Madrid, mientras que tambi\u00e9n se ha \u2018estrenado\u2019 en Ciudad de M\u00e9xico ese mismo mes.<\/p>\n<p>La firma detalla que estos nuevos mercados representan una oportunidad significativa para que On \u00abampl\u00ede su alcance global y consolide su posicionamiento \u2018premium\u2019 en la industria del deporte\u00bb.<\/p>\n<p>De momento, la compa\u00f1\u00eda capitaliza unos 22.000 millones de d\u00f3lares, mientras ampl\u00eda sus patrocinios, pues viste a tenistas como la polaca Iga Swiatek, n\u00famero dos del tenis mundial, o el estadounidense Ben Shelton, noveno en el ranking ATP. <\/p>\n","protected":false},"excerpt":{"rendered":"Carlos Rosique | Madrid (EFE).- La empresa de calzado suizo On, participada por Roger Federer, acumula hasta septiembre&hellip;\n","protected":false},"author":2,"featured_media":298992,"comment_status":"","ping_status":"","sticky":false,"template":"","format":"standard","meta":{"footnotes":""},"categories":[80],"tags":[82,5654,3903,95,94,25,24,23],"class_list":{"0":"post-298991","1":"post","2":"type-post","3":"status-publish","4":"format-standard","5":"has-post-thumbnail","7":"category-economia","8":"tag-business","9":"tag-calzado","10":"tag-comercio","11":"tag-economia","12":"tag-economy","13":"tag-es","14":"tag-espana","15":"tag-spain"},"share_on_mastodon":{"url":"https:\/\/pubeurope.com\/@es\/115755429926518619","error":""},"_links":{"self":[{"href":"https:\/\/www.europesays.com\/es\/wp-json\/wp\/v2\/posts\/298991","targetHints":{"allow":["GET"]}}],"collection":[{"href":"https:\/\/www.europesays.com\/es\/wp-json\/wp\/v2\/posts"}],"about":[{"href":"https:\/\/www.europesays.com\/es\/wp-json\/wp\/v2\/types\/post"}],"author":[{"embeddable":true,"href":"https:\/\/www.europesays.com\/es\/wp-json\/wp\/v2\/users\/2"}],"replies":[{"embeddable":true,"href":"https:\/\/www.europesays.com\/es\/wp-json\/wp\/v2\/comments?post=298991"}],"version-history":[{"count":0,"href":"https:\/\/www.europesays.com\/es\/wp-json\/wp\/v2\/posts\/298991\/revisions"}],"wp:featuredmedia":[{"embeddable":true,"href":"https:\/\/www.europesays.com\/es\/wp-json\/wp\/v2\/media\/298992"}],"wp:attachment":[{"href":"https:\/\/www.europesays.com\/es\/wp-json\/wp\/v2\/media?parent=298991"}],"wp:term":[{"taxonomy":"category","embeddable":true,"href":"https:\/\/www.europesays.com\/es\/wp-json\/wp\/v2\/categories?post=298991"},{"taxonomy":"post_tag","embeddable":true,"href":"https:\/\/www.europesays.com\/es\/wp-json\/wp\/v2\/tags?post=298991"}],"curies":[{"name":"wp","href":"https:\/\/api.w.org\/{rel}","templated":true}]}}