{"id":299067,"date":"2025-12-21T04:38:41","date_gmt":"2025-12-21T04:38:41","guid":{"rendered":"https:\/\/www.europesays.com\/es\/299067\/"},"modified":"2025-12-21T04:38:41","modified_gmt":"2025-12-21T04:38:41","slug":"el-ayuntamiento-de-fuengirola-aprueba-la-prevision-de-las-ordenanzas-que-seran-impulsadas-o-modificadas-durante-el-proximo-ano","status":"publish","type":"post","link":"https:\/\/www.europesays.com\/es\/299067\/","title":{"rendered":"El Ayuntamiento de Fuengirola aprueba la previsi\u00f3n de las ordenanzas que ser\u00e1n impulsadas o modificadas durante el pr\u00f3ximo a\u00f1o"},"content":{"rendered":"<p><strong>El Plan Normativo 2026, aprobado por unanimidad, incluye hasta 44 modificaciones y propuestas relacionadas con temas como Innovaci\u00f3n, Hacienda, Limpieza, Movilidad, R\u00e9gimen Interior, Vivienda o Ecolog\u00eda Urbana <\/strong><\/p>\n<p>19\/12\/2025 \u2013 El Pleno del Ayuntamiento de Fuengirola ha aprobado hoy el Plan Normativo 2026, un documento que recoge la previsi\u00f3n de las ordenanzas y reglamentos que el Consistorio prev\u00e9 impulsar o modificar a lo largo del pr\u00f3ximo a\u00f1o. Seg\u00fan lo expuesto en la sesi\u00f3n plenaria, el plan contempla hasta 44 propuestas y modificaciones normativas, y ha sido respaldado por unanimidad de todos los grupos pol\u00edticos con representaci\u00f3n municipal. Con esta aprobaci\u00f3n se da cumplimiento a lo establecido en la Ley 39\/2015, de Procedimiento Administrativo Com\u00fan de las Administraciones P\u00fablicas.<\/p>\n<p>El portavoz del equipo de gobierno, Rodrigo Romero, ha destacado durante su intervenci\u00f3n que \u201cpor tercer a\u00f1o consecutivo, el Plan Normativo incorpora todas las iniciativas planteadas por los diferentes grupos pol\u00edticos y abarca un amplio abanico de regulaciones, siempre con el objetivo de mejorarlas\u201d. En este sentido, ha subrayado que estas modificaciones \u201credundar\u00e1n en un mejor servicio a los ciudadanos, una mayor claridad en los procedimientos administrativos, una mejora en la capacidad de respuesta a los problemas de los vecinos por parte de los trabajadores municipales y una actualizaci\u00f3n de las normas para adaptarlas a las necesidades cambiantes de la sociedad\u201d.<\/p>\n<p>El documento incluye nuevas ordenanzas o modificaciones en \u00e1mbitos muy diversos de la vida municipal, como la regulaci\u00f3n del uso de los veh\u00edculos de movilidad personal, las ayudas al deporte, la ocupaci\u00f3n de la v\u00eda p\u00fablica, la retirada de veh\u00edculos abandonados, as\u00ed como las ordenanzas de Limpieza y de Convivencia Ciudadana, entre otras.<\/p>\n<p>Durante el debate plenario, Romero ha animado a los grupos de la oposici\u00f3n \u201ca desarrollar las propuestas que han presentado y a que no se queden \u00fanicamente en buenas palabras\u201d, inst\u00e1ndoles a que estas iniciativas \u201cse materialicen en trabajo a lo largo del pr\u00f3ximo a\u00f1o legislativo\u201d. \u201cEspero que en los pr\u00f3ximos doce meses podamos debatir y avanzar en todos los asuntos que hoy se han puesto sobre la mesa\u201d, ha a\u00f1adido.<\/p>\n<p>Tras su aprobaci\u00f3n un\u00e1nime, el Plan Normativo 2026 ser\u00e1 publicado en el Portal de Transparencia del Ayuntamiento de Fuengirola, con el objetivo de facilitar su consulta y promover la participaci\u00f3n de la ciudadan\u00eda en el desarrollo de las futuras iniciativas normativas municipales.<\/p>\n<p><strong>Felicitaci\u00f3n a deportistas<\/strong><\/p>\n<p>El Pleno del Ayuntamiento de Fuengirola ha aprobado tambi\u00e9n, en su sesi\u00f3n ordinaria del mes de diciembre, una moci\u00f3n institucional para felicitar p\u00fablicamente a varios deportistas de la ciudad por los m\u00e9ritos logrados en diferentes competiciones deportivas desarrolladas recientemente.<\/p>\n<p>As\u00ed, la alcaldesa Ana Mula ha felicitado, en nombre de la corporaci\u00f3n municipal, a la gimnasta del Club R\u00edtmica Fuengirola Helena Alc\u00e1ntara Fern\u00e1ndez, por el extraordinario logro alcanzado en la Copa Base Individual Iberdrola de Gimnasia R\u00edtmica, celebrada en Madrid los d\u00edas 29 y 30 de noviembre. Con tan solo nueve a\u00f1os, la joven deportista fuengirole\u00f1a ha demostrado una madurez, talento y dedicaci\u00f3n excepcionales, proclam\u00e1ndose Campeona de Espa\u00f1a en la modalidad de Pelota, categor\u00eda Benjam\u00edn, destacando entre 62 gimnastas de todo el pa\u00eds. Su esfuerzo incansable, su constancia y su pasi\u00f3n por la gimnasia r\u00edtmica son un verdadero ejemplo para todos.<\/p>\n<p>Igualmente, la regidora ha felicitado a los deportistas locales Dionisio Palencia Portilla y Francisco Torres Rodr\u00edguez, miembros del Club de Pesca La Baila, por su brillante participaci\u00f3n en el XI Campeonato de Espa\u00f1a de Selecciones Auton\u00f3micas Mar-Costa, Categor\u00eda Master, celebrado del d\u00eda 4 al 7 de diciembre en Mallorca. Los fuengirole\u00f1os se proclamaron Subcampeones de Espa\u00f1a como integrantes de la Selecci\u00f3n Andaluza, y Dionisio Palencia Portilla logr\u00f3 adem\u00e1s el ascenso a alta competici\u00f3n, un hito que refleja su esfuerzo, dedicaci\u00f3n y excelencia deportiva.<\/p>\n<p>\u00a0<\/p>\n<p>\u00a0<\/p>\n","protected":false},"excerpt":{"rendered":"El Plan Normativo 2026, aprobado por unanimidad, incluye hasta 44 modificaciones y propuestas relacionadas con temas como Innovaci\u00f3n,&hellip;\n","protected":false},"author":2,"featured_media":299068,"comment_status":"","ping_status":"","sticky":false,"template":"","format":"standard","meta":{"footnotes":""},"categories":[8],"tags":[17,18,25,24,13,14,11,19,20,9,10,15,16,23,12,21,22],"class_list":{"0":"post-299067","1":"post","2":"type-post","3":"status-publish","4":"format-standard","5":"has-post-thumbnail","7":"category-espana","8":"tag-breaking-news","9":"tag-breakingnews","10":"tag-es","11":"tag-espana","12":"tag-featured-news","13":"tag-featurednews","14":"tag-headlines","15":"tag-latest-news","16":"tag-latestnews","17":"tag-news","18":"tag-noticias","19":"tag-noticias-destacadas","20":"tag-noticiasdestacadas","21":"tag-spain","22":"tag-titulares","23":"tag-ultimas-noticias","24":"tag-ultimasnoticias"},"share_on_mastodon":{"url":"https:\/\/pubeurope.com\/@es\/115755712774737731","error":""},"_links":{"self":[{"href":"https:\/\/www.europesays.com\/es\/wp-json\/wp\/v2\/posts\/299067","targetHints":{"allow":["GET"]}}],"collection":[{"href":"https:\/\/www.europesays.com\/es\/wp-json\/wp\/v2\/posts"}],"about":[{"href":"https:\/\/www.europesays.com\/es\/wp-json\/wp\/v2\/types\/post"}],"author":[{"embeddable":true,"href":"https:\/\/www.europesays.com\/es\/wp-json\/wp\/v2\/users\/2"}],"replies":[{"embeddable":true,"href":"https:\/\/www.europesays.com\/es\/wp-json\/wp\/v2\/comments?post=299067"}],"version-history":[{"count":0,"href":"https:\/\/www.europesays.com\/es\/wp-json\/wp\/v2\/posts\/299067\/revisions"}],"wp:featuredmedia":[{"embeddable":true,"href":"https:\/\/www.europesays.com\/es\/wp-json\/wp\/v2\/media\/299068"}],"wp:attachment":[{"href":"https:\/\/www.europesays.com\/es\/wp-json\/wp\/v2\/media?parent=299067"}],"wp:term":[{"taxonomy":"category","embeddable":true,"href":"https:\/\/www.europesays.com\/es\/wp-json\/wp\/v2\/categories?post=299067"},{"taxonomy":"post_tag","embeddable":true,"href":"https:\/\/www.europesays.com\/es\/wp-json\/wp\/v2\/tags?post=299067"}],"curies":[{"name":"wp","href":"https:\/\/api.w.org\/{rel}","templated":true}]}}