{"id":299114,"date":"2025-12-21T05:24:09","date_gmt":"2025-12-21T05:24:09","guid":{"rendered":"https:\/\/www.europesays.com\/es\/299114\/"},"modified":"2025-12-21T05:24:09","modified_gmt":"2025-12-21T05:24:09","slug":"21-d-cuatro-candidatos-en-guerra-total-asi-concluye-la-agria-campana-electoral-extremena-expansion","status":"publish","type":"post","link":"https:\/\/www.europesays.com\/es\/299114\/","title":{"rendered":"21-D | Cuatro candidatos en guerra total: as\u00ed concluye la agria campa\u00f1a electoral extreme\u00f1a &#8211; Expansi\u00f3n"},"content":{"rendered":"<ol>\n<li><a href=\"https:\/\/news.google.com\/rss\/articles\/CBMiogFBVV95cUxPMHJFT3R4QlpUNWxPYWZ3V2ZPMW44OE1ES24zaTlpbGdqd25IdTJpaDE2MmltOUdfOTUzdDdSckM3RUtURWlfSXpqTmFPNnl5cFhMTGN2OUpmdG9tM1VNdy1KYU1Zd0h3OWw0bnBTTGMzWm04QzR4Q0J6NFZ3a2hyYm9YWEwxZHFuQWRBaWJjQ0hzaFZyM2JtQnpjT3cxWGtaVnfSAaIBQVVfeXFMUDJQbHFsUVR3XzA2RXhlOWlwZ1RjRXhjRVB2TlcxR1JqREFYODNmZWo1ZjlMQW50QUhEYUtzZG9BcGJxNDJLdkxEQ0k4MHprU1d6T2IzRkJ0amV1UGxwZHJKcWVkM1BiTnlXZmRxUHFMLVlsYkdDa0xCWlRzd2VPd2l4YWJWM2FXclRnSk5RZURDVS00d0pVOV9iakMwTDFTemhR?oc=5\" target=\"_blank\" rel=\"nofollow noopener\">21-D | Cuatro candidatos en guerra total: as\u00ed concluye la agria campa\u00f1a electoral extreme\u00f1a<\/a>&nbsp;&nbsp;Expansi\u00f3n<\/li>\n<li><a href=\"https:\/\/news.google.com\/rss\/articles\/CBMingFBVV95cUxQWTBQbEhNSG9GYlRJN01UMzNfcnBxaURISXVUNGMxdE16QnRvTTFaME56LXhWT1Bvbzcxa1B2N1FGdGJ4WUJNbEREOTVpSHA4cW1EalJ5dXhVRG8wRW1KN0hJUkJNbGkxb21JdUpJWTJIajkzbnBIV3BUWFR1dVowQkVuVlk2YUZiNmFWQ3RMdEJwY0ktT1dGM0ZidWQyd9IBngFBVV95cUxOb2xMMGplOGlLV2pvTEt6YUlvRWRISkVjNmFTQ0VzdXk5Ql9CTUstSVdaR2UzVUhaRWNoemZwdkRKNHBuRU5OVklPb1ZueHpPRS1MMXpMRHJNc2hzZFhCVG1wRExnNmw4VWR3UkktUjJnM1R3VTY4WElKSmVwM19CejNEOGVjc3FfcGFVODhqRTA1QTdNanpfZ2lMQmFNdw?oc=5\" target=\"_blank\" rel=\"nofollow noopener\">El PSOE se enfrenta hoy en Extremadura a su peor d\u00eda electoral: una sangr\u00eda de la mitad de diputados en 20 a\u00f1os y con la derecha ya cerca del 60%<\/a>&nbsp;&nbsp;El Mundo<\/li>\n<li><a href=\"https:\/\/news.google.com\/rss\/articles\/CBMivgFBVV95cUxPV19VcjlrTFBTanJQel92d0RxYW02WEJQbjJuUjJKVldhVlU3Q0NRalFGVFNaczBWamlKQ2dNV0k2b1p5WFZXdkhYUV8wWGk0aWlLVkIydXVfRzIySlk3LXdFM3lSWEdLSlF1ZFpCMW5wWUVVMnJfb0FJQUtDMDVIdXdJaDZxMkQ5YmRtMXB0N1MyXzhFRWhaYTBsVm01Tm1rRGgtUGhnVjR5RkZ4V3ZReU5SRFRLNVk0eG5yMFVn?oc=5\" target=\"_blank\" rel=\"nofollow noopener\">Las expectativas de los partidos han ido cambiando a lo largo de la campa\u00f1a en Extremadura<\/a>&nbsp;&nbsp;La Voz de Galicia<\/li>\n<li><a href=\"https:\/\/news.google.com\/rss\/articles\/CBMihwFBVV95cUxQUmVvUzJ4WXhxVW84Y2lBWDdOVGNMWURSS0l0clgtZkJDNkdNbHFFeU0yRUVmbjhJNDZiaEFQWlcwR0hzbTBza2JTOEg1eWZlREdnb1pob2x4b05PYnpxTUdmdVE5bi1iVGE4U3VtV0d1dm5RSFM4c1huRS1YRFdUNVZycnl5UzTSAYwBQVVfeXFMTlF3ZWVsNUpFbFZIYnVlOWtKanlDdjVRMWVoMnphTVBZYmQtcW1MVWJ1cXh6bjNPa0RSYzdKM29kX09Sc1FKU1g3ejNJcnpiLXdoR01WVDUwZW52a0NHU2tGVUF4dHlpQXNnRGplNVZscnNBOHRpWG9jM0l1a2lSenpYeTlUdWRCSnBZQ0c?oc=5\" target=\"_blank\" rel=\"nofollow noopener\">PP y Vox, abocados a negociar<\/a>&nbsp;&nbsp;El Independiente<\/li>\n<li><a href=\"https:\/\/news.google.com\/rss\/articles\/CBMizAFBVV95cUxQNGpYb0dpSXZYWkZXc0xPcTg1cGtHS01xVjFJa0Q1cU9Qby1EWGM0RmtTVVdlRHZ3MkxUTk9JME9WU0NIcjF2R2FqVUFqLTl6M0VoWnlNQmNiczlfTExuZTFLbkF0NGR5VVNQcTNBUzhWMklfLVJUZEZxT0FUbWQ1MWJGXzdIV0NCcXpIU3N1MElqRTE5dDJhXzBCX3NlZFhBcGNONDhDejNjbXdVZGdqeURjQXMwTGltbnR4MGRubTdkMUd6VXdndi1wOXQ?oc=5\" target=\"_blank\" rel=\"nofollow noopener\">Los l\u00edderes tambi\u00e9n se la juegan: Extremadura abre el ciclo electoral con destino Moncloa<\/a>&nbsp;&nbsp;El Confidencial<\/li>\n<\/ol>\n","protected":false},"excerpt":{"rendered":"21-D | Cuatro candidatos en guerra total: as\u00ed concluye la agria campa\u00f1a electoral extreme\u00f1a&nbsp;&nbsp;Expansi\u00f3n El PSOE se enfrenta&hellip;\n","protected":false},"author":2,"featured_media":299115,"comment_status":"","ping_status":"","sticky":false,"template":"","format":"standard","meta":{"footnotes":""},"categories":[8],"tags":[17,18,4374,70955,70446,25,24,7234,13,14,11,19,20,9,10,15,16,23,12,21,22],"class_list":{"0":"post-299114","1":"post","2":"type-post","3":"status-publish","4":"format-standard","5":"has-post-thumbnail","7":"category-espana","8":"tag-breaking-news","9":"tag-breakingnews","10":"tag-elecciones","11":"tag-elecciones-extremadura","12":"tag-elecciones-elecciones-extremadura","13":"tag-es","14":"tag-espana","15":"tag-extremadura","16":"tag-featured-news","17":"tag-featurednews","18":"tag-headlines","19":"tag-latest-news","20":"tag-latestnews","21":"tag-news","22":"tag-noticias","23":"tag-noticias-destacadas","24":"tag-noticiasdestacadas","25":"tag-spain","26":"tag-titulares","27":"tag-ultimas-noticias","28":"tag-ultimasnoticias"},"share_on_mastodon":{"url":"https:\/\/pubeurope.com\/@es\/115755893856964739","error":""},"_links":{"self":[{"href":"https:\/\/www.europesays.com\/es\/wp-json\/wp\/v2\/posts\/299114","targetHints":{"allow":["GET"]}}],"collection":[{"href":"https:\/\/www.europesays.com\/es\/wp-json\/wp\/v2\/posts"}],"about":[{"href":"https:\/\/www.europesays.com\/es\/wp-json\/wp\/v2\/types\/post"}],"author":[{"embeddable":true,"href":"https:\/\/www.europesays.com\/es\/wp-json\/wp\/v2\/users\/2"}],"replies":[{"embeddable":true,"href":"https:\/\/www.europesays.com\/es\/wp-json\/wp\/v2\/comments?post=299114"}],"version-history":[{"count":0,"href":"https:\/\/www.europesays.com\/es\/wp-json\/wp\/v2\/posts\/299114\/revisions"}],"wp:featuredmedia":[{"embeddable":true,"href":"https:\/\/www.europesays.com\/es\/wp-json\/wp\/v2\/media\/299115"}],"wp:attachment":[{"href":"https:\/\/www.europesays.com\/es\/wp-json\/wp\/v2\/media?parent=299114"}],"wp:term":[{"taxonomy":"category","embeddable":true,"href":"https:\/\/www.europesays.com\/es\/wp-json\/wp\/v2\/categories?post=299114"},{"taxonomy":"post_tag","embeddable":true,"href":"https:\/\/www.europesays.com\/es\/wp-json\/wp\/v2\/tags?post=299114"}],"curies":[{"name":"wp","href":"https:\/\/api.w.org\/{rel}","templated":true}]}}