{"id":299122,"date":"2025-12-21T05:38:10","date_gmt":"2025-12-21T05:38:10","guid":{"rendered":"https:\/\/www.europesays.com\/es\/299122\/"},"modified":"2025-12-21T05:38:10","modified_gmt":"2025-12-21T05:38:10","slug":"si-te-gusto-una-serie-te-recomendamos-otra-ocho-opciones-para-ver-calentitos-en-el-sofa-durante-esta-navidad-series-de-television","status":"publish","type":"post","link":"https:\/\/www.europesays.com\/es\/299122\/","title":{"rendered":"Si te gust\u00f3 una serie, te recomendamos otra: ocho opciones para ver calentitos en el sof\u00e1 durante esta Navidad | Series de Televisi\u00f3n"},"content":{"rendered":"<p class=\"\">Llega la Navidad. Y ya sabemos lo que toca: familia, comilonas, melancol\u00eda, regalos\u2026 y tambi\u00e9n m\u00e1s tiempo para aprovechar calentitos en el sof\u00e1. Es un momento ideal para recuperar algunas de las series que quedaron por el camino y redescubrir alguna ficci\u00f3n que verdaderamente merece la pena. En el equipo de Televisi\u00f3n de EL PA\u00cdS hemos hecho una selecci\u00f3n de series accesibles en plataformas seg\u00fan lo que os guste para disfrutar relajados en estas fechas. <\/p>\n<p>Si te gust\u00f3 This is Us o Un domingo cualquiera\u2026 <b>Friday Night Lights<\/b><\/p>\n<p class=\"\">Filmin ha aprovechado estas navidades para recuperar una de las <a href=\"https:\/\/elpais.com\/diario\/2009\/08\/05\/radiotv\/1249423204_850215.html\" target=\"_self\" rel=\"nofollow noopener\" title=\"https:\/\/elpais.com\/diario\/2009\/08\/05\/radiotv\/1249423204_850215.html\">joyas de la televisi\u00f3n de las dos \u00faltimas d\u00e9cadas<\/a>: el drama deportivo Friday Night Lights, cuyo equipo de f\u00fatbol trajo a la primera plana a actores como Kyle Chandler, Connie Britton, Caleb Landry Jones y Taylor Kitsch, adem\u00e1s de los disparados al Oscar <a href=\"https:\/\/elpais.com\/gente\/2020-11-19\/michael-b-jordan-elegido-el-hombre-mas-sexy-del-mundo.html\" target=\"_self\" rel=\"nofollow noopener\" title=\"https:\/\/elpais.com\/gente\/2020-11-19\/michael-b-jordan-elegido-el-hombre-mas-sexy-del-mundo.html\">Michael B. Jordan<\/a> (aunque despu\u00e9s de The Wire) y el camale\u00f3nico Jesse Plemons. Nunca es tarde para recuperar las cinco temporadas de superaci\u00f3n, puro drama y conflicto social con esta serie que, aunque nunca estuvo entre las m\u00e1s vistas, tuvo una comunidad fan tan fuerte que se alarg\u00f3 <a href=\"https:\/\/elpais.com\/cultura\/2011\/07\/08\/television\/1310103246_131010.html\" target=\"_self\" rel=\"nofollow noopener\" title=\"https:\/\/elpais.com\/cultura\/2011\/07\/08\/television\/1310103246_131010.html\">hasta las cinco temporadas<\/a>. Hoy ya es un cl\u00e1sico que ha inspirado a muchas otras. \u201c\u00a1Ojos claros, corazones llenos, no se puede perder!\u201d.<\/p>\n<p class=\"\"><b>\u00bfD\u00f3nde verla? <\/b>Sus cinco temporadas pueden disfrutarse en Filmin.<\/p>\n<p>Si te gust\u00f3 Colombo o Pu\u00f1ales por la espalda\u2026 <b>Elsbeth<\/b>Imagen de la tercera temporada de la serie &#8216;Elsbeth&#8217;, con Carrie Preston.&#13;<\/p>\n<p class=\"\">Los detectives televisivos peculiares son tan cl\u00e1sicos como la misma televisi\u00f3n. Tenemos muy reciente la cancelaci\u00f3n de <a href=\"https:\/\/elpais.com\/television\/2025-07-27\/rian-johnson-creador-de-poker-face-la-formula-de-colombo-es-magica-siempre-funciona-si-lo-haces-bien.html\" target=\"_self\" rel=\"nofollow noopener\" title=\"https:\/\/elpais.com\/television\/2025-07-27\/rian-johnson-creador-de-poker-face-la-formula-de-colombo-es-magica-siempre-funciona-si-lo-haces-bien.html\">Poker Face<\/a>, con Natasha Lyonne como experta en la mentira, pero todav\u00eda queda la otra ayudante de polic\u00eda especialista en los casos m\u00e1s estrafalarios de Nueva York. <a href=\"https:\/\/elpais.com\/television\/2024-06-18\/elsbeth-nos-ha-ensenado-a-no-menospreciarla.html\" target=\"_self\" rel=\"nofollow noopener\" title=\"https:\/\/elpais.com\/television\/2024-06-18\/elsbeth-nos-ha-ensenado-a-no-menospreciarla.html\">Se llama Elsbeth Tascioni,<\/a> tiene el rostro de la divertida Carrie Preston, fue presentada como abogada en The Good Wife y siempre lleva una cantidad de bolsos fuera de lo normal. Pero es la m\u00e1s perspicaz de todo el departamento, incluso ante casos tan raros como un secuestro en una tienda de juguetes, el asesinato de un presentador de late night (interpretado <a href=\"https:\/\/elpais.com\/television\/2025-07-20\/stephen-colbert-el-comico-antitrumpista-cuyo-despido-supone-el-fin-de-una-era-en-television.html\" target=\"_self\" rel=\"nofollow noopener\" title=\"https:\/\/elpais.com\/television\/2025-07-20\/stephen-colbert-el-comico-antitrumpista-cuyo-despido-supone-el-fin-de-una-era-en-television.html\">por el despedido Stephen Colbert<\/a>) o un episodio musical en la c\u00e1rcel.<\/p>\n<p class=\"\"><b>\u00bfD\u00f3nde verla? <\/b>Movistar Plus+ est\u00e1 emitiendo la tercera temporada, y las dos primeras est\u00e1n bajo demanda.<\/p>\n<p>Si te gust\u00f3 El ala oeste de la Casa Blanca\u2026<b> La diplom\u00e1tica<\/b>Keri Russell y Rufus Sewell, en la tercera temporada de &#8216;La diplom\u00e1tica&#8217;.V\u00eddeo: Netflix<\/p>\n<p class=\"\">Si hay un g\u00e9nero de moda en la era de las plataformas ese es el thriller. \u00bfQu\u00e9 hay mejor que una historia adictiva que mantenga a los espectadores pegados a la pantalla? Esta tiene conspiraciones pol\u00edticas y tambi\u00e9n drama personal, porque la embajadora de Estados Unidos en Reino Unido no solo tendr\u00e1 que lidiar con una crisis internacional de primer orden, sino que adem\u00e1s hace frente a las idas y venidas de su vida de pareja. Y si est\u00e1s descubriendo aqu\u00ed a su protagonista, Keri Russell, te recomendamos que sigas con <a href=\"https:\/\/elpais.com\/cultura\/2018\/06\/04\/television\/1528122189_557820.html\" target=\"_self\" rel=\"nofollow noopener\" title=\"https:\/\/elpais.com\/cultura\/2018\/06\/04\/television\/1528122189_557820.html\">The Americans<\/a> (Disney+), que combina espionaje en el Estados Unidos de la Guerra Fr\u00eda y drama familiar. <\/p>\n<p class=\"\"><b>\u00bfD\u00f3nde verla? <\/b>Las tres temporadas est\u00e1n disponibles en Netflix, y ya est\u00e1 en marcha una cuarta para 2026.<\/p>\n<p>Si te gust\u00f3 Adolescencia o The Bear\u2026 <b>Boiling Point<\/b>Ray Panthaki y Vinette Robinson, en el primer episodio de &#8216;Boiling Point&#8217;.<\/p>\n<p class=\"\"><a href=\"https:\/\/elpais.com\/television\/2025-03-19\/adolescencia-la-serie-que-no-quieres-ver-si-tienes-un-hijo-varon-pero-debes.html\" target=\"_self\" rel=\"nofollow noopener\" title=\"https:\/\/elpais.com\/television\/2025-03-19\/adolescencia-la-serie-que-no-quieres-ver-si-tienes-un-hijo-varon-pero-debes.html\">Adolescencia<\/a> ha sido la serie del a\u00f1o (al menos en <a href=\"https:\/\/elpais.com\/babelia\/2025-12-13\/las-10-mejores-series-de-2025.html\" target=\"_self\" rel=\"nofollow noopener\" title=\"https:\/\/elpais.com\/babelia\/2025-12-13\/las-10-mejores-series-de-2025.html\">nuestra lista de mejores series en Babelia<\/a>). Pero antes de llegar a ese fen\u00f3meno, el director Philip Barantini, el actor y guionista Stephen Graham y la actriz y productora Hannah Walters <a href=\"https:\/\/elpais.com\/cultura\/2025-04-08\/la-explosion-del-plano-secuencia-por-que-a-los-directores-les-gusta-tanto-rodar-sin-cortes.html\" target=\"_self\" rel=\"nofollow noopener\" title=\"https:\/\/elpais.com\/cultura\/2025-04-08\/la-explosion-del-plano-secuencia-por-que-a-los-directores-les-gusta-tanto-rodar-sin-cortes.html\">ya supieron aprovechar el plano secuencia<\/a> en un g\u00e9nero tan diferente como el del estr\u00e9s culinario. Boiling Point primero fue un cortometraje, luego una adrenal\u00ednica pel\u00edcula (disponible en Filmin y Netflix) y lo \u00faltimo, <a href=\"https:\/\/elpais.com\/television\/2024-07-09\/boiling-point-cocinas-al-borde-de-un-ataque-de-nervios.html\" target=\"_self\" rel=\"nofollow noopener\" title=\"https:\/\/elpais.com\/television\/2024-07-09\/boiling-point-cocinas-al-borde-de-un-ataque-de-nervios.html\">una serie de cuatro cap\u00edtulos que continuaba<\/a> y expand\u00eda la historia de este chef con una vida destrozada por las adicciones y un equipo lleno de problemas tanto en la intimidad como en los fogones.<\/p>\n<p class=\"\"><b>\u00bfD\u00f3nde verla? <\/b>Sus cuatro episodios est\u00e1n disponibles en Movistar Plus+, aunque antes mejor ver la pel\u00edcula, que tradujeron como Hierve, en Filmin o Netflix.<\/p>\n<p>Si te gust\u00f3 La favorita\u2026 <b>The Great<\/b>Elle Fanning, en &#8216;The Great&#8217;.<\/p>\n<p class=\"\">Ahora que Elle Fanning triunfa en la gran pantalla (con proyectos tan distintos como Predator: Badlands y <a href=\"https:\/\/elpais.com\/cultura\/cine\/2025-12-05\/valor-sentimental-demasiada-intensidad-nordica.html\" target=\"_self\" rel=\"nofollow noopener\" title=\"https:\/\/elpais.com\/cultura\/cine\/2025-12-05\/valor-sentimental-demasiada-intensidad-nordica.html\">Valor sentimental<\/a>, que la llevar\u00e1 a los Oscar), Netflix ha aprovechado para relanzar esta serie que en su d\u00eda pas\u00f3 desapercibida, <a href=\"https:\/\/elpais.com\/television\/2020-06-17\/no-te-cases-con-un-hombre-casate-con-rusia.html\" target=\"_self\" rel=\"nofollow noopener\" title=\"https:\/\/elpais.com\/television\/2020-06-17\/no-te-cases-con-un-hombre-casate-con-rusia.html\">pero que merece mucho la pena<\/a>. El <a href=\"https:\/\/elpais.com\/cultura\/2019\/01\/17\/actualidad\/1547740383_089359.html\" target=\"_self\" rel=\"nofollow noopener\" title=\"https:\/\/elpais.com\/cultura\/2019\/01\/17\/actualidad\/1547740383_089359.html\">responsable del guion de La favorita<\/a>, Tony McNamara, volvi\u00f3 a poner su ir\u00f3nica pluma sobre una monarca como Catalina la Grande, presentada como desmedida, deslenguada, moderna, intelectual y muy sexual. Nicholas Hoult le da una genial respuesta en representaci\u00f3n del patriarcado m\u00e1s viril y obstinado. Juntos son puro carisma y qu\u00edmica. Ah, eso s\u00ed, mant\u00e9nganse alejados quienes busquen literalidad hist\u00f3rica, porque aqu\u00ed lo importante es el humor m\u00e1s exagerado y lujoso.<\/p>\n<p class=\"\"><b>\u00bfD\u00f3nde verla? <\/b>Las tres temporadas est\u00e1n en Netflix.<\/p>\n<p>Si te gusta Stephen King\u2026 <b>Mr. Mercedes<\/b><\/p>\n<p class=\"\">En un a\u00f1o en el que hemos tenido<a href=\"https:\/\/elpais.com\/cultura\/cine\/2025-11-21\/solo-shakespeare-vence-a-stephen-king-el-rey-del-terror-es-el-escritor-vivo-mas-adaptado-a-la-pantalla.html\" target=\"_self\" rel=\"nofollow noopener\" title=\"https:\/\/elpais.com\/cultura\/cine\/2025-11-21\/solo-shakespeare-vence-a-stephen-king-el-rey-del-terror-es-el-escritor-vivo-mas-adaptado-a-la-pantalla.html\"> adaptaciones tan variopintas de<\/a> la obra de Stephen King como <a href=\"https:\/\/elpais.com\/television\/2025-10-27\/it-bienvenidos-a-derry-explora-el-pasado-mitologico-del-payaso-el-miedo-y-el-fachismo-siguen-estando-a-la-orden-del-dia.html\" target=\"_self\" rel=\"nofollow noopener\" title=\"https:\/\/elpais.com\/television\/2025-10-27\/it-bienvenidos-a-derry-explora-el-pasado-mitologico-del-payaso-el-miedo-y-el-fachismo-siguen-estando-a-la-orden-del-dia.html\">It: Bienvenidos a Derry,<\/a> La larga marcha, <a href=\"https:\/\/elpais.com\/cultura\/2025-02-21\/the-monkey-osgood-perkins-anade-un-gamberro-sentido-del-humor-a-stephen-king.html\" target=\"_self\" rel=\"nofollow noopener\" title=\"https:\/\/elpais.com\/cultura\/2025-02-21\/the-monkey-osgood-perkins-anade-un-gamberro-sentido-del-humor-a-stephen-king.html\">The Monkey<\/a>, The Running Man, <a href=\"https:\/\/elpais.com\/television\/2025-07-22\/como-adaptar-a-stephen-king-a-la-television.html\" target=\"_self\" rel=\"nofollow noopener\" title=\"https:\/\/elpais.com\/television\/2025-07-22\/como-adaptar-a-stephen-king-a-la-television.html\">El instituto<\/a> y <a href=\"https:\/\/elpais.com\/cultura\/cine\/2025-10-17\/la-vida-de-chuck-stephen-king-contiene-multitudes.html\" target=\"_self\" rel=\"nofollow noopener\" title=\"https:\/\/elpais.com\/cultura\/cine\/2025-10-17\/la-vida-de-chuck-stephen-king-contiene-multitudes.html\">La vida de Chuck<\/a>, Netflix ha recuperado otra de las adaptaciones televisivas recientes, una que huye del terror al que nos tiene tan acostumbrado el autor. <a href=\"https:\/\/elpais.com\/cultura\/2018\/11\/06\/television\/1541500164_159332.html\" target=\"_self\" rel=\"nofollow noopener\" title=\"https:\/\/elpais.com\/cultura\/2018\/11\/06\/television\/1541500164_159332.html\">Se llama Mr. Mercedes<\/a>, dio para tres temporadas (a caso por a\u00f1o) y ten\u00eda como su detective protagonista al rudo Brendan Gleeson. Su primer caso: un asesino en serie que est\u00e1 aterrorizando a la comunidad con su comportamiento demente. Una doble mirada de gato y rat\u00f3n desde el lado del detective y el terror\u00edfico criminal, un moderno Norman Bates. Por cierto, esta serie comparte adem\u00e1s uno de sus personajes con El visitante, aunque las actrices no podr\u00edan ser m\u00e1s distintas (aqu\u00ed es Justine Lupe y all\u00ed era Cynthia Erivo). De hecho, esa Holly Gibney y su TOC <a href=\"https:\/\/elpais.com\/babelia\/2023-09-21\/holly-stephen-king-da-una-leccion-de-narrativa-en-forma-de-novela-negra.html\" target=\"_self\" rel=\"nofollow noopener\" title=\"https:\/\/elpais.com\/babelia\/2023-09-21\/holly-stephen-king-da-una-leccion-de-narrativa-en-forma-de-novela-negra.html\">acab\u00f3 teniendo su propia novela<\/a>.<\/p>\n<p class=\"\"><b>\u00bfD\u00f3nde verla? <\/b>Las tres temporadas est\u00e1n en Netflix.<\/p>\n<p>Si te gust\u00f3 Downton Abbey\u2026 <b>La edad dorada<\/b>Christine Baranski, Cynthia Nixon y Carrie Coon, en &#8216;La edad dorada&#8217;.V\u00eddeo: HBO Max<\/p>\n<p class=\"\">Se\u00f1or Julian Fellowes, \u00bfpodr\u00eda hacernos un Downton Abbey situado en Estados Unidos? Eso es lo que seguramente preguntaron los responsables de HBO al guionista brit\u00e1nico, y este es el resultado. El \u00e9xito de que tuvo en EE UU la serie de los Crawley hac\u00eda prever que, si se daba con la tecla correcta, <a href=\"https:\/\/elpais.com\/television\/2025-08-17\/la-edad-dorada-se-confirma-como-la-serie-mas-adictiva-del-verano.html\" target=\"_blank\" rel=\"noreferrer nofollow noopener\" title=\"https:\/\/elpais.com\/television\/2025-08-17\/la-edad-dorada-se-confirma-como-la-serie-mas-adictiva-del-verano.html\">un buen drama de \u00e9poca<\/a> con su vestuario cuidado, su ambientaci\u00f3n con buen presupuesto, su choque de clases sociales, bastante de follet\u00edn y actores de primer nivel, ser\u00eda una apuesta ganadora. La trama tiene como punto de partida el enfrentamiento entre dos familias de la alta sociedad neoyorquina de finales del siglo XIX, una perteneciente a la vieja burgues\u00eda y la otra, nuevos ricos que reclaman su hueco a trav\u00e9s del dinero. <\/p>\n<p class=\"\"><b>\u00bfD\u00f3nde verla? <\/b>Las tres temporadas han sido emitidas por HBO Max, que ya ha dado luz verde a una cuarta.<\/p>\n<p>Si te gust\u00f3 Casa en llamas\u2026 <b>A muerte<\/b>Joan Amarg\u00f3s y Ver\u00f3nica Echegui, en &#8216;A muerte&#8217;.<\/p>\n<p class=\"\">La \u00faltima serie que estren\u00f3 Ver\u00f3nica Echegui antes de morir este verano fue esta comedia que protagoniza con Joan Amarg\u00f3s (el rey Alfonso XIII de Ena) y de la que es creador y director Dani de la Orden. En sus cap\u00edtulos de media hora sigue a dos personajes con personalidades opuestas: ella, una eterna adolescente que descubre que est\u00e1 embarazada; \u00e9l, un amante del orden y la tranquilidad al que acaban de diagnosticar c\u00e1ncer de coraz\u00f3n. Sus destinos se cruzan en esta comedia negra y rom\u00e1ntica que sabe encontrar la carcajada incluso <a href=\"https:\/\/elpais.com\/television\/2025-02-05\/como-hacer-una-comedia-a-partir-de-un-cancer-y-un-embarazo-no-deseado-segun-dani-de-la-orden.html\" target=\"_blank\" rel=\"nofollow noopener\" title=\"https:\/\/elpais.com\/television\/2025-02-05\/como-hacer-una-comedia-a-partir-de-un-cancer-y-un-embarazo-no-deseado-segun-dani-de-la-orden.html\">con los asuntos m\u00e1s dram\u00e1ticos de tel\u00f3n de fondo<\/a>. <\/p>\n<p class=\"\"><b>\u00bfD\u00f3nde verla? <\/b>La miniserie est\u00e1 disponible en Atresplayer y Apple TV.<\/p>\n","protected":false},"excerpt":{"rendered":"Llega la Navidad. Y ya sabemos lo que toca: familia, comilonas, melancol\u00eda, regalos\u2026 y tambi\u00e9n m\u00e1s tiempo para&hellip;\n","protected":false},"author":2,"featured_media":299123,"comment_status":"","ping_status":"","sticky":false,"template":"","format":"standard","meta":{"footnotes":""},"categories":[171],"tags":[1014,1015,146,147,25,24,6827,11943,59129,71056,303,2951,152,16428,8192,6586,8189,23,19732,807,214,28225],"class_list":{"0":"post-299122","1":"post","2":"type-post","3":"status-publish","4":"format-standard","5":"has-post-thumbnail","7":"category-tv","8":"tag-actores","9":"tag-actrices","10":"tag-entertainment","11":"tag-entretenimiento","12":"tag-es","13":"tag-espana","14":"tag-filmin","15":"tag-hbo","16":"tag-jesse-plemons","17":"tag-michael-b-jordan","18":"tag-movistar","19":"tag-navidad","20":"tag-netflix","21":"tag-plataformas-digitales","22":"tag-series-comedia","23":"tag-series-drama","24":"tag-series-television","25":"tag-spain","26":"tag-stephen-king","27":"tag-television","28":"tag-tv","29":"tag-veronica-echegui"},"share_on_mastodon":{"url":"https:\/\/pubeurope.com\/@es\/115755948671314809","error":""},"_links":{"self":[{"href":"https:\/\/www.europesays.com\/es\/wp-json\/wp\/v2\/posts\/299122","targetHints":{"allow":["GET"]}}],"collection":[{"href":"https:\/\/www.europesays.com\/es\/wp-json\/wp\/v2\/posts"}],"about":[{"href":"https:\/\/www.europesays.com\/es\/wp-json\/wp\/v2\/types\/post"}],"author":[{"embeddable":true,"href":"https:\/\/www.europesays.com\/es\/wp-json\/wp\/v2\/users\/2"}],"replies":[{"embeddable":true,"href":"https:\/\/www.europesays.com\/es\/wp-json\/wp\/v2\/comments?post=299122"}],"version-history":[{"count":0,"href":"https:\/\/www.europesays.com\/es\/wp-json\/wp\/v2\/posts\/299122\/revisions"}],"wp:featuredmedia":[{"embeddable":true,"href":"https:\/\/www.europesays.com\/es\/wp-json\/wp\/v2\/media\/299123"}],"wp:attachment":[{"href":"https:\/\/www.europesays.com\/es\/wp-json\/wp\/v2\/media?parent=299122"}],"wp:term":[{"taxonomy":"category","embeddable":true,"href":"https:\/\/www.europesays.com\/es\/wp-json\/wp\/v2\/categories?post=299122"},{"taxonomy":"post_tag","embeddable":true,"href":"https:\/\/www.europesays.com\/es\/wp-json\/wp\/v2\/tags?post=299122"}],"curies":[{"name":"wp","href":"https:\/\/api.w.org\/{rel}","templated":true}]}}