{"id":299379,"date":"2025-12-21T09:17:14","date_gmt":"2025-12-21T09:17:14","guid":{"rendered":"https:\/\/www.europesays.com\/es\/299379\/"},"modified":"2025-12-21T09:17:14","modified_gmt":"2025-12-21T09:17:14","slug":"gobierno-extiende-estado-de-emergencia-en-lima-dw-20-12-2025","status":"publish","type":"post","link":"https:\/\/www.europesays.com\/es\/299379\/","title":{"rendered":"Gobierno extiende estado de emergencia en Lima \u2013 DW \u2013 20\/12\/2025"},"content":{"rendered":"<p>El gobierno peruano <a class=\"internal-link\" href=\"https:\/\/www.dw.com\/es\/gobierno-de-per\u00fa-prorroga-por-30-d\u00edas-el-estado-de-emergencia\/a-74827104\" rel=\"nofollow noopener\" target=\"_blank\">prorrog\u00f3 por 30 d\u00edas el estado de emergencia<\/a> declarado en la ciudad de Lima, capital de <a class=\"internal-link\" href=\"https:\/\/www.dw.com\/es\/per\u00fa\/t-17409849\" rel=\"nofollow noopener\" target=\"_blank\">Per\u00fa<\/a>, y la vecina provincia del Callao para enfrentar el crimen organizado y otros incidentes de violencia, una medida adoptada en octubre pasado por el presidente interino, Jos\u00e9 Jer\u00ed, seg\u00fan se anunci\u00f3 este s\u00e1bado (20.12.2025) en un decreto supremo publicado en el diario oficial El Peruano.<\/p>\n<p>Tal como ha ocurrido en las \u00faltimas semanas, la Polic\u00eda Nacional del Per\u00fa contar\u00e1 con el apoyo de las fuerzas armadas para <a class=\"internal-link\" href=\"https:\/\/www.dw.com\/es\/en-per\u00fa-jos\u00e9-jer\u00ed-apuesta-por-la-mano-dura-contra-el-crimen-organizado\/a-74356824\" rel=\"nofollow noopener\" target=\"_blank\">mantener el control del orden interno y actuar en las zonas de mayor peligro<\/a>. Como parte del estado de emergencia, habr\u00e1 restricci\u00f3n o suspensi\u00f3n de los derechos constitucionales relativos a la inviolabilidad de domicilio, libertad de tr\u00e1nsito por el territorio nacional, libertad de reuni\u00f3n y libertad y seguridad personales.<\/p>\n<p>El decreto tambi\u00e9n indica que despu\u00e9s del fin de la medida el Comando de Coordinaci\u00f3n Operativa Unificada (CCO) tiene cinco d\u00edas para informar al titular del Ministerio del Interior sobre los resultados. Luego, el informe final ser\u00e1 revisado por la los poderes Ejecutivo, Legislativo y Judicial, junto con las recomendaciones correspondientes.<\/p>\n<p>Los focos de violencia contin\u00faan<\/p>\n<p>El mandatario interino particip\u00f3 en una serie de operativos policiales en los primeros d\u00edas del estado de emergencia, que incluyeron operativos en c\u00e1rceles, as\u00ed como los integrantes del gabinete ministerial en diversas zonas de la capital. Sin embargo, los casos de extorsi\u00f3n y sicariato han continuado ocurriendo en Lima y Callao contra trabajadores del transporte p\u00fablico urbano y de construcci\u00f3n civil.<\/p>\n<p>Este s\u00e1bado, el gobierno peruano tambi\u00e9n declar\u00f3 el estado de emergencia, por 60 d\u00edas, en varios distritos de las regiones de Ayacucho, Cusco y Jun\u00edn para <a class=\"internal-link\" href=\"https:\/\/www.dw.com\/es\/per\u00fa-estado-de-emergencia-en-lima-por-ola-de-violencia\/a-74450214\" rel=\"nofollow noopener\" target=\"_blank\">combatir el tr\u00e1fico de drogas, el tr\u00e1fico ilegal de armas, la trata de personas<\/a>, entre otros delitos conexos. En forma similar a Lima, las fuerzas armadas apoyan a la Polic\u00eda Nacional en el control del orden interno y participan en sus intervenciones contra los focos de violencia.<\/p>\n<p>(mn\/efe, elcomercio.com)<\/p>\n<p>\u00a0<\/p>\n","protected":false},"excerpt":{"rendered":"El gobierno peruano prorrog\u00f3 por 30 d\u00edas el estado de emergencia declarado en la ciudad de Lima, capital&hellip;\n","protected":false},"author":2,"featured_media":299380,"comment_status":"","ping_status":"","sticky":false,"template":"","format":"standard","meta":{"footnotes":""},"categories":[42],"tags":[17,18,13,14,11,61,62,63,64,19,20,9,10,15,16,12,21,22,65,66,67],"class_list":{"0":"post-299379","1":"post","2":"type-post","3":"status-publish","4":"format-standard","5":"has-post-thumbnail","7":"category-internacional","8":"tag-breaking-news","9":"tag-breakingnews","10":"tag-featured-news","11":"tag-featurednews","12":"tag-headlines","13":"tag-internacional","14":"tag-international","15":"tag-international-news","16":"tag-internationalnews","17":"tag-latest-news","18":"tag-latestnews","19":"tag-news","20":"tag-noticias","21":"tag-noticias-destacadas","22":"tag-noticiasdestacadas","23":"tag-titulares","24":"tag-ultimas-noticias","25":"tag-ultimasnoticias","26":"tag-world","27":"tag-world-news","28":"tag-worldnews"},"share_on_mastodon":{"url":"https:\/\/pubeurope.com\/@es\/115756809889360574","error":""},"_links":{"self":[{"href":"https:\/\/www.europesays.com\/es\/wp-json\/wp\/v2\/posts\/299379","targetHints":{"allow":["GET"]}}],"collection":[{"href":"https:\/\/www.europesays.com\/es\/wp-json\/wp\/v2\/posts"}],"about":[{"href":"https:\/\/www.europesays.com\/es\/wp-json\/wp\/v2\/types\/post"}],"author":[{"embeddable":true,"href":"https:\/\/www.europesays.com\/es\/wp-json\/wp\/v2\/users\/2"}],"replies":[{"embeddable":true,"href":"https:\/\/www.europesays.com\/es\/wp-json\/wp\/v2\/comments?post=299379"}],"version-history":[{"count":0,"href":"https:\/\/www.europesays.com\/es\/wp-json\/wp\/v2\/posts\/299379\/revisions"}],"wp:featuredmedia":[{"embeddable":true,"href":"https:\/\/www.europesays.com\/es\/wp-json\/wp\/v2\/media\/299380"}],"wp:attachment":[{"href":"https:\/\/www.europesays.com\/es\/wp-json\/wp\/v2\/media?parent=299379"}],"wp:term":[{"taxonomy":"category","embeddable":true,"href":"https:\/\/www.europesays.com\/es\/wp-json\/wp\/v2\/categories?post=299379"},{"taxonomy":"post_tag","embeddable":true,"href":"https:\/\/www.europesays.com\/es\/wp-json\/wp\/v2\/tags?post=299379"}],"curies":[{"name":"wp","href":"https:\/\/api.w.org\/{rel}","templated":true}]}}