{"id":299412,"date":"2025-12-21T09:41:30","date_gmt":"2025-12-21T09:41:30","guid":{"rendered":"https:\/\/www.europesays.com\/es\/299412\/"},"modified":"2025-12-21T09:41:30","modified_gmt":"2025-12-21T09:41:30","slug":"elecciones-en-extremadura-en-directo-todas-las-noticias-y-ultima-hora-hoy","status":"publish","type":"post","link":"https:\/\/www.europesays.com\/es\/299412\/","title":{"rendered":"Elecciones en Extremadura, en directo: todas las noticias y \u00faltima hora &#8211; Hoy"},"content":{"rendered":"<ol>\n<li><a href=\"https:\/\/news.google.com\/rss\/articles\/CBMisAFBVV95cUxOc2I2LTBVcEN1VDc0MEVSeEdlWEtENVFjdk43aDZsZ3F1dnVMRmNVUXJhZUp5dE9jb0h1VjZta1g1NUdjNi04UE1VXzFtaEF5ZXVMNmItNWJ0U2QzSGwxcFNrZFA4eFRFaEFKaXdkSURycDNNQUpMa0dNeVZQQVhLdElJSDltcUFRcGF0a2JhNzd1Qi1oSVMzSDZoZmp3Z01FbVdWclNfMEc2bEZpX0dDV9IBtgFBVV95cUxPb0x0VWI2LU9keGhCNC1ZVFBwT1JyY1JnRl9OZFhLWVQ5SG9oa0tPNnFoSUwzcVZjbFMxTkZRRTNqUmV3WS1sRC0xOWFXMGhTNi1YMlMwR21yRkFCTHhMaVZQaTNpaUR0VDREd29jN3Z0VzJSYnJ4N2RVaExPTmxReGRHYjUzXzRuSGJUSHJkQnhTaW9UdXdfZW5YTVduYVJ1MGFkMjJ4Rk1RV1gxd3lGUk5pV1JGdw?oc=5\" target=\"_blank\" rel=\"nofollow noopener\">Elecciones en Extremadura, en directo: todas las noticias y \u00faltima hora<\/a>&nbsp;&nbsp;Hoy<\/li>\n<li><a href=\"https:\/\/news.google.com\/rss\/articles\/CBMiekFVX3lxTFBOUWktdUZlWXpLbmJWSzhrTERxVURsM1ZjQ3FEVENtdEVESTN1UWlIRERwaUdNUGwyRm5ERnl1OTdmc2dmVlI5SnppcXJXbXA1RV9UamxTVmcxeWZ4cHV2c1VNYm91SEtKV3ZSZUVOS191UlF1b3RLMFp30gF6QVVfeXFMUHpDdjVCVDdtQVd4dEYwaTUyQThabl8wclhtZEJBeUFXZXFkOThPMHBLUDI3MkU1XzNFcS01a0w3OFk0YkhITEJ5dzlmNmlXSUsxand2aGFSYzdzRTFWVDZkOXdBNnF2WTktNVNPUWtqeU1jME5iYnNhRnc?oc=5\" target=\"_blank\" rel=\"nofollow noopener\">Radiograf\u00eda del giro extreme\u00f1o: el tsunami rural que castiga al PSOE y ya quiere a Abascal<\/a>&nbsp;&nbsp;El Mundo<\/li>\n<li><a href=\"https:\/\/news.google.com\/rss\/articles\/CBMivgFBVV95cUxQdnZoMWYxd3RadHpGaGh3UTloMk5PUWNaUVBqN19KMXNGSFBOeEtSNjNrYVdpS2NKaXZEVzlLSjM5YlQxNWNad2poYk5RclhhemtPLTBzSTJKb29oZkN1bFBCcm5uNVRrakZ0ZWNiQm9mRUlMVGtOTUlwaXgxay03dWJrU3ZJel9Ga0doQ1lxUmI5aGg2eHpfN2syMVlWRFJMNkpPdDJXejd5Q3NUSXRYYUFiZjF0aXl5RlAyNHZ3?oc=5\" target=\"_blank\" rel=\"nofollow noopener\">Las elecciones en Extremadura marcar\u00e1n el rumbo pol\u00edtico de Espa\u00f1a<\/a>&nbsp;&nbsp;Euronews.com<\/li>\n<li><a href=\"https:\/\/news.google.com\/rss\/articles\/CBMizAFBVV95cUxQNGpYb0dpSXZYWkZXc0xPcTg1cGtHS01xVjFJa0Q1cU9Qby1EWGM0RmtTVVdlRHZ3MkxUTk9JME9WU0NIcjF2R2FqVUFqLTl6M0VoWnlNQmNiczlfTExuZTFLbkF0NGR5VVNQcTNBUzhWMklfLVJUZEZxT0FUbWQ1MWJGXzdIV0NCcXpIU3N1MElqRTE5dDJhXzBCX3NlZFhBcGNONDhDejNjbXdVZGdqeURjQXMwTGltbnR4MGRubTdkMUd6VXdndi1wOXQ?oc=5\" target=\"_blank\" rel=\"nofollow noopener\">Los l\u00edderes tambi\u00e9n se la juegan: Extremadura abre el ciclo electoral con destino Moncloa<\/a>&nbsp;&nbsp;El Confidencial<\/li>\n<li><a href=\"https:\/\/news.google.com\/rss\/articles\/CBMi4wFBVV95cUxOMjViYm52UDB3aER3NFFhdVU1SUx1TU1ITXJkWEVacUVWV281MjdTeDh3NThMams5cExpeVAxcndJcHp2Vk1hdnE1YjhVdkJoeVpEZE1uMHh1VUxsb1Bsd2Q4UjZFcUpDbjAwODN5c0lPVHdod1hoQm0tRWF6R0ZBc1Y3TUJwLTZGTXZkLVpGSXhnM2RxdTBIaVJYUDhIempxT19CWGtOWjB0d0pEeDRDTG5KWlFxX2x5TUZ5ZG9QZkNwX1h4WGNxRmFLY3Y5RXhvWFBzTUMteWJSYWJvamljZV9Qbw?oc=5\" target=\"_blank\" rel=\"nofollow noopener\">Elecciones en Extremadura 21D, en directo | Los extreme\u00f1os comienzan a votar en tras abrir los colegios<\/a>&nbsp;&nbsp;EL PA\u00cdS<\/li>\n<\/ol>\n","protected":false},"excerpt":{"rendered":"Elecciones en Extremadura, en directo: todas las noticias y \u00faltima hora&nbsp;&nbsp;Hoy Radiograf\u00eda del giro extreme\u00f1o: el tsunami rural&hellip;\n","protected":false},"author":2,"featured_media":299413,"comment_status":"","ping_status":"","sticky":false,"template":"","format":"standard","meta":{"footnotes":""},"categories":[8],"tags":[17,18,2125,4374,25,24,7234,13,14,11,1458,19,20,9,10,15,16,23,12,1885,21,22],"class_list":{"0":"post-299412","1":"post","2":"type-post","3":"status-publish","4":"format-standard","5":"has-post-thumbnail","7":"category-espana","8":"tag-breaking-news","9":"tag-breakingnews","10":"tag-directo","11":"tag-elecciones","12":"tag-es","13":"tag-espana","14":"tag-extremadura","15":"tag-featured-news","16":"tag-featurednews","17":"tag-headlines","18":"tag-hora","19":"tag-latest-news","20":"tag-latestnews","21":"tag-news","22":"tag-noticias","23":"tag-noticias-destacadas","24":"tag-noticiasdestacadas","25":"tag-spain","26":"tag-titulares","27":"tag-ultima","28":"tag-ultimas-noticias","29":"tag-ultimasnoticias"},"share_on_mastodon":{"url":"https:\/\/pubeurope.com\/@es\/115756904215818227","error":""},"_links":{"self":[{"href":"https:\/\/www.europesays.com\/es\/wp-json\/wp\/v2\/posts\/299412","targetHints":{"allow":["GET"]}}],"collection":[{"href":"https:\/\/www.europesays.com\/es\/wp-json\/wp\/v2\/posts"}],"about":[{"href":"https:\/\/www.europesays.com\/es\/wp-json\/wp\/v2\/types\/post"}],"author":[{"embeddable":true,"href":"https:\/\/www.europesays.com\/es\/wp-json\/wp\/v2\/users\/2"}],"replies":[{"embeddable":true,"href":"https:\/\/www.europesays.com\/es\/wp-json\/wp\/v2\/comments?post=299412"}],"version-history":[{"count":0,"href":"https:\/\/www.europesays.com\/es\/wp-json\/wp\/v2\/posts\/299412\/revisions"}],"wp:featuredmedia":[{"embeddable":true,"href":"https:\/\/www.europesays.com\/es\/wp-json\/wp\/v2\/media\/299413"}],"wp:attachment":[{"href":"https:\/\/www.europesays.com\/es\/wp-json\/wp\/v2\/media?parent=299412"}],"wp:term":[{"taxonomy":"category","embeddable":true,"href":"https:\/\/www.europesays.com\/es\/wp-json\/wp\/v2\/categories?post=299412"},{"taxonomy":"post_tag","embeddable":true,"href":"https:\/\/www.europesays.com\/es\/wp-json\/wp\/v2\/tags?post=299412"}],"curies":[{"name":"wp","href":"https:\/\/api.w.org\/{rel}","templated":true}]}}