{"id":299414,"date":"2025-12-21T09:43:13","date_gmt":"2025-12-21T09:43:13","guid":{"rendered":"https:\/\/www.europesays.com\/es\/299414\/"},"modified":"2025-12-21T09:43:13","modified_gmt":"2025-12-21T09:43:13","slug":"zaragoza-aprueba-el-proyecto-de-las-obras-de-reurbanizacion-del-entorno-del-estadio-ibercaja-romareda-que-licitara-en-2026","status":"publish","type":"post","link":"https:\/\/www.europesays.com\/es\/299414\/","title":{"rendered":"Zaragoza aprueba el proyecto de las obras de reurbanizaci\u00f3n del entorno del estadio Ibercaja Romareda que licitar\u00e1 en 2026"},"content":{"rendered":"<p>      Cuerpo de la noticia<\/p>\n<p>El Gobierno de Zaragoza aprobar\u00e1 el proyecto y sacar\u00e1 a licitaci\u00f3n a principios de 2026 las obras ordinarias del entorno de La Nueva Romareda, que ejecutar\u00e1 el Consistorio por un valor de 3.492.125,33 euros (sin IVA) y un plazo de ejecuci\u00f3n de 10 meses. \u00abEl proyecto contempla las obras del entorno, as\u00ed como la reposici\u00f3n y desv\u00edo de los servicios municipales y externos de la red de abastecimiento de agua, el saneamiento, el alumbrado p\u00fablico y los pavimentos de la calle\u00bb, ha anunciado la alcaldesa de Zaragoza, Natalia Chueca.<\/p>\n<p><img decoding=\"async\" alt=\"\" class=\"img-responsive\" src=\"https:\/\/www.europesays.com\/es\/wp-content\/uploads\/2025\/12\/ENTORNO_ROMAREDA.png\" style=\"width: 600px; height: 336px;\"\/>\u00abLos objetivos son mejorar la accesibilidad del espacio urbano y su integraci\u00f3n con la plaza de Eduardo Ibarra y el paseo de Isabel la Cat\u00f3lica, potenciar las zonas de encuentro social, crear la plataforma \u00fanica de las calle anexas pacificando el tr\u00e1fico, ampliar la anchura de las aceras favoreciendo la accesibilidad y la mejora de la redes de abastecimiento y saneamiento, as\u00ed como, el alumbrado p\u00fablico\u00bb, ha resumido la alcaldesa.<br \/>A grandes rasgos las obras supondr\u00e1n el desmontaje y demolici\u00f3n de los elementos existentes, la excavaci\u00f3n de zanjas, el traslado de \u00e1rboles, la pavimentaci\u00f3n de aceras y elevaci\u00f3n de calzadas a cota cero, la renovaci\u00f3n de los servicios municipales, un nuevo ajardinamiento y la colocaci\u00f3n de nuevo equipamiento y mobiliario urbano (bancos, alumbrado p\u00fablico y se\u00f1alizaci\u00f3n).<\/p>\n<p><img decoding=\"async\" alt=\"\" class=\"img-responsive\" src=\"https:\/\/www.europesays.com\/es\/wp-content\/uploads\/2025\/12\/WhatsApp_Image_2025-12-19_at_13.41.15.jpeg\" style=\"width: 600px; height: 400px;\"\/>\u00abLa renovaci\u00f3n integral de la plaza cubre una superficie aproximada de 18.637,51 m2 en el entorno del estadio de La Romareda entre las calles Convento Jerusal\u00e9n, Luis Bermejo, la plaza Eduardo Ibarra y el paseo Isabel la Cat\u00f3lica, pero adem\u00e1s incluye la parte de calle de Juan II de Arag\u00f3n, afectada por los servicios y el cruce con la propia Convento Jerusal\u00e9n\u00bb, ha se\u00f1alado la alcaldesa.<br \/>Respecto a los viales de tr\u00e1fico rodado y acceso a aparcamientos, en el dise\u00f1o de la plaza se mantiene el tr\u00e1fico rodado, aunque pacificado y elevado a cota cero, manteni\u00e9ndose igualmente el acceso al aparcamiento Eduardo Ibarra y al Auditorio de Zaragoza Princesa Leonor. La mayor parte de la plaza seguir\u00e1 siendo de tr\u00e1nsito peatonal, para lo que se elegir\u00e1 un pavimento tipo adoqu\u00edn prefabricado, del formato actual del paseo de Isabel la Cat\u00f3lica, de buena durabilidad, de f\u00e1cil reposici\u00f3n y mantenimiento y aspecto adecuado.<br \/>En cuanto al arbolado y otros elementos, uno de los objetivos del dise\u00f1o del espacio es mantener y mejorar la vegetaci\u00f3n existente. Se conseguir\u00e1 mediante el aumento de los alcorques existentes para mejorar el estado de las plantaciones ya existentes. Los espec\u00edmenes que se trasplanten ser\u00e1n los que se encuentren en el mejor estado, posibilitando su f\u00e1cil trasplante.<\/p>\n<p><img decoding=\"async\" alt=\"\" class=\"img-responsive\" src=\"https:\/\/www.europesays.com\/es\/wp-content\/uploads\/2025\/12\/WhatsApp_Image_2025-12-19_at_13.41.11.jpeg\" style=\"width: 600px; height: 400px;\"\/>Adem\u00e1s, en todo momento el dise\u00f1o se ha realizado dando cumplimiento a la Ordenanza de Supresi\u00f3n de Barreras Arquitect\u00f3nicas y Urban\u00edsticas del Municipio de Zaragoza, logr\u00e1ndose un entorno accesible.<br \/>Respecto a la interconexi\u00f3n de espacios urbanos, se plantea que todo el \u00e1mbito funcione como extensi\u00f3n de un eje vertebrador de la ciudad como el paseo de Isabel la Cat\u00f3lica, con el Hospital Universitario Miguel Servet y el Parque Grande Jos\u00e9 Antonio Labordeta hacia el equipamiento de La Romareda y la plaza de Eduardo Ibarra, en la que se encuentra el Auditorio. Esta concatenaci\u00f3n de equipamientos y espacios libres muestra la necesidad de que el espacio sea abierto y flexible para el peat\u00f3n.<\/p>\n","protected":false},"excerpt":{"rendered":"Cuerpo de la noticia El Gobierno de Zaragoza aprobar\u00e1 el proyecto y sacar\u00e1 a licitaci\u00f3n a principios de&hellip;\n","protected":false},"author":2,"featured_media":299415,"comment_status":"","ping_status":"","sticky":false,"template":"","format":"standard","meta":{"footnotes":""},"categories":[5],"tags":[17,18,25,24,13,14,11,19,20,9,10,15,16,23,12,21,22],"class_list":{"0":"post-299414","1":"post","2":"type-post","3":"status-publish","4":"format-standard","5":"has-post-thumbnail","7":"category-titulares","8":"tag-breaking-news","9":"tag-breakingnews","10":"tag-es","11":"tag-espana","12":"tag-featured-news","13":"tag-featurednews","14":"tag-headlines","15":"tag-latest-news","16":"tag-latestnews","17":"tag-news","18":"tag-noticias","19":"tag-noticias-destacadas","20":"tag-noticiasdestacadas","21":"tag-spain","22":"tag-titulares","23":"tag-ultimas-noticias","24":"tag-ultimasnoticias"},"share_on_mastodon":{"url":"https:\/\/pubeurope.com\/@es\/115756912911168255","error":""},"_links":{"self":[{"href":"https:\/\/www.europesays.com\/es\/wp-json\/wp\/v2\/posts\/299414","targetHints":{"allow":["GET"]}}],"collection":[{"href":"https:\/\/www.europesays.com\/es\/wp-json\/wp\/v2\/posts"}],"about":[{"href":"https:\/\/www.europesays.com\/es\/wp-json\/wp\/v2\/types\/post"}],"author":[{"embeddable":true,"href":"https:\/\/www.europesays.com\/es\/wp-json\/wp\/v2\/users\/2"}],"replies":[{"embeddable":true,"href":"https:\/\/www.europesays.com\/es\/wp-json\/wp\/v2\/comments?post=299414"}],"version-history":[{"count":0,"href":"https:\/\/www.europesays.com\/es\/wp-json\/wp\/v2\/posts\/299414\/revisions"}],"wp:featuredmedia":[{"embeddable":true,"href":"https:\/\/www.europesays.com\/es\/wp-json\/wp\/v2\/media\/299415"}],"wp:attachment":[{"href":"https:\/\/www.europesays.com\/es\/wp-json\/wp\/v2\/media?parent=299414"}],"wp:term":[{"taxonomy":"category","embeddable":true,"href":"https:\/\/www.europesays.com\/es\/wp-json\/wp\/v2\/categories?post=299414"},{"taxonomy":"post_tag","embeddable":true,"href":"https:\/\/www.europesays.com\/es\/wp-json\/wp\/v2\/tags?post=299414"}],"curies":[{"name":"wp","href":"https:\/\/api.w.org\/{rel}","templated":true}]}}