{"id":299416,"date":"2025-12-21T09:49:19","date_gmt":"2025-12-21T09:49:19","guid":{"rendered":"https:\/\/www.europesays.com\/es\/299416\/"},"modified":"2025-12-21T09:49:19","modified_gmt":"2025-12-21T09:49:19","slug":"aiaraldea-invita-a-explorar-su-ruta-del-txakoli-en-bicicleta","status":"publish","type":"post","link":"https:\/\/www.europesays.com\/es\/299416\/","title":{"rendered":"Aiaraldea invita a explorar su Ruta del Txakoli en bicicleta"},"content":{"rendered":"<p>\n        <strong>La Cuadrilla de Aiaraldea ha anunciado la puesta en marcha de la iniciativa Orbea Gravel Aiaraldea 2026<\/strong>. Un <strong>nuevo evento cicloturista organizado por Orbea<\/strong>, con la colaboraci\u00f3n activa de la instituci\u00f3n comarcal ayalesa.\n<\/p>\n<p class=\"article-body__text \">\n        La prueba <strong>se celebrar\u00e1 los d\u00edas 5 y 6 de junio de 2026, tendr\u00e1 al municipio de <\/strong><a href=\"https:\/\/www.noticiasdealava.eus\/ayala\/amurrio\/\" title=\"Amurrio\" target=\"_blank\" class=\"link copy\" rel=\"nofollow noopener\"><strong>Amurrio <\/strong><\/a><strong>como epicentro y recorrer\u00e1 la Ruta del Txakoli<\/strong>, uno de los enclaves paisaj\u00edsticos y culturales m\u00e1s representativos de esta comarca.\n<\/p>\n<p>            <a href=\"https:\/\/www.noticiasdealava.eus\/alava\/2025\/12\/07\/cuadrilla-aiaraldea-consolida-apuesta-turistica-10440222.html\" title=\"La Cuadrilla de Aiaraldea consolida su apuesta tur\u00edstica\" class=\"new__media\" rel=\"nofollow noopener\" target=\"_blank\"><\/p>\n<p>                <img alt=\"La Cuadrilla de Aiaraldea consolida su apuesta tur\u00edstica\" data-src=\"https:\/\/www.europesays.com\/es\/wp-content\/uploads\/2025\/12\/0b2e91ba-6204-43e1-a99a-f30ec9b8ba0f_16-9-aspect-ratio_default_0.jpg\" class=\"lozad\"\/><\/p>\n<p>        <\/a><\/p>\n<p>        <a href=\"https:\/\/www.noticiasdealava.eus\/alava\/2025\/12\/07\/cuadrilla-aiaraldea-consolida-apuesta-turistica-10440222.html\" title=\"La Cuadrilla de Aiaraldea consolida su apuesta tur\u00edstica\" class=\"new__headline\" rel=\"nofollow noopener\" target=\"_blank\"><br \/>\n            La Cuadrilla de Aiaraldea consolida su apuesta tur\u00edstica<br \/>\n        <\/a><\/p>\n<p class=\"article-body__text \">\n        Eso s\u00ed, <strong>esta primera edici\u00f3n contar\u00e1 con tan solo 500 dorsales<\/strong>, reforzando as\u00ed su car\u00e1cter premium y su apuesta por una experiencia cuidada y de calidad. No obstante, <strong>la cita nace con la ambici\u00f3n de consolidarse como un referente en el calendario gravel estatal, ampliando el \u00e9xito alcanzado por la Orbea Gravel Rioja Alavesa<\/strong>.\u00a0\n<\/p>\n<p>        \u201cLa celebraci\u00f3n de esta prueba representa una oportunidad para reforzar la proyecci\u00f3n tur\u00edstica de Aiaraldea y para mostrar la singularidad de una comarca que combina deporte, naturaleza y cultura de manera excepcional\u201d<\/p>\n<p class=\"article-quote__author\">\u00cd\u00f1igo Pinedo &#8211; Presidente de la Cuadrilla de Aiaraldea<\/p>\n<p class=\"article-body__text \">\n        Su identidad estar\u00e1 marcada por el lema \u201cExplora la ruta del txakoli\u201d, que refleja la <strong>estrecha relaci\u00f3n del evento con la Denominaci\u00f3n de Origen Arabako Txakolina y con una comarca que combina tradici\u00f3n vitivin\u00edcola, riqueza natural y un fuerte car\u00e1cter local<\/strong>.\n<\/p>\n<p class=\"article-body__text \">\n        Para ello, el <strong>recorrido atravesar\u00e1 espacios emblem\u00e1ticos como la Sierra Salvada y el entorno del Salto del Nervi\u00f3n, integrando vi\u00f1edos, caminos rurales, pistas forestales y paisajes abiertos<\/strong> caracter\u00edsticos de Aiaraldea.\n<\/p>\n<p>  Dos recorridos\u00a0\u00a0<\/p>\n<p class=\"article-body__text \">\n        Orbea Gravel Aiaraldea <strong>contar\u00e1 con dos recorridos diferenciados<\/strong> que permitir\u00e1n adaptarse a la diversidad de participantes. As\u00ed, habr\u00e1 <strong>una ruta m\u00e1s larga<\/strong> (100 kil\u00f3metros), <strong>orientada a quienes buscan un desaf\u00edo f\u00edsico mayor, y otra m\u00e1s accesible <\/strong>(55 kil\u00f3metros) <strong>para quienes desean centrar su experiencia en la cultura, el patrimonio y el entorno<\/strong> sin tanta exigencia deportiva. Los itinerarios exactos se dar\u00e1n a conocer pr\u00f3ximamente, siguiendo los <strong>est\u00e1ndares de calidad<\/strong> habituales en los eventos de la marca.\u00a0\n<\/p>\n<p>            <a href=\"https:\/\/www.noticiasdealava.eus\/alava\/2025\/11\/05\/arabako-txakolina-cierra-vendimia-aumento-10308380.html\" title=\"Arabako Txakolina cierra la vendimia con un aumento del 22%, aunque sigue siendo insuficiente\" class=\"new__media\" rel=\"nofollow noopener\" target=\"_blank\"><\/p>\n<p>                <img alt=\"Arabako Txakolina cierra la vendimia con un aumento del 22%, aunque sigue siendo insuficiente\" data-src=\"https:\/\/www.europesays.com\/es\/wp-content\/uploads\/2025\/12\/bfc07f17-1ddc-4eb7-ab6f-e6d80d5b6891_16-9-aspect-ratio_default_0.jpg\" class=\"lozad\"\/><\/p>\n<p>        <\/a><\/p>\n<p>        <a href=\"https:\/\/www.noticiasdealava.eus\/alava\/2025\/11\/05\/arabako-txakolina-cierra-vendimia-aumento-10308380.html\" title=\"Arabako Txakolina cierra la vendimia con un aumento del 22%, aunque sigue siendo insuficiente\" class=\"new__headline\" rel=\"nofollow noopener\" target=\"_blank\"><br \/>\n            Arabako Txakolina cierra la vendimia con un aumento del 22%, aunque sigue siendo insuficiente<br \/>\n        <\/a><\/p>\n<p class=\"article-body__text \">\n        <strong>El evento integrar\u00e1 tambi\u00e9n una experiencia enogastron\u00f3mica distintiva<\/strong>. El txakoli de Aiaraldea y <strong>productos locales<\/strong> como el queso, la miel o el pan artesano <strong>tendr\u00e1n un papel relevante tanto en los avituallamientos como en las actividades paralelas<\/strong>.\n<\/p>\n<p class=\"article-body__text \">\n        \u201cLa celebraci\u00f3n de esta prueba representa una oportunidad para reforzar la<strong> proyecci\u00f3n tur\u00edstica<\/strong> de Aiaraldea y para mostrar la singularidad de una comarca que combina deporte, naturaleza y cultura de manera excepcional\u201d, ha se\u00f1alado I\u00f1igo Pinedo, presidente de la Cuadrilla de Aiaraldea.\n<\/p>\n<p class=\"article-body__text \">\n        Las <strong>inscripciones est\u00e1n ya abiertas <\/strong>en la <a href=\"https:\/\/www.orbea.com\/es-es\/eventos\/orbea-gravel-aiaraldea-2026\/programa\/\" title=\"web oficial de eventos Orbea\" rel=\"nofollow noopener\" target=\"_blank\" class=\"link copy\">web oficial de eventos Orbea<\/a>, donde tambi\u00e9n se encuentra disponible toda la informaci\u00f3n relativa a este nuevo evento deportivo, que invita a conocer y explorar la Ruta del Txakoli de la comarca de Aiaraldea en bicicleta, y al ritmo que se marque cada cual en funci\u00f3n de sus intereses.<\/p>\n","protected":false},"excerpt":{"rendered":"La Cuadrilla de Aiaraldea ha anunciado la puesta en marcha de la iniciativa Orbea Gravel Aiaraldea 2026. Un&hellip;\n","protected":false},"author":2,"featured_media":299417,"comment_status":"","ping_status":"","sticky":false,"template":"","format":"standard","meta":{"footnotes":""},"categories":[273],"tags":[71109,313,312,168,25,24,21484,8287,2236,23,167,71110],"class_list":{"0":"post-299416","1":"post","2":"type-post","3":"status-publish","4":"format-standard","5":"has-post-thumbnail","7":"category-ciclismo","8":"tag-aiaraldea","9":"tag-ciclismo","10":"tag-cycling","11":"tag-deportes","12":"tag-es","13":"tag-espana","14":"tag-explorar","15":"tag-invita","16":"tag-ruta","17":"tag-spain","18":"tag-sports","19":"tag-txakoli"},"share_on_mastodon":{"url":"https:\/\/pubeurope.com\/@es\/115756935641344036","error":""},"_links":{"self":[{"href":"https:\/\/www.europesays.com\/es\/wp-json\/wp\/v2\/posts\/299416","targetHints":{"allow":["GET"]}}],"collection":[{"href":"https:\/\/www.europesays.com\/es\/wp-json\/wp\/v2\/posts"}],"about":[{"href":"https:\/\/www.europesays.com\/es\/wp-json\/wp\/v2\/types\/post"}],"author":[{"embeddable":true,"href":"https:\/\/www.europesays.com\/es\/wp-json\/wp\/v2\/users\/2"}],"replies":[{"embeddable":true,"href":"https:\/\/www.europesays.com\/es\/wp-json\/wp\/v2\/comments?post=299416"}],"version-history":[{"count":0,"href":"https:\/\/www.europesays.com\/es\/wp-json\/wp\/v2\/posts\/299416\/revisions"}],"wp:featuredmedia":[{"embeddable":true,"href":"https:\/\/www.europesays.com\/es\/wp-json\/wp\/v2\/media\/299417"}],"wp:attachment":[{"href":"https:\/\/www.europesays.com\/es\/wp-json\/wp\/v2\/media?parent=299416"}],"wp:term":[{"taxonomy":"category","embeddable":true,"href":"https:\/\/www.europesays.com\/es\/wp-json\/wp\/v2\/categories?post=299416"},{"taxonomy":"post_tag","embeddable":true,"href":"https:\/\/www.europesays.com\/es\/wp-json\/wp\/v2\/tags?post=299416"}],"curies":[{"name":"wp","href":"https:\/\/api.w.org\/{rel}","templated":true}]}}