{"id":299420,"date":"2025-12-21T09:52:11","date_gmt":"2025-12-21T09:52:11","guid":{"rendered":"https:\/\/www.europesays.com\/es\/299420\/"},"modified":"2025-12-21T09:52:11","modified_gmt":"2025-12-21T09:52:11","slug":"primera-reaccion-de-vinicius-en-instagram-tras-ser-pitado-no-va-a-gustar-a-los-madridistas-mundo-deportivo","status":"publish","type":"post","link":"https:\/\/www.europesays.com\/es\/299420\/","title":{"rendered":"Primera reacci\u00f3n de Vinicius en Instagram tras ser pitado: no va a gustar a los madridistas &#8211; Mundo Deportivo"},"content":{"rendered":"<ol>\n<li><a href=\"https:\/\/news.google.com\/rss\/articles\/CBMi0gFBVV95cUxOZ3MwNUdLR3lGeVNGMUowUVU0emhDVHJkZGRBa012c240NzExTm9XMWMwbnh4eExSOG9EaGliMUFiLVhyeE1NRDNVc1BkeHBoRGFYZ2ZBcWJ4Y3NpTGJqdTFZWXJYSW9kbHJwejdoT0huY05lNFNzNHBDRlRxVW55a3FFRUFDWVo3TTl3eGtiMDlMS0VUMDBYb1dUZXhScW1CZGw0c0xQb3Z3QnBabUN2Q2RFYWlURUVMa19rd1RPd0lBQ0FBQ2dsSFVueThsVTZKQUHSAd8BQVVfeXFMUG9oMFdSZXNZUXFwd21kcDRmR081N2hJNU5KcklvaDZfMWxMSXRTaTMzdGxfeVJpelY2YWZRbDdSVHpzdUc4MFJtaEY2YU5IT0xBb1ROYkY2R3JLSkxGbjN0OEZleG0xVHNDb2MwNlk2ZVVzWENaVUpXd2FVcm9aMFZ4YXcwQ19HdjRFMDZkRXBRS2Eya3RkYlp3V1NMOGtuMmRNZmR3T2R4d0dRY1VXOXFLTW5yZ1I5Wk84QThzNExZYWJlUjJjYm50S3hrYVB3WlRiQW1jdUN2dmtlS0RwZw?oc=5\" target=\"_blank\" rel=\"nofollow noopener\">Primera reacci\u00f3n de Vinicius en Instagram tras ser pitado: no va a gustar a los madridistas<\/a>&nbsp;&nbsp;Mundo Deportivo<\/li>\n<li><a href=\"https:\/\/news.google.com\/rss\/articles\/CBMipgFBVV95cUxONkRZdW1qSF83YXFVZFNYUjI0d0tpSExFTjdHWHJOdUx6bVBMRU9tbmRvLTJyNEFjdXM4SUo0NGZVZ0NZMGZLcWNQb2tDXzlFLVdVMmE5ZnFtUkI0ci13M0tKODVsazFySHIxd2xXQ2VkWTYtVEd4dENaVGlON0JUYUo0TVc2RnBsVllIRFVnM1lUQW9fRXQ2anNmcXhPbEtXT1FrY0ln0gG6AUFVX3lxTFBBOXp2NlFHSUJhT0dVVlFNal9mNDVSNHpuaU1vbFlsZ0FFanEzY2xVRGpQRVVjaUZRMFc0dHk1THlDbWpmbW9tbTc0VmMxWjlyTnk4Z1pHSUZ3UDdhR2ZmUGtoV3V6c0kzWHpHNW03aHh6d2k1OHJHM3NHVS1acExTMDE4ZHlvblVadmllOWI0VmxOdXpQVWhuRzd3cW9sVlFuRDRpODZSZDZsTWpiZjBlZmxxQmQyekhpQQ?oc=5\" target=\"_blank\" rel=\"nofollow noopener\">Vinicius, entre el respaldo del club y la cr\u00edtica de la afici\u00f3n<\/a>&nbsp;&nbsp;Diario AS<\/li>\n<li><a href=\"https:\/\/news.google.com\/rss\/articles\/CBMivgFBVV95cUxOTTR2ZGMzVjlZZ240VTFsczF0WXUtbzdDdFVycHR3SDliMndfUk9kRWNzRldDVFd1N192Vi1Xa2lBOGZxOElzSjlZMnRoRXJURUt2TVB0ZXQ5NHZWRDdfa2lxR0l2QjZlX0FWQ0VCQi1NVEw4ZzloVnMtV2RGNDN6N1FiWXRLOERKS1p0YThNS1pKeFA5WlY2RGlsYXotZE5mM3hPMWFDaTF6V0dGUXQ1TFoyeUNYZjFlWXFiU1B3?oc=5\" target=\"_blank\" rel=\"nofollow noopener\">El Santiago Bernab\u00e9u se ceba con Vin\u00edcius J\u00fanior y Xabi Alonso lanza al brasile\u00f1o a los leones<\/a>&nbsp;&nbsp;El Confidencial<\/li>\n<li><a href=\"https:\/\/news.google.com\/rss\/articles\/CBMi7wFBVV95cUxOQ2xEbzNpUlZ0YllkSW1JRnNnSmdQek00SHVUdFA0d01VYUJic1VmeWFKa0NVS0FlZjQzNE5CYWFyRmtVU3JMME9kV2JJbWNsUVliSm9EMDlkNW95a0lWRFJXbjQ5T3Y0NndnNWt6Tnd4UHE4dnFLNzV5d0JEQlp1X0JJNUoxUFZQT2JyYjg4X3lEQXcxeTBETEZpOHFOTnJOQXozTGdxal9xUnRLNkxQYm5xLWxlLWVmeGFYcHZ5X1JWeFN0QU9ONzhFT3NFbnBwWlJTQ2JGalByeDFpOUlYdno1SHRYcURpNmhLOUhzWdIBgwJBVV95cUxNM0ZRWjF3WmlxbzVyQWdfa2hHby01Vmd6SXFtcGdBUDY4VjBVazZnLWJUck1WX2FwODJQT3BnWXFtNUJJTW5yMVhCQWNWVUtZV2FIamNwd0Y4NHJFTXlVRGoxQXVfc0t0MmxLM2kxYy0tQnBjX3dNa0Y2bllPYlBYcFFRTGY2V29TNTZkRmloWVQzcXdtcnJzR3YxUkNFdnpiMlFxN1RsZWJSUnU5TmwtYVpPVVNkdml3QWdEeTVhY3Nwb0l1N3FBSkJwRl85SUw0VTdwbzhXTFlUN2R4aTZfUjd5TGNsVGxLVG52ak1lOGYyekFjVUZ1dlNRUHk4WlhGMHhv?oc=5\" target=\"_blank\" rel=\"nofollow noopener\">\u00abCon Vinicius ha hecho lo mismo que Florentino con \u00e9l\u00bb: la decisi\u00f3n de Xabi Alonso que puede generar debate<\/a>&nbsp;&nbsp;Cadena SER<\/li>\n<li><a href=\"https:\/\/news.google.com\/rss\/articles\/CBMixAFBVV95cUxQVHV2blNZaU10Q01MX2NHTGtQYkpoZjNxbWNScktfd1hsUlpxZjFlWHA3OHpmajRxYXNuVGgwZWpFVHNZU3k1R1UwV0c3ZzFHdFpaSmdyVVdCclFGUHBiLU5PT1JoTy0xd045aGVsajhwdy00dFppRFI1MXFId2xielhrUlI3M09VQ1hVdXhYQ2FWZ0Z6VEJCT3NrQWNmdUp2WDYwUERCUDNWaDVNSEN2RENCNWo2NFZVMUROZzFBQVBRUl830gHEAUFVX3lxTE54RGpHNjR1alMwOUd5dm5YQjFKSTlUdTFhMFBtYjcwczN5WEVpLUgyY0p5RGl6b0tpODBSOUtyUGsyTHo1YWFYR0RERkpHbFZJTmlnbjZyLTI4d0dQcDFtZ252SDhlUlAtX0Yxazh0YzVRcjFsTlVjdG03eWxJSE5YeEJaNHpmc1R1TjFDZVdsSGJpckxYM2RHU3dZWjRHTjZtV2pHbXpOdGd1eHJIelpaTVBFeEM2OGp1MDZQYU1BRWxMZUE?oc=5\" target=\"_blank\" rel=\"nofollow noopener\">Pipi Estrada, sobre el gesto de Vinicius: \u00abEn junio me imagino que se acab\u00f3 su etapa en el Madrid\u00bb<\/a>&nbsp;&nbsp;MARCA<\/li>\n<\/ol>\n","protected":false},"excerpt":{"rendered":"Primera reacci\u00f3n de Vinicius en Instagram tras ser pitado: no va a gustar a los madridistas&nbsp;&nbsp;Mundo Deportivo Vinicius,&hellip;\n","protected":false},"author":2,"featured_media":299421,"comment_status":"","ping_status":"","sticky":false,"template":"","format":"standard","meta":{"footnotes":""},"categories":[268],"tags":[168,25,24,280,282,281,23,167],"class_list":{"0":"post-299420","1":"post","2":"type-post","3":"status-publish","4":"format-standard","5":"has-post-thumbnail","7":"category-futbol","8":"tag-deportes","9":"tag-es","10":"tag-espana","11":"tag-football","12":"tag-futbol","13":"tag-soccer","14":"tag-spain","15":"tag-sports"},"share_on_mastodon":{"url":"https:\/\/pubeurope.com\/@es\/115756947588341715","error":""},"_links":{"self":[{"href":"https:\/\/www.europesays.com\/es\/wp-json\/wp\/v2\/posts\/299420","targetHints":{"allow":["GET"]}}],"collection":[{"href":"https:\/\/www.europesays.com\/es\/wp-json\/wp\/v2\/posts"}],"about":[{"href":"https:\/\/www.europesays.com\/es\/wp-json\/wp\/v2\/types\/post"}],"author":[{"embeddable":true,"href":"https:\/\/www.europesays.com\/es\/wp-json\/wp\/v2\/users\/2"}],"replies":[{"embeddable":true,"href":"https:\/\/www.europesays.com\/es\/wp-json\/wp\/v2\/comments?post=299420"}],"version-history":[{"count":0,"href":"https:\/\/www.europesays.com\/es\/wp-json\/wp\/v2\/posts\/299420\/revisions"}],"wp:featuredmedia":[{"embeddable":true,"href":"https:\/\/www.europesays.com\/es\/wp-json\/wp\/v2\/media\/299421"}],"wp:attachment":[{"href":"https:\/\/www.europesays.com\/es\/wp-json\/wp\/v2\/media?parent=299420"}],"wp:term":[{"taxonomy":"category","embeddable":true,"href":"https:\/\/www.europesays.com\/es\/wp-json\/wp\/v2\/categories?post=299420"},{"taxonomy":"post_tag","embeddable":true,"href":"https:\/\/www.europesays.com\/es\/wp-json\/wp\/v2\/tags?post=299420"}],"curies":[{"name":"wp","href":"https:\/\/api.w.org\/{rel}","templated":true}]}}