{"id":299424,"date":"2025-12-21T09:54:18","date_gmt":"2025-12-21T09:54:18","guid":{"rendered":"https:\/\/www.europesays.com\/es\/299424\/"},"modified":"2025-12-21T09:54:18","modified_gmt":"2025-12-21T09:54:18","slug":"la-galeria-maior-recoge-en-un-libro-sus-35-anos-pensando-en-el-arte","status":"publish","type":"post","link":"https:\/\/www.europesays.com\/es\/299424\/","title":{"rendered":"La Galer\u00eda Maior recoge en un libro sus 35 a\u00f1os \u00abpensando en el arte\u00bb"},"content":{"rendered":"<p class=\"ft-text ft-helper-closenews\">La <a class=\"ft-link ft-link--decoration\" href=\"https:\/\/www.diariodemallorca.es\/cultura\/2020\/07\/11\/galeria-maior-tres-decadas-alimentadas-7998429.html\" rel=\"nofollow noopener\" target=\"_blank\">Galeria Maior<\/a> <strong>ha cumplido 35 a\u00f1os ligados al arte contempor\u00e1neo<\/strong> que quedan <strong>recogidos en un gran libro,<\/strong> en el que junto al nombre de <strong>la galerista Jero Mart\u00ednez<\/strong> resaltan los de los artistas <strong>Susana Solano, Penck, Gordillo, <\/strong><a class=\"ft-link ft-link--decoration\" href=\"https:\/\/www.diariodemallorca.es\/cultura\/2020\/09\/17\/miguel-angel-campano-reinventor-energico-11317888.html\" rel=\"nofollow noopener\" target=\"_blank\"><strong>Campano<\/strong><\/a><strong>, Broto, Yturralde, Eva Lootz, Sicilia, Ferran Garc\u00eda Sevilla<\/strong>&#8230; <strong>sin olvidar a Amador, su pareja<\/strong>. La preparaci\u00f3n de esta extensa publicaci\u00f3n ha servido para reflexionar sobre cu\u00e1l va a ser el futuro de este espacio art\u00edstico de la plaza Major de Pollen\u00e7a. \u00abYo siempre vivo pensando en el arte\u00bb, deja claro su responsable.<\/p>\n<p class=\"ft-text\">Este imponente libro sobre la Maior <strong>ha contado con el trabajo del comisario y cr\u00edtico de arte <\/strong><a class=\"ft-link ft-link--decoration\" href=\"https:\/\/www.diariodemallorca.es\/cultura\/2025\/09\/24\/performance-son-corro-bous-costitx-121916631.html\" rel=\"nofollow noopener\" target=\"_blank\">Fernando Castro Fl\u00f3rez<\/a>, que acept\u00f3 con entusiasmo la idea que Jero Mart\u00ednez ten\u00eda en mente desde el a\u00f1o de la pandemia. La publicaci\u00f3n, que se present\u00f3 recientemente en el Museu Es Baluard, ha servido para dejar constancia de todos los artistas que han trabajado con la galer\u00eda en estas m\u00e1s de tres d\u00e9cadas.<\/p>\n<p><img decoding=\"async\" src=\"https:\/\/www.europesays.com\/es\/wp-content\/uploads\/2025\/12\/5bdda835-b96d-4497-b29b-a09215f950c9_alta-libre-aspect-ratio_default_0.jpg\" width=\"1200\" height=\"819\" alt=\"Campano y Jero Mart\u00ednez.\" class=\"ft-helper-img-rd\" loading=\"lazy\"\/><\/p>\n<p class=\"ft-helper-fontColor-quaternary ft-helper-fontSize-body-S ft-helper-spacer-t-xxs\">Campano y Jero Mart\u00ednez.  \/ Galeria Maior<\/p>\n<p class=\"ft-text\"><strong>Maior abri\u00f3 en 1990 y en ese momento Jero Mart\u00ednez y Lluc Flux\u00e0 en las \u00fanicas mujeres galeristas en Mallorca<\/strong>. Ahora la situaci\u00f3n es completamente distinta. \u00abNo vemos esta diferencia de hombre y mujer como antes. Yo recuerdo que iba a una reuni\u00f3n y casi no me miraban a la cara, y yo, que tambi\u00e9n soy un poco t\u00edmida, pues casi ni me atrev\u00eda a hablar\u00bb, cuenta de aquellos inicios. Hoy, a punto de cumplir 67 a\u00f1os, es una de las m\u00e1s veteranas dentro de la asociaci\u00f3n Art Palma Contemporani y dice notar la perplejidad de los m\u00e1s j\u00f3venes al verla en activo. Cuestiones como el impacto del 21% del IVA o el sobrecoste de la insularidad para su negocio son cosas que no han mejorado con este tiempo.<\/p>\n<p><img decoding=\"async\" src=\"https:\/\/www.europesays.com\/es\/wp-content\/uploads\/2025\/12\/21d4f3cd-577a-4b52-aea4-5f1da5ec6d4e_alta-libre-aspect-ratio_default_0.jpg\" width=\"1200\" height=\"900\" alt=\"'La voluntat del paper', exposici\u00f3n que conmemora estos 35 a\u00f1os.\" class=\"ft-helper-img-rd\" loading=\"lazy\"\/><\/p>\n<p class=\"ft-helper-fontColor-quaternary ft-helper-fontSize-body-S ft-helper-spacer-t-xxs\">&#8216;La voluntat del paper&#8217;, exposici\u00f3n que conmemora estos 35 a\u00f1os.  \/ Galeria Maior<\/p>\n<blockquote class=\"ft-mol-quote\" data-aida-quote=\"\"><p>Hay artistas que han sido tambi\u00e9n como mis maestros, porque realmente me han inspirado\u00bb<\/p><\/blockquote>\n<p class=\"ft-text\">Coincidiendo con la publicaci\u00f3n del libro sobre los 35 a\u00f1os de la Maior, <strong>Jero Mart\u00ednez reitera que est\u00e1 en un momento de meditaci\u00f3n, en un a\u00f1o de reflexi\u00f3n<\/strong> sobre el camino que debe tomar su galer\u00eda, si seguir como hasta ahora o zambullirse de pleno en las nuevas formas de trabajar marcadas por lo digital. Ella es de las que contin\u00faa llamando por tel\u00e9fono a \u2018sus\u2019 artistas, ante todo para saber c\u00f3mo est\u00e1n, cultiva la relaci\u00f3n personal. Luego ya concretar\u00e1 otras cuestiones de trabajo por correo electr\u00f3nico. Lleva d\u00e9cadas ligada a los artistas y lejos de considerar que es complicado trabajar con ellos, se pone en su piel: \u00abEl artista sufre mucho. Son personas que, por una parte, disfrutan porque son creadores, pero que por la otra parte tienen el peso de siempre ser creativos. Y creo que tambi\u00e9n eso es dif\u00edcil. Y tambi\u00e9n es muy dif\u00edcil vivir del arte. Muchos no pueden\u00bb, considera.<\/p>\n<p><img decoding=\"async\" src=\"https:\/\/www.europesays.com\/es\/wp-content\/uploads\/2025\/12\/c9ddb011-ca6c-43b3-ab70-b718386aa922_alta-libre-aspect-ratio_default_0.jpg\" width=\"1200\" height=\"808\" alt=\"Inauguraci\u00f3n de la exposici\u00f3n de Xavier Grau a la que asisti\u00f3 Miquel Barcel\u00f3, en 1996.\" class=\"ft-helper-img-rd\" loading=\"lazy\"\/><\/p>\n<p class=\"ft-helper-fontColor-quaternary ft-helper-fontSize-body-S ft-helper-spacer-t-xxs\">Inauguraci\u00f3n de la exposici\u00f3n de Xavier Grau a la que asisti\u00f3 Miquel Barcel\u00f3, en 1996.  \/ Galeria Maior<\/p>\n<p class=\"ft-text\">En este balance como galerista, afirma sentirse satisfecha con lo conseguido. \u00abTengo una serie de artistas que est\u00e1n desde el principio y que por ello han sido tambi\u00e9n como mis maestros, porque realmente me han inspirado. He ido aprendiendo con ellos, porque yo estudiaba Derecho, que no acab\u00e9, tampoco ven\u00eda de, digamos, de haber estudiado la carrera de arte. Yo empec\u00e9 en arte a trav\u00e9s de mi pareja, Amador. Y claro, al final, todos estos artistas me han abierto caminos y me han ampliado mucho la manera de pensar, de trabajar, porque iba a ver sus exposiciones, iba a sus bienales, y eso me ha aportado much\u00edsimo\u00bb, valora Jero Mart\u00ednez sobre qui\u00e9nes han marcado la trayectoria de la Maior, donde trabaja con <strong>Manel Domingo<\/strong>.<\/p>\n<p><img decoding=\"async\" src=\"https:\/\/www.europesays.com\/es\/wp-content\/uploads\/2025\/12\/7a732d3c-2492-43c4-b962-d23fdddff9e4_alta-libre-aspect-ratio_default_0.jpg\" width=\"1200\" height=\"705\" alt=\"Otra muestra de 'La voluntat del paper'.\" class=\"ft-helper-img-rd\" loading=\"lazy\"\/><\/p>\n<p class=\"ft-helper-fontColor-quaternary ft-helper-fontSize-body-S ft-helper-spacer-t-xxs\">Otra muestra de &#8216;La voluntat del paper&#8217;.  \/ Galeria Maior<\/p>\n<p class=\"ft-text\">Como lleva haciendo desde que abri\u00f3 la galer\u00eda, que <a class=\"ft-link ft-link--decoration\" href=\"https:\/\/www.diariodemallorca.es\/cultura\/2021\/03\/23\/jero-martinez-maior-cierro-galeria-44056321.html\" rel=\"nofollow noopener\" target=\"_blank\">durante unos a\u00f1os tambi\u00e9n tuvo su espacio en Palma<\/a>, Maior apuesta por nuevos talentos. Los de d\u00e9cadas atr\u00e1s se han convertido en artistas consagrados y \u00abpremios nacionales\u00bb que mantienen su v\u00ednculo. De las generaciones m\u00e1s j\u00f3venes, con la que m\u00e1s trabaja es con Laia Ventayol (<a class=\"ft-link ft-link--decoration\" href=\"https:\/\/www.diariodemallorca.es\/cultura\/2025\/12\/17\/premi-ciutat-palma-artes-visuales-124893287.html\" rel=\"nofollow noopener\" target=\"_blank\">finalista al Premi Ciutat de Palma de Artes Visuales<\/a>), pero tambi\u00e9n con <strong>la menorquina N\u00faria Marqu\u00e8s<\/strong>. Sus nombres se sumar\u00e1n a ese imponente listado en el que sobresalen <a class=\"ft-link ft-link--decoration\" href=\"https:\/\/www.diariodemallorca.es\/tags\/joan-miro\/\" rel=\"nofollow noopener\" target=\"_blank\">Joan Mir\u00f3<\/a> y <strong>Antoni T\u00e0pies<\/strong>.<\/p>\n<p data-close=\"closedContent\" class=\"subscribeHideForDisplay\">Suscr\u00edbete para seguir leyendo<\/p>\n","protected":false},"excerpt":{"rendered":"La Galeria Maior ha cumplido 35 a\u00f1os ligados al arte contempor\u00e1neo que quedan recogidos en un gran libro,&hellip;\n","protected":false},"author":2,"featured_media":299425,"comment_status":"","ping_status":"","sticky":false,"template":"","format":"standard","meta":{"footnotes":""},"categories":[173],"tags":[18103,229,233,231,230,209,232,234,146,147,25,10558,24,2003,9192,433,1496,71111,2553,7721,23,2752],"class_list":{"0":"post-299424","1":"post","2":"type-post","3":"status-publish","4":"format-standard","5":"has-post-thumbnail","7":"category-arte-y-diseno","8":"tag-18103","9":"tag-arte","10":"tag-arte-y-diseno","11":"tag-arts","12":"tag-arts-and-design","13":"tag-cultura","14":"tag-design","15":"tag-diseno","16":"tag-entertainment","17":"tag-entretenimiento","18":"tag-es","19":"tag-espacio","20":"tag-espana","21":"tag-exposicion","22":"tag-galeria","23":"tag-jovenes","24":"tag-libro","25":"tag-maior","26":"tag-palma","27":"tag-recoge","28":"tag-spain","29":"tag-trabajo"},"share_on_mastodon":{"url":"https:\/\/pubeurope.com\/@es\/115756955731876747","error":""},"_links":{"self":[{"href":"https:\/\/www.europesays.com\/es\/wp-json\/wp\/v2\/posts\/299424","targetHints":{"allow":["GET"]}}],"collection":[{"href":"https:\/\/www.europesays.com\/es\/wp-json\/wp\/v2\/posts"}],"about":[{"href":"https:\/\/www.europesays.com\/es\/wp-json\/wp\/v2\/types\/post"}],"author":[{"embeddable":true,"href":"https:\/\/www.europesays.com\/es\/wp-json\/wp\/v2\/users\/2"}],"replies":[{"embeddable":true,"href":"https:\/\/www.europesays.com\/es\/wp-json\/wp\/v2\/comments?post=299424"}],"version-history":[{"count":0,"href":"https:\/\/www.europesays.com\/es\/wp-json\/wp\/v2\/posts\/299424\/revisions"}],"wp:featuredmedia":[{"embeddable":true,"href":"https:\/\/www.europesays.com\/es\/wp-json\/wp\/v2\/media\/299425"}],"wp:attachment":[{"href":"https:\/\/www.europesays.com\/es\/wp-json\/wp\/v2\/media?parent=299424"}],"wp:term":[{"taxonomy":"category","embeddable":true,"href":"https:\/\/www.europesays.com\/es\/wp-json\/wp\/v2\/categories?post=299424"},{"taxonomy":"post_tag","embeddable":true,"href":"https:\/\/www.europesays.com\/es\/wp-json\/wp\/v2\/tags?post=299424"}],"curies":[{"name":"wp","href":"https:\/\/api.w.org\/{rel}","templated":true}]}}