{"id":299426,"date":"2025-12-21T09:56:10","date_gmt":"2025-12-21T09:56:10","guid":{"rendered":"https:\/\/www.europesays.com\/es\/299426\/"},"modified":"2025-12-21T09:56:10","modified_gmt":"2025-12-21T09:56:10","slug":"informativos-telecinco-se-despide-de-dos-de-sus-periodistas-mas-veteranos","status":"publish","type":"post","link":"https:\/\/www.europesays.com\/es\/299426\/","title":{"rendered":"&#8216;Informativos Telecinco&#8217; se despide de dos de sus periodistas m\u00e1s veteranos"},"content":{"rendered":"<p class=\"article-text\">\n        Semana de despedidas en <a href=\"https:\/\/www.eldiario.es\/vertele\/temas\/informativos-telecinco\/\" target=\"_blank\" data-mrf-recirculation=\"links-noticia\" class=\"link\" rel=\"nofollow noopener\"><strong>Informativos Telecinco<\/strong><\/a>. <strong>Carlos de Francisco<\/strong> y <strong>Mar\u00eda Jos\u00e9 S\u00e1ez<\/strong>, dos destacados periodistas de la redacci\u00f3n del programa, acaban de comenzar su jubilaci\u00f3n tras d\u00e9cadas al servicio de <strong>Mediaset<\/strong>.\n    <\/p>\n<p>    <a href=\"https:\/\/www.eldiario.es\/vertele\/noticias\/angela-portero-puso-cuerdas-carlo-costanzia-de-viernes-entrevista-mar-flores_1_12860938.html\" data-mrf-recirculation=\"saber-mas\" data-dl-event=\"saber-mas\" rel=\"nofollow noopener\" target=\"_blank\"><\/p>\n<p class=\"know-more__title\">\u00c1ngela Portero pone contra las cuerdas a Carlo Costanzia en &#8216;De Viernes&#8217; por su pasado en TV: \u00ab\u00bf20 a\u00f1os callado?\u00bb<\/p>\n<p>            <img decoding=\"async\" class=\"lazy\" loading=\"lazy\" data-src=\"https:\/\/static.eldiario.es\/clip\/ab0a52c2-8153-4258-b7a1-0ff472942fc1_16-9-aspect-ratio_default_0.jpg\" src=\"data:image\/svg+xml,%3Csvg xmlns=\" http:=\"\" viewbox=\"0 0 880 495\" alt=\"\u00c1ngela Portero pone contra las cuerdas a Carlo Costanzia en 'De Viernes' por su pasado en TV: &quot;\u00bf20 a\u00f1os callado?&quot;\"\/><\/p>\n<p>                        <\/a><\/p>\n<p class=\"article-text\">\n        Adem\u00e1s de presentador y reportero \u2013funciones que desempe\u00f1\u00f3 hace tiempo\u2013, De Francisco ha sido <strong>subdirector de <\/strong><strong>Informativos Telecinco<\/strong> hasta su retirada. Llevaba \u201cm\u00e1s de 30 a\u00f1os\u201d vinculado a la empresa, seg\u00fan explican desde el informativo, que el viernes dedic\u00f3 parte de su tiempo a desear una \u201cfeliz jubilaci\u00f3n\u201d a este \u201cgran periodista pol\u00edtico de la vieja escuela\u201d que ped\u00eda \u201creencuentros en Navidad y perseidas en verano\u201d.\n    <\/p>\n<blockquote class=\"instagram-media\" data-instgrm-version=\"14\" data-instgrm-permalink=\"https:\/\/www.instagram.com\/reel\/DSc2QgGgu9T\/\" data-instgrm-captioned=\"\"\/>\n<p class=\"article-text\">\n        La redacci\u00f3n de Informativos Telecinco tambi\u00e9n se ha reunido esta semana para homenajear en su jubilaci\u00f3n a <strong>Mar\u00eda Jos\u00e9 S\u00e1ez<\/strong>, que deja el oficio tras cuatro d\u00e9cadas al pie del ca\u00f1\u00f3n.\n    <\/p>\n<p class=\"article-text\">\n        S\u00e1ez lleg\u00f3 a Telecinco en los a\u00f1os 90 despu\u00e9s de haber sido la primera periodista en informar de la liberaci\u00f3n del empresario <strong>Emiliano Revilla<\/strong>, a quien <strong>ETA<\/strong> secuestr\u00f3 durante 249 d\u00edas. Desde entonces ha desarrollado multitud de funciones en el \u00e1rea de informativos, incluidas labores de presentaci\u00f3n y edici\u00f3n. De hecho, incluso estuvo al frente de la retransmisi\u00f3n de las <strong>Campanadas de Nochevieja<\/strong> en dos a\u00f1os consecutivos.\n    <\/p>\n<p>    <a href=\"https:\/\/www.eldiario.es\/vertele\/noticias\/directora-de-viernes-julia-tapia-cuanto-paga-cache-invitados-kiko-matamoros_1_12861155.html\" data-mrf-recirculation=\"saber-mas-abajo\" data-dl-event=\"saber-mas-abajo\" rel=\"nofollow noopener\" target=\"_blank\"><\/p>\n<p class=\"know-more__title\">La directora de &#8216;De Viernes&#8217; habla de los cach\u00e9s que paga el programa y se pronuncia sobre Kiko Matamoros<\/p>\n<p>            <img decoding=\"async\" class=\"lazy\" loading=\"lazy\" data-src=\"https:\/\/static.eldiario.es\/clip\/99ac28a5-829e-46f0-9181-fdae146be280_16-9-aspect-ratio_default_0.jpg\" src=\"data:image\/svg+xml,%3Csvg xmlns=\" http:=\"\" viewbox=\"0 0 880 495\" alt=\"La directora de 'De Viernes' habla de los cach\u00e9s que paga el programa y se pronuncia sobre Kiko Matamoros\"\/><\/p>\n<p>                        <\/a><\/p>\n<p class=\"article-text\">\n        Este 21 de diciembre public\u00f3 en su cuenta de Instagram una imagen titulada \u201ccerrando ciclo\u201d en la que aparece rodeada de sus compa\u00f1eros y algunos directivos de la cadena.\n    <\/p>\n<blockquote class=\"instagram-media\" data-instgrm-version=\"14\" data-instgrm-permalink=\"https:\/\/www.instagram.com\/p\/DSdvfK_DF-J\/\" data-instgrm-captioned=\"\"\/>\n<p>                                <script async src=\"\/\/www.instagram.com\/embed.js\"><\/script><\/p>\n","protected":false},"excerpt":{"rendered":"Semana de despedidas en Informativos Telecinco. Carlos de Francisco y Mar\u00eda Jos\u00e9 S\u00e1ez, dos destacados periodistas de la&hellip;\n","protected":false},"author":2,"featured_media":299427,"comment_status":"","ping_status":"","sticky":false,"template":"","format":"standard","meta":{"footnotes":""},"categories":[171],"tags":[71112,6193,146,147,25,24,10848,71113,4041,23,692,214],"class_list":{"0":"post-299426","1":"post","2":"type-post","3":"status-publish","4":"format-standard","5":"has-post-thumbnail","7":"category-tv","8":"tag-carlos-de-francisco","9":"tag-despide","10":"tag-entertainment","11":"tag-entretenimiento","12":"tag-es","13":"tag-espana","14":"tag-informativos","15":"tag-maria-jose-saez","16":"tag-periodistas","17":"tag-spain","18":"tag-telecinco","19":"tag-tv"},"share_on_mastodon":{"url":"https:\/\/pubeurope.com\/@es\/115756963062309877","error":""},"_links":{"self":[{"href":"https:\/\/www.europesays.com\/es\/wp-json\/wp\/v2\/posts\/299426","targetHints":{"allow":["GET"]}}],"collection":[{"href":"https:\/\/www.europesays.com\/es\/wp-json\/wp\/v2\/posts"}],"about":[{"href":"https:\/\/www.europesays.com\/es\/wp-json\/wp\/v2\/types\/post"}],"author":[{"embeddable":true,"href":"https:\/\/www.europesays.com\/es\/wp-json\/wp\/v2\/users\/2"}],"replies":[{"embeddable":true,"href":"https:\/\/www.europesays.com\/es\/wp-json\/wp\/v2\/comments?post=299426"}],"version-history":[{"count":0,"href":"https:\/\/www.europesays.com\/es\/wp-json\/wp\/v2\/posts\/299426\/revisions"}],"wp:featuredmedia":[{"embeddable":true,"href":"https:\/\/www.europesays.com\/es\/wp-json\/wp\/v2\/media\/299427"}],"wp:attachment":[{"href":"https:\/\/www.europesays.com\/es\/wp-json\/wp\/v2\/media?parent=299426"}],"wp:term":[{"taxonomy":"category","embeddable":true,"href":"https:\/\/www.europesays.com\/es\/wp-json\/wp\/v2\/categories?post=299426"},{"taxonomy":"post_tag","embeddable":true,"href":"https:\/\/www.europesays.com\/es\/wp-json\/wp\/v2\/tags?post=299426"}],"curies":[{"name":"wp","href":"https:\/\/api.w.org\/{rel}","templated":true}]}}