{"id":299436,"date":"2025-12-21T10:03:21","date_gmt":"2025-12-21T10:03:21","guid":{"rendered":"https:\/\/www.europesays.com\/es\/299436\/"},"modified":"2025-12-21T10:03:21","modified_gmt":"2025-12-21T10:03:21","slug":"juanes-mis-hijos-me-han-visto-llorar-y-pienso-que-es-lo-mas-normal-no-hay-que-tener-verguenza-gente","status":"publish","type":"post","link":"https:\/\/www.europesays.com\/es\/299436\/","title":{"rendered":"Juanes: \u201cMis hijos me han visto llorar y pienso que es lo m\u00e1s normal, no hay que tener verg\u00fcenza\u201d | Gente"},"content":{"rendered":"<p class=\"\">La fot\u00f3grafa tiene todo dispuesto para retratar a <a href=\"https:\/\/elpais.com\/gente\/2022-07-03\/juanes-me-siento-maduro-interesante-y-seguro-y-eso-me-encanta.html#:~:text=TODOS%20LOS%20JUANES%20DE%20JUANES,m%C3%A1s%20colombiano%20que%20una%20arepa%22.\" target=\"_blank\" rel=\"noreferrer nofollow noopener\" title=\"https:\/\/elpais.com\/gente\/2022-07-03\/juanes-me-siento-maduro-interesante-y-seguro-y-eso-me-encanta.html#:~:text=TODOS%20LOS%20JUANES%20DE%20JUANES,m%C3%A1s%20colombiano%20que%20una%20arepa%22.\">Juanes<\/a> (Medell\u00edn, 53 a\u00f1os) en el restaurante del madrile\u00f1o Hotel F\u00e9nix, pero el cantante tarda unos minutos de m\u00e1s porque, seg\u00fan su equipo, tiene que cambiarse de camisa para diferenciarse del shooting anterior. Cuando por fin se presenta \u2014\u201c\u00a1Es verdad, que en Espa\u00f1a son dos besos!\u201d, interioriza reci\u00e9n aterrizado\u2014, su nueva camisa no es negra, no. Es verde oscura, con un tigre surfeando en una manga y la vistosa cara de otro en la espalda, atravesada por una cremallera \u2014de la marca japonesa BAPE\u2014. Es una mezcla entre una prenda de camuflaje y algo destinado a llamar la atenci\u00f3n. Y es un buen reflejo de quien la viste, porque aunque durante la entrevista Juan Esteban Aristiz\u00e1bal \u2014su nombre de nacimiento\u2014 se coloca en una discreta esquina de la sala y habla con un sosegado tono bajo, su presencia no pasa desapercibida para algunos comensales que no se resisten a acercarse a saludar. \u201cHola, \u00bfc\u00f3mo est\u00e1s? \u00bfC\u00f3mo te va? \u00bfTodo bien?\u201d, espeta Juanes a un hombre que se queda cortado ante la familiaridad con la que el m\u00fasico le devuelve el apret\u00f3n de manos.<\/p>\n<p class=\"\">Despu\u00e9s de varias d\u00e9cadas de exitosa carrera musical, el colombiano \u2014residente en Miami\u2015 est\u00e1 m\u00e1s que acostumbrado a lidiar con la fama, pero no deja de resultarle extra\u00f1o que personas de todas las edades le pongan cara en cualquier parte del mundo. \u201cCuando la gente es respetuosa y cari\u00f1osa me parece superlindo. Es extra\u00f1o porque estoy en otro pa\u00eds, lejos de mi casa, y lo siento como un agradecimiento\u201d, asegura. Sus ojos denotan el cansancio por el jet lag, pero tambi\u00e9n est\u00e1 m\u00e1s que acostumbrado a este traj\u00edn y lo sortea como un profesional. El jueves le tocaba un intenso d\u00eda de promoci\u00f3n en Madrid y el viernes ya estaba en otro vuelo de camino a La Palma, donde ofreci\u00f3 un concierto este s\u00e1bado 20 de diciembre. Volver\u00e1 a la capital espa\u00f1ola el pr\u00f3ximo <a href=\"https:\/\/www.juanes.net\/\" target=\"_blank\" rel=\"noreferrer nofollow noopener\" title=\"https:\/\/www.juanes.net\/\">1 de marzo, con un concierto en el Movistar Arena<\/a> que supone el pistoletazo de salida de su nueva gira internacional. \u201cVamos a estar pr\u00e1cticamente todo el a\u00f1o [2026] por toda Europa, Latinoam\u00e9rica y Estados Unidos\u201d, anticipa. \u201cMe encanta girar, es lo que me mantiene vivo\u201d.<\/p>\n<p>M\u00e1s informaci\u00f3n<\/p>\n<p class=\"\">Desde sus inicios como cantante de heavy metal en la banda Ekhymosis hasta su \u00faltimo sencillo, una cumbia en colaboraci\u00f3n con <a href=\"https:\/\/elpais.com\/elpais\/2018\/07\/19\/tentaciones\/1531996356_576143.html\" target=\"_blank\" rel=\"noreferrer nofollow noopener\" title=\"https:\/\/elpais.com\/elpais\/2018\/07\/19\/tentaciones\/1531996356_576143.html\">Bomba Est\u00e9reo<\/a>, Juanes ha probado con todo lo que le ha apetecido en la m\u00fasica, sin importarle descolocar a unos fans acostumbrados a los temas de pop rock latino que le dieron la fama a principios de los dos mil. \u201cSi a m\u00ed me gusta lo que estoy haciendo y me siento c\u00f3modo, yo voy p\u2019alante. No voy a dejar de hacer algo porque alguien me lo diga. Comprometer mi arte o mi forma de ver las cosas no tiene mucho sentido\u201d, considera. En 2026 sacar\u00e1 nuevo disco, dice que previsiblemente en el primer semestre \u2014\u201cpor marzo, abril, no s\u00e9\u201d\u2014, y que estar\u00e1 lleno de esas \u201cdiferentes personalidades\u201d que, seg\u00fan \u00e9l, son las que le definen: \u201cHay varias cumbias y tambi\u00e9n hay rock; hay una canci\u00f3n mucho m\u00e1s \u00edntima, con la guitarra, muy minimalista. Fue un proceso largo, pero que finalmente termin\u00f3 muy bonito\u201d.<\/p>\n<p class=\"\">En el pr\u00f3ximo \u00e1lbum tambi\u00e9n hay una canci\u00f3n dedicada a <a href=\"https:\/\/elpais.com\/gente\/2025-09-15\/la-emotiva-carta-de-despedida-de-juanes-a-su-madre-a-veces-siento-que-se-llevo-todo-sera-imposible-acostumbrarme.html\" target=\"_blank\" rel=\"noreferrer nofollow noopener\" title=\"https:\/\/elpais.com\/gente\/2025-09-15\/la-emotiva-carta-de-despedida-de-juanes-a-su-madre-a-veces-siento-que-se-llevo-todo-sera-imposible-acostumbrarme.html\">su madre, Alicia, fallecida el pasado septiembre<\/a>, de quien Juanes se despidi\u00f3 ante sus 5,4 millones de seguidores en una inusualmente \u00edntima publicaci\u00f3n de <a href=\"https:\/\/www.instagram.com\/juanes\/?utm_source=ig_embed\" target=\"_blank\" rel=\"noreferrer nofollow noopener\" title=\"https:\/\/www.instagram.com\/juanes\/?utm_source=ig_embed\">Instagram<\/a>. Tres meses despu\u00e9s, el colombiano confiesa que todav\u00eda le cuesta asimilar el sentimiento de orfandad \u2014su padre, Javier, muri\u00f3 hace tiempo a causa de un c\u00e1ncer\u2014. \u201cMi mam\u00e1 era muy adulta, ten\u00eda ya 95 a\u00f1os, pero aunque te preparas un poco para eso, nunca es f\u00e1cil\u201d, reconoce emocionado. \u201cYa no tengo ni mi pap\u00e1 ni mi mam\u00e1, es una sensaci\u00f3n muy loca. Como si estuvieras de beb\u00e9 caminando de la mano de tus pap\u00e1s y de repente te sueltan para que aprendas a caminar\u201d, comenta alzando los brazos para escenificar la imagen. \u201cEs una etapa nueva muy rara. Un cambio energ\u00e9tico muy poderoso, pero creo que su ausencia tambi\u00e9n me ha dado algo de fuerza, es muy loco eso\u201d, considera el cantante. <\/p>\n<p class=\"\">La otra gran p\u00e9rdida de su vida fue la de su hermana Luz Cecilia. Sufri\u00f3 una hemorragia interna durante el parto de su hija que <a href=\"https:\/\/elpais.com\/gente\/2025-08-25\/juanes-recuerda-el-golpe-mas-duro-de-su-familia-fue-muy-triste-y-muy-loco-sentir-que-mi-hermana-fallecio-y-que-todos-descansamos.html\" target=\"_blank\" rel=\"noreferrer nofollow noopener\" title=\"https:\/\/elpais.com\/gente\/2025-08-25\/juanes-recuerda-el-golpe-mas-duro-de-su-familia-fue-muy-triste-y-muy-loco-sentir-que-mi-hermana-fallecio-y-que-todos-descansamos.html\">la mantuvo 27 a\u00f1os en coma, hasta que finalmente falleci\u00f3<\/a>, a la edad de 50 a\u00f1os, en 2019. \u201cFue doloros\u00edsima, porque la muerte de mi hermana no fue una muerte de un d\u00eda para otro, sino que fue una cosa superprolongada, dur\u00edsima. Nosotros \u00e9ramos una familia muy feliz hasta que pas\u00f3 eso\u201d, recuerda. Cuenta que volvi\u00f3 a su casa familiar tras la muerte de su madre y al abrir la puerta corrediza del armario donde guardaba la ropa su hermana, encontr\u00f3 viejos recortes de peri\u00f3dico sobre \u00e9l, un recuerdo que le saca una sonrisa. \u201cCreo que fue duro, pero cuando falleci\u00f3 todos descansamos un poco tambi\u00e9n. Nos ha dado fuerza a nosotros, como hermanos [\u00e9l es el menor de seis], para seguir adelante, y la m\u00fasica ha sido como una luz inmensa para m\u00ed\u201d, comparte.<\/p>\n<p><img decoding=\"auto\" class=\"_re lazyload a_m-v\" height=\"526\"  width=\"414\"  src=\"https:\/\/www.europesays.com\/es\/wp-content\/uploads\/2025\/12\/52MSNILHPND6BD2QG7ZOD5J3R4.jpg\" loading=\"lazy\"\/>El pr\u00f3ximo concierto en la agenda de Juanes es en Madrid, el 1 de marzo de 2026, con el que dar\u00e1 el pistoletazo de salida a una nueva gira internacional.INMA FLORES<\/p>\n<p class=\"\">Este agosto, Juanes cont\u00f3 en un podcast que nunca hab\u00eda visto llorar a sus padres hasta aquel tr\u00e1gico suceso con su hermana. \u00c9l es padre de tres hijos \u2014Luna, de 22 a\u00f1os; Paloma, de 20; y Dante, de 16\u2014, fruto de su matrimonio de 21 a\u00f1os con la actriz y modelo Karen Mart\u00ednez \u2014a la que conoci\u00f3 durante la grabaci\u00f3n del videoclip <a href=\"https:\/\/www.youtube.com\/watch?v=6x5jS2-uKGo\" target=\"_blank\" rel=\"noreferrer nofollow noopener\" title=\"https:\/\/www.youtube.com\/watch?v=6x5jS2-uKGo\">Podemos hacernos da\u00f1o<\/a>\u2014, y asegura que no le importa mostrarse vulnerable delante de ellos. \u201cMe han visto llorar y pienso que es lo m\u00e1s normal, no hay que tener verg\u00fcenza o angustia. De hecho, es m\u00e1s sanador. A veces quisiera llorar m\u00e1s, pero no me salen las l\u00e1grimas\u201d, admite. Dice que llor\u00f3, por ejemplo, cuando sus dos hijas mayores se fueron a la universidad; que, aunque su trabajo le obliga a pasar mucho tiempo fuera de casa, le cost\u00f3 acostumbrarse al nido vac\u00edo \u2014tambi\u00e9n menciona que su alma \u201clloraba de alegr\u00eda\u201d cuando escuch\u00f3 <a href=\"https:\/\/elpais.com\/cultura\/2025-11-05\/critica-de-lux-rosalia-rompe-las-costuras-del-pop-con-un-salto-al-vacio-intenso-y-fascinante.html\" target=\"_blank\" rel=\"noreferrer nofollow noopener\" title=\"https:\/\/elpais.com\/cultura\/2025-11-05\/critica-de-lux-rosalia-rompe-las-costuras-del-pop-con-un-salto-al-vacio-intenso-y-fascinante.html\">Lux, de Rosal\u00eda<\/a>, de quien dice que ya qued\u00f3 prendado cuando la descubri\u00f3 en un concierto al que le llev\u00f3 <a href=\"https:\/\/elpais.com\/elpais\/2019\/04\/26\/gente\/1556276267_681598.html\" target=\"_blank\" rel=\"noreferrer nofollow noopener\" title=\"https:\/\/elpais.com\/elpais\/2019\/04\/26\/gente\/1556276267_681598.html\">Bebe<\/a> en 2016\u2014. \u201cAs\u00ed que bueno, voy llevando la vida a la vez y cuando siento que la tristeza se apodera de m\u00ed, dejo que me abrace y me ponga bien dark, porque al rato s\u00e9 que volver\u00e9 a salir otra vez, es parte de la vida\u201d, reflexiona. <\/p>\n<p class=\"\">En 2010, durante la gira de su \u00e1lbum P.A.R.C.E., experiment\u00f3 una profunda crisis creativa y personal, se sent\u00eda desconectado de su m\u00fasica y p\u00fablico, lo que lo llev\u00f3 a un par\u00f3n temporal. Recientemente, artistas como <a href=\"https:\/\/elpais.com\/cultura\/2025-12-04\/rozalen-pausa-su-carrera-para-tomar-un-descanso-tras-15-anos-de-trabajo.html\" target=\"_blank\" rel=\"noreferrer nofollow noopener\" title=\"https:\/\/elpais.com\/cultura\/2025-12-04\/rozalen-pausa-su-carrera-para-tomar-un-descanso-tras-15-anos-de-trabajo.html\">Rozal\u00e9n<\/a> o Lola \u00cdndigo han seguido estos pasos, y el colombiano celebra que, a diferencia de la respuesta alarmante que recibi\u00f3 \u00e9l hace m\u00e1s de una d\u00e9cada, dar este paso es ahora algo habitual. \u201cSiento que en ese momento no era normal. Dec\u00edas eso y era como: \u2018Oh, se acab\u00f3 su carrera\u2019 o \u2018\u00bfPor qu\u00e9 est\u00e1s deprimido si t\u00fa lo tienes todo en la vida?\u2019. Afortunadamente, creo que todos esos temas son mucho m\u00e1s comunes ahora y darse un espacio es lo m\u00e1s sano que le puedes dar a tu vida. Yo ven\u00eda trabajando 10 a\u00f1os sin parar y me estaba enloqueciendo. Hice un stop para reconstruirme y hoy tengo m\u00e1s control de mi vida: trabajo much\u00edsimo, pero voy mucho a mi casa\u201d, sostiene. <\/p>\n<p><img decoding=\"auto\" class=\"_re lazyload a_m-v\" height=\"621\"  width=\"414\"  src=\"https:\/\/www.europesays.com\/es\/wp-content\/uploads\/2025\/12\/L3OXMHU3GRCZVFXPKIFFW3VPPM.JPG\" loading=\"lazy\"\/>\u00abYo ven\u00eda trabajando 10 a\u00f1os sin parar y me estaba enloqueciendo. Hice un &#8216;stop&#8217; para reconstruirme y hoy en d\u00eda tengo m\u00e1s control de mi vida: trabajo much\u00edsimo, pero voy mucho a mi casa\u201d, sostiene Juanes sobre su par\u00f3n en 2010.INMA FLORES<\/p>\n<p class=\"\">Tiene cuatro Grammy internacionales, <a href=\"https:\/\/elpais.com\/cultura\/2023-11-16\/los-ganadores-de-los-grammy-latinos-2023-en-imagenes.html\" target=\"_blank\" rel=\"noreferrer nofollow noopener\" title=\"https:\/\/elpais.com\/cultura\/2023-11-16\/los-ganadores-de-los-grammy-latinos-2023-en-imagenes.html\">27 Grammy latinos<\/a>, acumula m\u00e1s de 20 millones de discos vendidos y miles de conciertos a sus espaldas. Pero como vaticinaba su \u00e1lbum de 2019, M\u00e1s futuro que pasado, todav\u00eda tiene fuelle para mucho m\u00e1s. \u201cVeo a Juan Luis Guerra, a Rub\u00e9n Blades, a <a href=\"https:\/\/elpais.com\/cultura\/2024-11-28\/miguel-bose-regresa-a-los-escenarios-con-su-importante-tour-tras-ocho-anos-de-polemicas-y-retiro.html\" target=\"_blank\" rel=\"noreferrer nofollow noopener\" title=\"https:\/\/elpais.com\/cultura\/2024-11-28\/miguel-bose-regresa-a-los-escenarios-con-su-importante-tour-tras-ocho-anos-de-polemicas-y-retiro.html\">Miguel Bos\u00e9<\/a>&#8230; Veo a Metallica, que es mi banda de toda la vida [dice haciendo el gesto de los cuernos]. Tienen m\u00e1s de 60 a\u00f1os y ah\u00ed est\u00e1n como unos locos. Entonces, no s\u00e9, es como: \u00bfpor qu\u00e9 hay que parar? Si tengo la oportunidad y tengo el p\u00fablico, quiero seguir\u201d, advierte. Est\u00e1 claro que el p\u00fablico lo tiene, incluidos los Obama, que se declararon sus fans, o el fallecido papa Francisco, que cit\u00f3 una de sus letras en una homil\u00eda en Colombia en 2017. De momento, tampoco reniega de ninguna canci\u00f3n de su pasado y est\u00e1 dispuesto a cantar sus \u00e9xitos m\u00e1s repetidos, como A dios le pido o La camisa negra, mientras sigan satisfaciendo a sus seguidores, pero tambi\u00e9n aprovecha para recomendar obras m\u00e1s desconocidas de su repertorio: \u201c<a href=\"https:\/\/www.youtube.com\/watch?v=lkSfQkDRd9k&amp;list=RDlkSfQkDRd9k&amp;start_radio=1\" target=\"_blank\" rel=\"noreferrer nofollow noopener\" title=\"https:\/\/www.youtube.com\/watch?v=lkSfQkDRd9k&amp;list=RDlkSfQkDRd9k&amp;start_radio=1\">Gris<\/a>, del disco Vida cotidiana [2023], es rara y oscura, pero me encanta\u201d. <\/p>\n<p class=\"\">Hubo un tiempo en el que pensar en m\u00fasicos colombianos era pensar en <a href=\"https:\/\/elpais.com\/america-colombia\/2025-08-01\/carlos-vives-la-leyenda-negra-de-la-conquista-espanola-nos-ha-hecho-dano-como-sociedad.html\" target=\"_blank\" rel=\"noreferrer nofollow noopener\" title=\"https:\/\/elpais.com\/america-colombia\/2025-08-01\/carlos-vives-la-leyenda-negra-de-la-conquista-espanola-nos-ha-hecho-dano-como-sociedad.html\">Carlos Vives<\/a>, Shakira y Juanes. Ellos han abierto el camino a una nueva generaci\u00f3n de estrellas que no para de aumentar, entre las que destacan Karol G, Maluma, <a href=\"https:\/\/elpais.com\/gente\/2025-05-16\/sebastian-yatra-no-me-gusta-faltarle-el-respeto-a-nadie-pero-tampoco-dejar-de-vivir-la-vida.html\" target=\"_blank\" rel=\"noreferrer nofollow noopener\" title=\"https:\/\/elpais.com\/gente\/2025-05-16\/sebastian-yatra-no-me-gusta-faltarle-el-respeto-a-nadie-pero-tampoco-dejar-de-vivir-la-vida.html\">Sebasti\u00e1n Yatra<\/a> o Camilo. \u201cMe encanta porque por muchos a\u00f1os hubo una estigmatizaci\u00f3n con Colombia y siento que la m\u00fasica, el arte, la literatura, el deporte&#8230; han hecho que se vea otro \u00e1mbito del pa\u00eds, y las nuevas generaciones han salido con un poder incre\u00edble\u201d, celebra. Reconoce que sus hijos tambi\u00e9n han heredado la pasi\u00f3n por el arte y la m\u00fasica, pero no los imagina acompa\u00f1\u00e1ndole en el escenario, <a href=\"https:\/\/elpais.com\/videos\/2025-12-10\/shakira-canta-acrostico-por-primera-vez-en-vivo-junto-a-sus-hijos.html\" target=\"_blank\" rel=\"noreferrer nofollow noopener\" title=\"https:\/\/elpais.com\/videos\/2025-12-10\/shakira-canta-acrostico-por-primera-vez-en-vivo-junto-a-sus-hijos.html\">como hizo recientemente Shakira en Buenos Aires con Milan y Sasha<\/a>. \u201cMe encantar\u00eda, pero no, son t\u00edmidos\u201d, comenta riendo: \u201cNo les quiero presionar, quiero que sean felices, la verdad\u201d. <\/p>\n<p><img decoding=\"auto\" class=\"_re lazyload a_m-v\" height=\"504\"  width=\"414\"  src=\"https:\/\/www.europesays.com\/es\/wp-content\/uploads\/2025\/12\/4UJXEU6COZCNDOOFWS443WUDFQ.jpg\" loading=\"lazy\"\/>Juanes con su mujer, Karen Mart\u00ednez, y sus tres hijos, en un estreno en 2017.Alexander Tamargo (WireImage)<\/p>\n<p class=\"\">\u00c9l lo es, en gran parte, gracias a ellos y a su mujer, seg\u00fan dice. Ha vivido momentos incre\u00edbles a lo largo de su carrera, pero garantiza que la \u00fanica experiencia que no cambiar\u00eda por nada del mundo es la paternidad. \u201cEs lo m\u00e1s grande que me ha pasado\u201d, sostiene. Su vida ahora, tal y como est\u00e1, tiene todo lo que necesita: \u201cCuando me preguntan si quiero estar 20 a\u00f1os atr\u00e1s, yo digo: \u2018No, gracias. Quiero estar aqu\u00ed, en este momento\u201d.<\/p>\n<p><script async src=\"\/\/www.instagram.com\/embed.js\"><\/script><\/p>\n","protected":false},"excerpt":{"rendered":"La fot\u00f3grafa tiene todo dispuesto para retratar a Juanes (Medell\u00edn, 53 a\u00f1os) en el restaurante del madrile\u00f1o Hotel&hellip;\n","protected":false},"author":2,"featured_media":299437,"comment_status":"","ping_status":"","sticky":false,"template":"","format":"standard","meta":{"footnotes":""},"categories":[91],"tags":[3061,1803,208,20062,320,146,147,25,24,256,260,11475,24799,185,6726,4474,23],"class_list":{"0":"post-299436","1":"post","2":"type-post","3":"status-publish","4":"format-standard","5":"has-post-thumbnail","7":"category-entretenimiento","8":"tag-cantantes","9":"tag-colombia","10":"tag-conciertos","11":"tag-discos-musica","12":"tag-duelo","13":"tag-entertainment","14":"tag-entretenimiento","15":"tag-es","16":"tag-espana","17":"tag-famosos","18":"tag-gente","19":"tag-giras-musicales","20":"tag-juanes","21":"tag-musica","22":"tag-paternidad","23":"tag-salud-mental","24":"tag-spain"},"share_on_mastodon":{"url":"https:\/\/pubeurope.com\/@es\/115756990926820771","error":""},"_links":{"self":[{"href":"https:\/\/www.europesays.com\/es\/wp-json\/wp\/v2\/posts\/299436","targetHints":{"allow":["GET"]}}],"collection":[{"href":"https:\/\/www.europesays.com\/es\/wp-json\/wp\/v2\/posts"}],"about":[{"href":"https:\/\/www.europesays.com\/es\/wp-json\/wp\/v2\/types\/post"}],"author":[{"embeddable":true,"href":"https:\/\/www.europesays.com\/es\/wp-json\/wp\/v2\/users\/2"}],"replies":[{"embeddable":true,"href":"https:\/\/www.europesays.com\/es\/wp-json\/wp\/v2\/comments?post=299436"}],"version-history":[{"count":0,"href":"https:\/\/www.europesays.com\/es\/wp-json\/wp\/v2\/posts\/299436\/revisions"}],"wp:featuredmedia":[{"embeddable":true,"href":"https:\/\/www.europesays.com\/es\/wp-json\/wp\/v2\/media\/299437"}],"wp:attachment":[{"href":"https:\/\/www.europesays.com\/es\/wp-json\/wp\/v2\/media?parent=299436"}],"wp:term":[{"taxonomy":"category","embeddable":true,"href":"https:\/\/www.europesays.com\/es\/wp-json\/wp\/v2\/categories?post=299436"},{"taxonomy":"post_tag","embeddable":true,"href":"https:\/\/www.europesays.com\/es\/wp-json\/wp\/v2\/tags?post=299436"}],"curies":[{"name":"wp","href":"https:\/\/api.w.org\/{rel}","templated":true}]}}