{"id":299444,"date":"2025-12-21T10:07:14","date_gmt":"2025-12-21T10:07:14","guid":{"rendered":"https:\/\/www.europesays.com\/es\/299444\/"},"modified":"2025-12-21T10:07:14","modified_gmt":"2025-12-21T10:07:14","slug":"concurso-de-dibujo-del-servicio-de-emergencias-1-1-2-de-cyl","status":"publish","type":"post","link":"https:\/\/www.europesays.com\/es\/299444\/","title":{"rendered":"CONCURSO DE DIBUJO DEL SERVICIO DE EMERGENCIAS 1-1-2 DE CYL"},"content":{"rendered":"<p>&#13;<br \/>\n        &#13;<br \/>\n&#13;<br \/>\n        &#13;<\/p>\n<p>            <a href=\"https:\/\/www.villadeiscar.es\/wp-content\/uploads\/2025\/12\/Diseno-sin-titulo-1.jpg\" data-caption=\"\" rel=\"nofollow noopener\" target=\"_blank\"><img loading=\"lazy\" decoding=\"async\" width=\"1068\" height=\"1068\" class=\"entry-thumb td-modal-image\" src=\"https:\/\/www.europesays.com\/es\/wp-content\/uploads\/2025\/12\/Diseno-sin-titulo-1-1068x1068.jpg\"   alt=\"\" title=\"Dise\u00f1o sin t\u00edtulo (1)\"\/><\/a><\/p>\n<p>El Ayuntamiento de \u00cdscar, te comparte esta iniciativa de la Consejer\u00eda de Medio Ambiente, Vivienda y O.T. y su Agencia de Protecci\u00f3n Civil y Emergencias,\u00a0Servicio 1-1-2<\/p>\n<p>El objetivo de dar a conocer el Servicio de emergencias 1-1-2 de Castilla y Le\u00f3n, y\u00a0 se ha organizado un concurso de dibujo con distintas categor\u00edas.<\/p>\n<p>La fecha tope para entregar los dibujos es el 17 de enero, por lo tanto, hay tiempo durante las vacaciones de Navidad.<\/p>\n<p>Adjuntamos las bases del concurso y la hoja de solicitud para participar.<\/p>\n<p>\u00a1Una llamada, una vida salvada!<\/p>\n<p><a style=\"color: #4db2ec; text-decoration-line: underline;\" href=\"https:\/\/www.villadeiscar.es\/wp-content\/uploads\/2025\/12\/Bases-del-concurso.pdf\" rel=\"nofollow noopener\" target=\"_blank\">Bases del concurso<\/a><\/p>\n<p><a href=\"https:\/\/www.villadeiscar.es\/wp-content\/uploads\/2025\/12\/Plantilla-para-el-dibujo.pdf\" rel=\"nofollow noopener\" target=\"_blank\">Plantilla para el dibujo<\/a><\/p>\n<p><a href=\"https:\/\/www.villadeiscar.es\/wp-content\/uploads\/2025\/12\/HojadeSolicitudXIVConcurso.doc\" rel=\"nofollow noopener\" target=\"_blank\">Hoja+de+Solicitud+XIV+Concurso<\/a><\/p>\n<p><img fetchpriority=\"high\" decoding=\"async\" class=\"alignnone size-large wp-image-72140\" src=\"https:\/\/www.europesays.com\/es\/wp-content\/uploads\/2025\/12\/Diseno-sin-titulo-1-1024x1024.jpg\" alt=\"\" width=\"696\" height=\"696\"  \/><\/p>\n<p>        &#13;<br \/>\n&#13;<br \/>\n        &#13;<br \/>\n                        &#13;<br \/>\n            &#13;<br \/>\n&#13;<br \/>\n                        Art\u00edculo anterior<a href=\"https:\/\/www.villadeiscar.es\/convivencia-navidena-2025-en-el-centro-de-jubilados-de-iscar\/\" rel=\"nofollow noopener\" target=\"_blank\">CONVIVENCIA NAVIDE\u00d1A 2025 EN EL CENTRO DE JUBILADOS DE \u00cdSCAR<\/a>                                &#13;<br \/>\n&#13;<\/p>\n","protected":false},"excerpt":{"rendered":"&#13; &#13; &#13; &#13; El Ayuntamiento de \u00cdscar, te comparte esta iniciativa de la Consejer\u00eda de Medio Ambiente,&hellip;\n","protected":false},"author":2,"featured_media":299445,"comment_status":"","ping_status":"","sticky":false,"template":"","format":"standard","meta":{"footnotes":""},"categories":[8],"tags":[17,18,25,24,13,14,11,19,20,9,10,15,16,23,12,21,22],"class_list":{"0":"post-299444","1":"post","2":"type-post","3":"status-publish","4":"format-standard","5":"has-post-thumbnail","7":"category-espana","8":"tag-breaking-news","9":"tag-breakingnews","10":"tag-es","11":"tag-espana","12":"tag-featured-news","13":"tag-featurednews","14":"tag-headlines","15":"tag-latest-news","16":"tag-latestnews","17":"tag-news","18":"tag-noticias","19":"tag-noticias-destacadas","20":"tag-noticiasdestacadas","21":"tag-spain","22":"tag-titulares","23":"tag-ultimas-noticias","24":"tag-ultimasnoticias"},"share_on_mastodon":{"url":"https:\/\/pubeurope.com\/@es\/115757007017118575","error":""},"_links":{"self":[{"href":"https:\/\/www.europesays.com\/es\/wp-json\/wp\/v2\/posts\/299444","targetHints":{"allow":["GET"]}}],"collection":[{"href":"https:\/\/www.europesays.com\/es\/wp-json\/wp\/v2\/posts"}],"about":[{"href":"https:\/\/www.europesays.com\/es\/wp-json\/wp\/v2\/types\/post"}],"author":[{"embeddable":true,"href":"https:\/\/www.europesays.com\/es\/wp-json\/wp\/v2\/users\/2"}],"replies":[{"embeddable":true,"href":"https:\/\/www.europesays.com\/es\/wp-json\/wp\/v2\/comments?post=299444"}],"version-history":[{"count":0,"href":"https:\/\/www.europesays.com\/es\/wp-json\/wp\/v2\/posts\/299444\/revisions"}],"wp:featuredmedia":[{"embeddable":true,"href":"https:\/\/www.europesays.com\/es\/wp-json\/wp\/v2\/media\/299445"}],"wp:attachment":[{"href":"https:\/\/www.europesays.com\/es\/wp-json\/wp\/v2\/media?parent=299444"}],"wp:term":[{"taxonomy":"category","embeddable":true,"href":"https:\/\/www.europesays.com\/es\/wp-json\/wp\/v2\/categories?post=299444"},{"taxonomy":"post_tag","embeddable":true,"href":"https:\/\/www.europesays.com\/es\/wp-json\/wp\/v2\/tags?post=299444"}],"curies":[{"name":"wp","href":"https:\/\/api.w.org\/{rel}","templated":true}]}}