{"id":299452,"date":"2025-12-21T10:18:10","date_gmt":"2025-12-21T10:18:10","guid":{"rendered":"https:\/\/www.europesays.com\/es\/299452\/"},"modified":"2025-12-21T10:18:10","modified_gmt":"2025-12-21T10:18:10","slug":"el-barca-viajo-a-castellon-sin-christensen-por-lesion","status":"publish","type":"post","link":"https:\/\/www.europesays.com\/es\/299452\/","title":{"rendered":"El Bar\u00e7a viaj\u00f3 a Castell\u00f3n sin Christensen por lesi\u00f3n"},"content":{"rendered":"<p>                        El central sufri\u00f3 un percance fortuito al final del entrenamiento y este domingo se le practicar\u00e1n pruebas para determinar su alcance\n<\/p>\n<p><img src=\"https:\/\/www.mundodeportivo.com\/files\/image_449_220\/files\/fp\/uploads\/2025\/12\/17\/6941e99b02e25.r_d.803-523.jpeg\" data-full-src=\"https:\/\/www.europesays.com\/es\/wp-content\/uploads\/2025\/12\/6941e99b02e25.jpeg\" alt=\"Andreas Christensen fue clave para ganar en Guadalajara\" width=\"449\" height=\"220\" class=\"nolazy\" decoding=\"async\" fetchpriority=\"high\"\/><\/p>\n<p class=\"caption-title \">Andreas Christensen fue clave para ganar en Guadalajara<\/p>\n<p>EFE<\/p>\n<p>                <img loading=\"lazy\" decoding=\"async\" width=\"60\" height=\"60\" alt=\"El Bar\u00e7a viaj\u00f3 a Castell\u00f3n sin Christensen por lesi\u00f3n\" title=\"\" src=\"\/files\/image_60_60\/uploads\/2022\/03\/01\/621e95037c08f.png\" class=\"lazy\"\/><\/p>\n<p>\n                        Actualizado a  20\/12\/2025 23:18 CET\n                    <\/p>\n<p data-gtm-element-container=\"modulo-texto-link\" class=\"paragraph\">Nuevo percance para <strong>Hansi Flick<\/strong>. Despu\u00e9s de confirmar que <strong>Pedri<\/strong> no estar\u00e1 ante el Villarreal por molestias en los isquiotibiales, el t\u00e9cnico alem\u00e1n no podr\u00e1 contar con <strong>Christensen.<\/strong> El central no ha llegado a viajar con el equipo por un contratiempo f\u00edsico del que no se conocen detalles, aunque se apunta que podr\u00eda ser por molestias en una rodilla.<\/p>\n<p data-gtm-element-container=\"modulo-texto-link\" class=\"paragraph\">El <strong>Bar\u00e7a<\/strong> no ha informado de momento la causa del percance. Fuentes del club azulgrana han explicado a MD que el defensa sufri\u00f3 un percance al acabar el entrenamiento \u00abde manera totalmente fortuita\u00bb y que a lo largo de este domingo se le realizar\u00e1n diversas pruebas. Por deseo del jugador, que fue uno de los destacados en el partido de <strong>Copa<\/strong> ante el <strong>Guadalajara<\/strong>, no se ha informado del motivo, aunque en TV3 se habla de molestias en una rodilla.<\/p>\n<p>    Lee tambi\u00e9n<\/p>\n<p data-gtm-element-container=\"modulo-texto-link\" class=\"paragraph\">El equipo ya se encuentra en su hotel de concentraci\u00f3n en <strong>Castell\u00f3n.<\/strong> No ha habido lista de convocados pero Tommy Marqu\u00e9s ha vuelto a entrar en la convocatoria, como ya hizo en los cuatro \u00faltimos encuentros de <strong>LaLiga <\/strong>y en el de la <strong>Copa del Rey<\/strong>.\u00a0<\/p>\n<p data-gtm-element-container=\"modulo-texto-link\" class=\"paragraph\">\u00a0 \u00a0<\/p>\n<p>\n        Mostrar comentarios\n    <\/p>\n<p>{\u00aballowComment\u00bb:\u00bballowed\u00bb,\u00bbarticleId\u00bb:\u00bbarticle-1002590318&#8243;,\u00bburl\u00bb:\u00bbhttps:\\\/\\\/www.mundodeportivo.com\\\/futbol\\\/fc-barcelona\\\/20251220\\\/1002590318\\\/barca-esta-castellon-christensen.html\u00bb,\u00bblivefyre-url\u00bb:\u00bbarticle-1002590318&#8243;}<\/p>\n<p>Cargando siguiente contenido&#8230;\n                <\/p>\n","protected":false},"excerpt":{"rendered":"El central sufri\u00f3 un percance fortuito al final del entrenamiento y este domingo se le practicar\u00e1n pruebas para&hellip;\n","protected":false},"author":2,"featured_media":299453,"comment_status":"","ping_status":"","sticky":false,"template":"","format":"standard","meta":{"footnotes":""},"categories":[268],"tags":[168,25,24,280,282,281,23,167],"class_list":{"0":"post-299452","1":"post","2":"type-post","3":"status-publish","4":"format-standard","5":"has-post-thumbnail","7":"category-futbol","8":"tag-deportes","9":"tag-es","10":"tag-espana","11":"tag-football","12":"tag-futbol","13":"tag-soccer","14":"tag-spain","15":"tag-sports"},"share_on_mastodon":{"url":"https:\/\/pubeurope.com\/@es\/115757050842677224","error":""},"_links":{"self":[{"href":"https:\/\/www.europesays.com\/es\/wp-json\/wp\/v2\/posts\/299452","targetHints":{"allow":["GET"]}}],"collection":[{"href":"https:\/\/www.europesays.com\/es\/wp-json\/wp\/v2\/posts"}],"about":[{"href":"https:\/\/www.europesays.com\/es\/wp-json\/wp\/v2\/types\/post"}],"author":[{"embeddable":true,"href":"https:\/\/www.europesays.com\/es\/wp-json\/wp\/v2\/users\/2"}],"replies":[{"embeddable":true,"href":"https:\/\/www.europesays.com\/es\/wp-json\/wp\/v2\/comments?post=299452"}],"version-history":[{"count":0,"href":"https:\/\/www.europesays.com\/es\/wp-json\/wp\/v2\/posts\/299452\/revisions"}],"wp:featuredmedia":[{"embeddable":true,"href":"https:\/\/www.europesays.com\/es\/wp-json\/wp\/v2\/media\/299453"}],"wp:attachment":[{"href":"https:\/\/www.europesays.com\/es\/wp-json\/wp\/v2\/media?parent=299452"}],"wp:term":[{"taxonomy":"category","embeddable":true,"href":"https:\/\/www.europesays.com\/es\/wp-json\/wp\/v2\/categories?post=299452"},{"taxonomy":"post_tag","embeddable":true,"href":"https:\/\/www.europesays.com\/es\/wp-json\/wp\/v2\/tags?post=299452"}],"curies":[{"name":"wp","href":"https:\/\/api.w.org\/{rel}","templated":true}]}}