{"id":299460,"date":"2025-12-21T10:23:12","date_gmt":"2025-12-21T10:23:12","guid":{"rendered":"https:\/\/www.europesays.com\/es\/299460\/"},"modified":"2025-12-21T10:23:12","modified_gmt":"2025-12-21T10:23:12","slug":"james-hetfield-metallica-sorprende-recitando-una-de-las-historias-navidenas-mas-populares-de-todos-los-tiempos","status":"publish","type":"post","link":"https:\/\/www.europesays.com\/es\/299460\/","title":{"rendered":"James Hetfield (Metallica) sorprende recitando una de las historias navide\u00f1as m\u00e1s populares de todos los tiempos"},"content":{"rendered":"<p>En estas se\u00f1aladas fechas incluso los artistas suelen contagiarse de la magia de esta \u00e9poca del a\u00f1o y a veces nos ofrecen estampas poco habituales de ellos. Si hace unos d\u00edas nos hac\u00edamos eco del <strong><a target=\"_blank\" href=\"https:\/\/mariskalrock.com\/actualidad\/el-regalo-especial-de-brian-may-queen-a-tony-iommi-black-sabbath-las-navidades-se-han-adelantado\/\" rel=\"nofollow noopener\">regalo especial de Brian May (Queen) a Tony Iommi (Black Sabbath)<\/a><\/strong>, el frontman de <strong>Metallica<\/strong>, <strong>James Hetfield<\/strong>, ha sorprendido recientemente recitando una de las historias navide\u00f1as m\u00e1s populares de todos los tiempos. \u00bfAlguno se imagina a <strong>Papa Het <\/strong>de semejante guisa?<\/p>\n<p><strong>Metallica <\/strong>ha presentado una versi\u00f3n en formato de narraci\u00f3n del cl\u00e1sico cuento navide\u00f1o <strong>\u2018A Visit From St. Nicholas\u2019<\/strong>, tambi\u00e9n conocido como <strong>\u2018\u2019Twas The Night Before Christmas\u2019<\/strong>, o como dir\u00edamos en la lengua de Cervantes, <strong>\u201cLa noche antes de Navidad\u201d<\/strong>.<\/p>\n<p>La versi\u00f3n de <strong>Papa Het<\/strong> del poema de 1823 se estren\u00f3 en el canal de <strong>SiriusXM <\/strong>de <strong>Metallica<\/strong>, <strong><a target=\"_blank\" href=\"https:\/\/www.siriusxm.com\/channels\/maximum-metallica\" rel=\"nofollow noopener\">Maximum Metallica<\/a><\/strong>, con el mensaje: \u201cToma tu chocolate caliente y acom\u00f3date junto a la chimenea antes de tu larga siesta invernal para escuchar la lectura de \u2018\u2019Twas the Night Before Christmas\u2019 por Papa Het\u201d.<\/p>\n<p style=\"text-align: center;\">\n<p>Posteriormente apareci\u00f3 <strong><a target=\"_blank\" href=\"https:\/\/www.youtube.com\/watch?v=Dgm99GiIq4c\" rel=\"nofollow noopener\">un v\u00eddeo animado en YouTube<\/a><\/strong>, con <strong>Papa Het<\/strong> narrando el poema sobre una imagen festiva muy apropiada para estas fechas con una chimenea crepitante y calcetines navide\u00f1os con los nombres de los diferentes miembros de la banda.<\/p>\n<p>Aqu\u00ed te dejamos la traducci\u00f3n al castellano para que pilles mantita, te acurruques en el sof\u00e1 y escuches la caracter\u00edstica voz de <strong>James Hetfield<\/strong> en una tesitura poco habitual:<\/p>\n<p>\u201cEra la noche antes de Navidad, y en toda la casa<br \/>no se o\u00eda ni un ruido, ni siquiera un rat\u00f3n.<br \/>Los calcetines estaban colgados con cuidado junto a la chimenea,<br \/>con la esperanza de que pronto llegara San Nicol\u00e1s.<\/p>\n<p>Los ni\u00f1os dorm\u00edan profundamente, arropados en sus camas,<br \/>mientras en sus cabezas danzaban sue\u00f1os de dulces de az\u00facar.<br \/>Mam\u00e1 con su pa\u00f1uelo y yo con mi gorro<br \/>acab\u00e1bamos de acomodarnos para una larga siesta invernal.<\/p>\n<p>Cuando de pronto, en el jard\u00edn, se oy\u00f3 tal estr\u00e9pito<br \/>que salt\u00e9 de la cama para ver qu\u00e9 ocurr\u00eda.<br \/>Corr\u00ed a la ventana como un rel\u00e1mpago,<br \/>abr\u00ed de golpe las contraventanas y alc\u00e9 el postigo.<\/p>\n<p>La luna, sobre el pecho de la nieve reci\u00e9n ca\u00edda,<br \/>daba a los objetos de abajo un brillo como de mediod\u00eda.<br \/>Y entonces, ante mis ojos asombrados, \u00bfqu\u00e9 apareci\u00f3?<br \/>Un trineo diminuto y ocho peque\u00f1os renos,<br \/>con un conductor anciano, tan vivaz y ligero,<br \/>que al instante supe que era el mism\u00edsimo San Nicol\u00e1s.<\/p>\n<blockquote class=\"instagram-media\" style=\"background: #FFF; border: 0; border-radius: 3px; box-shadow: 0 0 1px 0 rgba(0,0,0,0.5),0 1px 10px 0 rgba(0,0,0,0.15); margin: 1px; max-width: 540px; min-width: 326px; padding: 0; width: calc(100% - 2px);\" data-instgrm-captioned=\"\" data-instgrm-permalink=\"https:\/\/www.instagram.com\/reel\/DSc-HqHF1Tf\/?utm_source=ig_embed&amp;utm_campaign=loading\" data-instgrm-version=\"14\">\n<\/blockquote>\n<p>M\u00e1s veloces que \u00e1guilas, sus corceles volaban,<br \/>y \u00e9l silbaba y gritaba, llam\u00e1ndolos por su nombre:<br \/>\u00a1Ahora, Dasher! \u00a1Ahora, Dancer! \u00a1Ahora, Prancer y Vixen!<br \/>\u00a1Vamos, Comet! \u00a1Vamos, Cupid! \u00a1Vamos, Donner y Blitzen!<br \/>\u00a1A la cima del p\u00f3rtico! \u00a1A lo alto del muro!<br \/>\u00a1Ahora, adelante! \u00a1Adelante! \u00a1Adelante todos!<\/p>\n<p>Como hojas secas que el hurac\u00e1n salvaje levanta<br \/>cuando encuentran un obst\u00e1culo, se alzan hacia el cielo,<br \/>as\u00ed volaron hasta el tejado de la casa,<br \/>con el trineo lleno de juguetes y San Nicol\u00e1s tambi\u00e9n.<\/p>\n<p>Y en un abrir y cerrar de ojos, o\u00ed sobre el techo<br \/>el trote y el golpeteo de cada peque\u00f1o casco.<br \/>Mientras apartaba la cabeza y me daba la vuelta,<br \/>por la chimenea baj\u00f3 San Nicol\u00e1s de un salto.<\/p>\n<p>Vest\u00eda todo de pieles, de la cabeza a los pies,<br \/>y su ropa estaba manchada de ceniza y holl\u00edn.<br \/>Un fardo de juguetes llevaba a la espalda,<br \/>y parec\u00eda un buhonero abriendo su saco.<\/p>\n<p>\u00a1Sus ojos c\u00f3mo brillaban! \u00a1Sus hoyuelos, qu\u00e9 alegres!<br \/>Las mejillas como rosas, la nariz como una cereza.<br \/>Su graciosa boquita se curvaba como un arco,<br \/>y la barba de su ment\u00f3n era blanca como la nieve.<\/p>\n<p>Sujeta entre los dientes llevaba la cazoleta de una pipa,<br \/>y el humo rodeaba su cabeza como una corona.<br \/>Ten\u00eda la cara ancha y una barriguita redonda<br \/>que se mov\u00eda al re\u00edr, como un cuenco lleno de gelatina.<\/p>\n<p>Era rechoncho y regordete, un elfo viejo y jovial,<br \/>y no pude evitar re\u00edrme al verlo.<br \/>Un gui\u00f1o de su ojo y un gesto con la cabeza<br \/>me hicieron saber enseguida que no ten\u00eda nada que temer.<\/p>\n<p>No dijo ni una palabra, fue directo a su trabajo,<br \/>llen\u00f3 todos los calcetines y luego se gir\u00f3 de golpe.<br \/>Se llev\u00f3 un dedo al lado de la nariz,<br \/>asinti\u00f3 con la cabeza y subi\u00f3 por la chimenea.<\/p>\n<p>Salt\u00f3 a su trineo, dio un silbido a su equipo,<br \/>y se fueron volando como la pelusa de un cardo.<br \/>Pero lo o\u00ed exclamar mientras se perd\u00eda de vista:<br \/>\u201c\u00a1Feliz Navidad a todos y buenas noches!\u201d. Feliz Navidad a todo el mundo\u201d.<\/p>\n<p>                         <a target=\"_blank\" href=\"http:\/\/\/\/mariskalrock.com\/author\/alfredo-villaescusa\" class=\"url\" title=\"Alfredo Villaescusa\" rel=\"nofollow\"> <img loading=\"lazy\" decoding=\"async\" alt=\"Alfredo Villaescusa\" src=\"https:\/\/www.europesays.com\/es\/wp-content\/uploads\/2025\/12\/1766312592_938_530a443b1b382213cd8904d80e5db5b65050f07dbbdf467c1fe992f8b069826e\"  class=\"avatar avatar-250 photo\" height=\"250\" width=\"250\"\/><\/a> <\/p>\n<p>Eclecticismo en vena. No hay nadie que no dispare el viernes por la noche, ni hay quien esquive los disparos.<\/p>\n<p> <a href=\"http:\/\/\/\/mariskalrock.com\/author\/alfredo-villaescusa\" class=\"url\" target=\"_blank\" title=\"Alfredo Villaescusa\" rel=\"nofollow\"><img loading=\"lazy\" decoding=\"async\" alt=\"Alfredo Villaescusa\" src=\"https:\/\/www.europesays.com\/es\/wp-content\/uploads\/2025\/12\/1766312592_938_530a443b1b382213cd8904d80e5db5b65050f07dbbdf467c1fe992f8b069826e\"  class=\"avatar avatar-250 photo\" height=\"250\" width=\"250\"\/><\/a>\u00daltimas entradas de Alfredo Villaescusa (<a target=\"_blank\" href=\"https:\/\/mariskalrock.com\/author\/alfredo-villaescusa\/\" rel=\"nofollow noopener\">ver todo<\/a>)  <\/p>\n<p>\t\t\t\t<script async src=\"\/\/www.instagram.com\/embed.js\"><\/script><\/p>\n","protected":false},"excerpt":{"rendered":"En estas se\u00f1aladas fechas incluso los artistas suelen contagiarse de la magia de esta \u00e9poca del a\u00f1o y&hellip;\n","protected":false},"author":2,"featured_media":299461,"comment_status":"","ping_status":"","sticky":false,"template":"","format":"standard","meta":{"footnotes":""},"categories":[170],"tags":[146,147,25,24,39619,479,4622,184,185,23],"class_list":{"0":"post-299460","1":"post","2":"type-post","3":"status-publish","4":"format-standard","5":"has-post-thumbnail","7":"category-musica","8":"tag-entertainment","9":"tag-entretenimiento","10":"tag-es","11":"tag-espana","12":"tag-james-hetfield","13":"tag-metallica","14":"tag-mr2022","15":"tag-music","16":"tag-musica","17":"tag-spain"},"share_on_mastodon":{"url":"https:\/\/pubeurope.com\/@es\/115757070014230559","error":""},"_links":{"self":[{"href":"https:\/\/www.europesays.com\/es\/wp-json\/wp\/v2\/posts\/299460","targetHints":{"allow":["GET"]}}],"collection":[{"href":"https:\/\/www.europesays.com\/es\/wp-json\/wp\/v2\/posts"}],"about":[{"href":"https:\/\/www.europesays.com\/es\/wp-json\/wp\/v2\/types\/post"}],"author":[{"embeddable":true,"href":"https:\/\/www.europesays.com\/es\/wp-json\/wp\/v2\/users\/2"}],"replies":[{"embeddable":true,"href":"https:\/\/www.europesays.com\/es\/wp-json\/wp\/v2\/comments?post=299460"}],"version-history":[{"count":0,"href":"https:\/\/www.europesays.com\/es\/wp-json\/wp\/v2\/posts\/299460\/revisions"}],"wp:featuredmedia":[{"embeddable":true,"href":"https:\/\/www.europesays.com\/es\/wp-json\/wp\/v2\/media\/299461"}],"wp:attachment":[{"href":"https:\/\/www.europesays.com\/es\/wp-json\/wp\/v2\/media?parent=299460"}],"wp:term":[{"taxonomy":"category","embeddable":true,"href":"https:\/\/www.europesays.com\/es\/wp-json\/wp\/v2\/categories?post=299460"},{"taxonomy":"post_tag","embeddable":true,"href":"https:\/\/www.europesays.com\/es\/wp-json\/wp\/v2\/tags?post=299460"}],"curies":[{"name":"wp","href":"https:\/\/api.w.org\/{rel}","templated":true}]}}