{"id":299466,"date":"2025-12-21T10:26:14","date_gmt":"2025-12-21T10:26:14","guid":{"rendered":"https:\/\/www.europesays.com\/es\/299466\/"},"modified":"2025-12-21T10:26:14","modified_gmt":"2025-12-21T10:26:14","slug":"la-ocde-alerta-de-los-efectos-del-cambio-climatico-en-la-salud-se-ha-convertido-en-una-emergencia-sanitaria","status":"publish","type":"post","link":"https:\/\/www.europesays.com\/es\/299466\/","title":{"rendered":"La OCDE alerta de los efectos del cambio clim\u00e1tico en la salud: \u00bfse ha convertido en una emergencia sanitaria?"},"content":{"rendered":"<p class=\"p1\">Las <a href=\"https:\/\/www.consalud.es\/pacientes\/oscc-lanza-una-guia-clave-para-advertir-de-los-riesgos-del-calor-extremo-y-proteger-la-salud-publica.html\" rel=\"nofollow noopener\" target=\"_blank\">altas temperaturas<\/a> ya no son solo una cuesti\u00f3n ambiental o clim\u00e1tica, sino un problema sanitario de primer orden con efectos directos sobre los sistemas de salud. As\u00ed lo confirma el \u00faltimo informe de la <a href=\"https:\/\/www.consalud.es\/pacientes\/la-ocde-alerta-la-prevencion-y-el-cribado-de-las-enfermedades-cardiovasculares-en-la-ue-es-insuficiente.html\" rel=\"nofollow noopener\" target=\"_blank\"><strong>Organizaci\u00f3n para la Cooperaci\u00f3n y el Desarrollo Econ\u00f3mico (OCDE)<\/strong><\/a>, titulado \u2018\u00bfC\u00f3mo afectan las altas temperaturas a los resultados de salud, a los sistemas de salud y a los costos de los mismos?\u2019, que analiza de forma sistem\u00e1tica el impacto del calor extremo sobre las visitas a urgencias, las hospitalizaciones y los costes asociados. El estudio se apoya en <strong>datos hospitalarios de 16 pa\u00edses miembros<\/strong> y constituye, seg\u00fan la propia OCDE, el primer an\u00e1lisis internacional que vincula registros sanitarios con datos de temperatura localizados y de alta frecuencia, lo que permite observar con mayor precisi\u00f3n c\u00f3mo el calentamiento global se traduce en presi\u00f3n asistencial concreta.<\/p>\n<p><a href=\"https:\/\/www.consalud.es\/web\/assets\/contenedores\/banners\/banner_control_de_clicks.php?id=31\" target=\"_blank\" title=\"Pulse aqu\u00ed\" rel=\"nofollow noopener\"><img loading=\"lazy\" decoding=\"async\" src=\"https:\/\/www.europesays.com\/es\/wp-content\/uploads\/2025\/09\/media-31.jpg\" width=\"300\" height=\"250\" alt=\"Pulse aqu\u00ed\"\/><\/a><\/p>\n<p class=\"p1\">Uno de los principales hallazgos del informe es que<strong> las visitas a los servicios de urgencias y los ingresos hospitalarios por afecciones sensibles al calor han aumentado<\/strong> de manera sostenida durante la \u00faltima d\u00e9cada. Este crecimiento no es homog\u00e9neo entre pa\u00edses, pero s\u00ed lo suficientemente consistente como para evidenciar una tendencia estructural. A medida que las olas de calor se vuelven m\u00e1s frecuentes, intensas y prolongadas, los sistemas sanitarios reciben un n\u00famero creciente de pacientes con cuadros directamente relacionados con el calor, como golpes de calor, deshidrataci\u00f3n, fiebre o alteraciones renales, pero tambi\u00e9n con enfermedades cr\u00f3nicas agravadas por las altas temperaturas.<\/p>\n<p class=\"p1\">Desde el punto de vista sanitario, el informe subraya que el calor act\u00faa como un factor multiplicador de riesgos. Las altas temperaturas provocan estr\u00e9s t\u00e9rmico directo, dificultan la regulaci\u00f3n corporal y favorecen la deshidrataci\u00f3n, pero tambi\u00e9n <strong>empeoran patolog\u00edas cardiovasculares, respiratorias y renales preexistentes.<\/strong> Este efecto es especialmente acusado en los grupos m\u00e1s vulnerables, como las personas mayores, los ni\u00f1os y quienes padecen enfermedades cr\u00f3nicas. La consecuencia es un aumento de las urgencias y de los ingresos hospitalarios que no responde a episodios aislados, sino a un patr\u00f3n cada vez m\u00e1s frecuente asociado al cambio clim\u00e1tico.<\/p>\n<p><a href=\"https:\/\/www.consalud.es\/web\/assets\/contenedores\/banners\/banner_control_de_clicks.php?id=80\" target=\"_blank\" title=\"Pulse aqu\u00ed\" rel=\"nofollow noopener\"><img loading=\"lazy\" decoding=\"async\" src=\"https:\/\/www.europesays.com\/es\/wp-content\/uploads\/2025\/12\/media-80.gif\" width=\"300\" height=\"250\" alt=\"Pulse aqu\u00ed\"\/><\/a><\/p>\n<p class=\"p1\">El informe de la OCDE cuantifica tambi\u00e9n los costes hospitalarios directos derivados del <strong>aumento de la actividad asistencial durante los periodos de calor extremo<\/strong>. Estos costes var\u00edan de forma notable entre pa\u00edses, pero en todos los casos representan una carga adicional para unos sistemas de salud ya tensionados por el envejecimiento de la poblaci\u00f3n y la escasez de recursos. La OCDE advierte adem\u00e1s de que estas cifras probablemente subestiman el coste real, ya que el an\u00e1lisis solo incluye un conjunto limitado de diagn\u00f3sticos directamente atribuibles al calor.<\/p>\n<blockquote><p>&#13;<\/p>\n<p class=\"p1\">La interrupci\u00f3n de la actividad laboral, las bajas m\u00e9dicas y la menor capacidad de trabajo durante episodios de calor extremo tienen un efecto acumulativo que afecta tanto a la econom\u00eda como al bienestar social<\/p>\n<p>&#13;\n<\/p><\/blockquote>\n<p class=\"p1\">A estos costes sanitarios se suman <strong>las p\u00e9rdidas de productividad asociadas a las visitas a urgencias y a las hospitalizaciones<\/strong>. Aunque el informe se\u00f1ala que este componente econ\u00f3mico es menor en comparaci\u00f3n con el gasto hospitalario directo, sigue siendo relevante desde una perspectiva macroecon\u00f3mica. La interrupci\u00f3n de la actividad laboral, las bajas m\u00e9dicas y la menor capacidad de trabajo durante episodios de calor extremo tienen un efecto acumulativo que afecta tanto a la econom\u00eda como al bienestar social, especialmente en pa\u00edses con climas cada vez m\u00e1s c\u00e1lidos.<\/p>\n<p>GRANDES DIFERENCIAS ENTRE PA\u00cdSES<\/p>\n<p class=\"p1\">El an\u00e1lisis comparado revela adem\u00e1s importantes diferencias entre pa\u00edses. Los efectos del calor sobre las hospitalizaciones <strong>son particularmente intensos en pa\u00edses del sur de Europa y del Mediterr\u00e1neo, como Espa\u00f1a y Portugal<\/strong>, pero tambi\u00e9n aparecen de forma significativa en pa\u00edses con climas tradicionalmente m\u00e1s templados, lo que indica que la adaptaci\u00f3n hist\u00f3rica al calor no es suficiente para contrarrestar el aumento reciente de las temperaturas. En algunos casos, la OCDE estima <strong>que la exposici\u00f3n a las temperaturas m\u00e1s altas puede generar hasta un 3,6% adicional de hospitalizaciones anuales<\/strong>, una cifra nada desde\u00f1able a escala nacional.<\/p>\n<p class=\"p1\">El informe tambi\u00e9n apunta a un problema estructural de preparaci\u00f3n de los sistemas sanitarios. Aunque muchos pa\u00edses disponen ya de datos hospitalarios detallados, estos no siempre se utilizan de forma sistem\u00e1tica para anticipar los efectos del calor extremo ni para planificar recursos. La OCDE subraya que mejorar la integraci\u00f3n entre datos sanitarios y meteorol\u00f3gicos permitir\u00eda <strong>detectar se\u00f1ales tempranas de estr\u00e9s asistencial, optimizar la asignaci\u00f3n de personal y recursos, y dise\u00f1ar estrategias de prevenci\u00f3n<\/strong> m\u00e1s eficaces frente a episodios de calor.<\/p>\n<blockquote><p>&#13;<\/p>\n<p class=\"p1\">Los\u00a0costes sanitarios asociados al calor podr\u00edan incrementarse entre un 15% y un 20% en algunos pa\u00edses de aqu\u00ed a 2050<\/p>\n<p>&#13;\n<\/p><\/blockquote>\n<p class=\"p1\">De cara al futuro, el informe confirma que si las temperaturas contin\u00faan aumentando al ritmo actual, <strong>los costes sanitarios asociados al calor podr\u00edan incrementarse entre un 15% y un 20% en algunos pa\u00edses de aqu\u00ed a 2050<\/strong>. Estas estimaciones no incluyen factores como el envejecimiento poblacional ni la posible aparici\u00f3n de temperaturas sin precedentes, lo que sugiere que la presi\u00f3n real sobre los sistemas de salud podr\u00eda ser a\u00fan mayor si no se adoptan medidas de adaptaci\u00f3n ambiciosas.<\/p>\n<p class=\"p1\">En conjunto, el informe de la OCDE insiste en <strong>el cambio clim\u00e1tico es ya una emergencia sanitaria<\/strong>, no solo ambiental. El aumento de las temperaturas est\u00e1 teniendo efectos tangibles sobre la salud de la poblaci\u00f3n, sobre el funcionamiento de hospitales y servicios de urgencias y sobre las finanzas p\u00fablicas, indica el informe. Para la organizaci\u00f3n, la respuesta debe incluir pol\u00edticas inmediatas de adaptaci\u00f3n sanitaria, prevenci\u00f3n y uso inteligente de los datos disponibles para proteger a los sistemas de salud.<\/p>\n<p class=\"pie-articulo\">*Los contenidos de ConSalud est\u00e1n elaborados por periodistas especializados en salud y avalados por un comit\u00e9 de expertos de primer nivel. No obstante, recomendamos al lector que cualquier duda relacionada con la salud sea consultada con un profesional del \u00e1mbito sanitario.<\/p>\n","protected":false},"excerpt":{"rendered":"Las altas temperaturas ya no son solo una cuesti\u00f3n ambiental o clim\u00e1tica, sino un problema sanitario de primer&hellip;\n","protected":false},"author":2,"featured_media":299467,"comment_status":"","ping_status":"","sticky":false,"template":"","format":"standard","meta":{"footnotes":""},"categories":[92],"tags":[25,24,165,166,23],"class_list":{"0":"post-299466","1":"post","2":"type-post","3":"status-publish","4":"format-standard","5":"has-post-thumbnail","7":"category-salud","8":"tag-es","9":"tag-espana","10":"tag-health","11":"tag-salud","12":"tag-spain"},"share_on_mastodon":{"url":"https:\/\/pubeurope.com\/@es\/115757081389889479","error":""},"_links":{"self":[{"href":"https:\/\/www.europesays.com\/es\/wp-json\/wp\/v2\/posts\/299466","targetHints":{"allow":["GET"]}}],"collection":[{"href":"https:\/\/www.europesays.com\/es\/wp-json\/wp\/v2\/posts"}],"about":[{"href":"https:\/\/www.europesays.com\/es\/wp-json\/wp\/v2\/types\/post"}],"author":[{"embeddable":true,"href":"https:\/\/www.europesays.com\/es\/wp-json\/wp\/v2\/users\/2"}],"replies":[{"embeddable":true,"href":"https:\/\/www.europesays.com\/es\/wp-json\/wp\/v2\/comments?post=299466"}],"version-history":[{"count":0,"href":"https:\/\/www.europesays.com\/es\/wp-json\/wp\/v2\/posts\/299466\/revisions"}],"wp:featuredmedia":[{"embeddable":true,"href":"https:\/\/www.europesays.com\/es\/wp-json\/wp\/v2\/media\/299467"}],"wp:attachment":[{"href":"https:\/\/www.europesays.com\/es\/wp-json\/wp\/v2\/media?parent=299466"}],"wp:term":[{"taxonomy":"category","embeddable":true,"href":"https:\/\/www.europesays.com\/es\/wp-json\/wp\/v2\/categories?post=299466"},{"taxonomy":"post_tag","embeddable":true,"href":"https:\/\/www.europesays.com\/es\/wp-json\/wp\/v2\/tags?post=299466"}],"curies":[{"name":"wp","href":"https:\/\/api.w.org\/{rel}","templated":true}]}}